{"id":99285,"date":"2022-06-02T14:51:48","date_gmt":"2022-06-02T12:51:48","guid":{"rendered":"https:\/\/www.24zabrze.pl\/wiadomosci\/?p=99285"},"modified":"2022-06-02T14:51:48","modified_gmt":"2022-06-02T12:51:48","slug":"peleton-cyklistow-zjawi-sie-na-placu-wolnosci-przed-nami-slaskie-swieto-rowerzysty","status":"publish","type":"post","link":"https:\/\/www.24zabrze.pl\/wiadomosci\/peleton-cyklistow-zjawi-sie-na-placu-wolnosci-przed-nami-slaskie-swieto-rowerzysty\/","title":{"rendered":"Peleton cyklist\u00f3w zjawi si\u0119 na placu Wolno\u015bci. Przed nami \u015al\u0105skie \u015awi\u0119to Rowerzysty"},"content":{"rendered":"<div class=\"zabrz-a6-z-nad-leadem-artykulow zabrz-entity-placement\" id=\"zabrz-2282905216\"><div class=\"zabrz-adlabel\"><span style=\"font-size: 9px\">REKLAMA<\/span><\/div><div id=\"zabrz-3705330106\" style=\"margin-bottom: 30px;margin-left: auto;margin-right: auto;text-align: center;\"><a data-no-instant=\"1\" href=\"https:\/\/dom100.eu\/\" rel=\"noopener\" class=\"a2t-link\" target=\"_blank\" aria-label=\"20260415 DOM100 D\"><img loading=\"lazy\" decoding=\"async\" src=\"https:\/\/www.24zabrze.pl\/wiadomosci\/wp-content\/uploads\/2026\/02\/20260415-DOM100-D.jpg\" alt=\"\"  srcset=\"https:\/\/www.24zabrze.pl\/wiadomosci\/wp-content\/uploads\/2026\/02\/20260415-DOM100-D.jpg 750w, https:\/\/www.24zabrze.pl\/wiadomosci\/wp-content\/uploads\/2026\/02\/20260415-DOM100-D-410x109.jpg 410w\" sizes=\"(max-width: 750px) 100vw, 750px\" class=\"no-lazyload\" width=\"750\" height=\"200\"  style=\"display: inline-block; max-width: 100%; height: auto;\" \/><\/a><\/div><\/div><h2>Zbli\u017ca si\u0119 \u015al\u0105skie \u015awi\u0119to Rowerzysty. 12 czerwca (niedziela) peleton cyklist\u00f3w wyruszy z Rynku w Katowicach by uda\u0107 si\u0119 w stron\u0119 Gliwic, po drodze zahaczaj\u0105c o charakterystyczne punkty mijanych miast. Zatrzyma si\u0119 wi\u0119c w Chorzowie, Bytomiu i w Zabrzu.<\/h2>\n<p>Ca\u0142o\u015b\u0107 trasy to 43 km, przebiega w wi\u0119kszo\u015bci ulicami aglomeracji, cz\u0119\u015b\u0107 przez szutrowy szlak Rezerwatu \u017babie Do\u0142y. Udzia\u0142 w imprezie jest bezp\u0142atny. Wymagane s\u0105 uprawnienia do kierowania rowerem. <\/p><div class=\"zabrz-a3-z-w-tresci-artykulow zabrz-entity-placement\" id=\"zabrz-710987410\"><div class=\"zabrz-adlabel\"><span style=\"font-size: 9px\">REKLAMA<\/span><\/div><div id=\"zabrz-3660946564\" style=\"margin-bottom: 40px;margin-left: auto;margin-right: auto;text-align: center;\"><a data-no-instant=\"1\" href=\"https:\/\/ogrodyandersa.pl\/\" rel=\"noopener\" class=\"a2t-link\" target=\"_blank\" aria-label=\"20260415 Ogrody Andersa WYBIERZ MIESZKANIE D\"><img loading=\"lazy\" decoding=\"async\" src=\"https:\/\/www.24zabrze.pl\/wiadomosci\/wp-content\/uploads\/2026\/02\/20260415-Ogrody-Andersa-WYBIERZ-MIESZKANIE-D.jpg\" alt=\"\"  srcset=\"https:\/\/www.24zabrze.pl\/wiadomosci\/wp-content\/uploads\/2026\/02\/20260415-Ogrody-Andersa-WYBIERZ-MIESZKANIE-D.jpg 750w, https:\/\/www.24zabrze.pl\/wiadomosci\/wp-content\/uploads\/2026\/02\/20260415-Ogrody-Andersa-WYBIERZ-MIESZKANIE-D-410x109.jpg 410w\" sizes=\"(max-width: 750px) 100vw, 750px\" class=\"no-lazyload\" width=\"750\" height=\"200\"  style=\"display: inline-block; max-width: 100%; height: auto;\" \/><\/a><\/div><\/div>\n<h4>Program:<\/h4>\n<ul>\n<li>10:00 &#8211; Katowice, Rynek &#8211; uformowanie kolumny i rozpocz\u0119cie przejazdu;<\/li>\n<li>10:35 &#8211; 10:45 &#8211; Chorz\u00f3w, Park \u015al\u0105ski &#8211; post\u00f3j (&#8220;Kapelusz&#8221; \/ Kana\u0142 Regatowy);<\/li>\n<li>11:45 &#8211; 12:00 &#8211; Bytom, Rynek &#8211; post\u00f3j;<\/li>\n<li>13:05 &#8211; 13:15 &#8211; Zabrze, Plac Wolno\u015bci &#8211; post\u00f3j;<\/li>\n<li>14:30 &#8211; Gliwice, Rynek &#8211; zako\u0144czenie imprezy, powr\u00f3t do domu we w\u0142asnym zakresie.<\/li>\n<\/ul>\n<h4>ZABRZE &#8211; UTRUDNIENIA NA DRODZE<\/h4>\n<p>Uwaga kierowcy: ze wzgl\u0119du na przejazd du\u017cej grupy rowerzyst\u00f3w mo\u017cliwe s\u0105 utrudnienia w ruchu na ulicach: <strong>Bytomska, Religi, Powsta\u0144c\u00f3w \u015al\u0105skich, plac Wolno\u015bci, Wolno\u015bci<\/strong> w dniu 12 czerwca w godzinach 12:30-13:30.<\/p>\n<p><a href=\"https:\/\/www.24zabrze.pl\/wiadomosci\/wp-content\/uploads\/2022\/06\/slaskie-swieto-rowerzysty.jpg\"><img loading=\"lazy\" decoding=\"async\" src=\"https:\/\/www.24zabrze.pl\/wiadomosci\/wp-content\/uploads\/2022\/06\/slaskie-swieto-rowerzysty.jpg\" alt=\"\" width=\"810\" height=\"437\" class=\"alignnone size-full wp-image-99291\" srcset=\"https:\/\/www.24zabrze.pl\/wiadomosci\/wp-content\/uploads\/2022\/06\/slaskie-swieto-rowerzysty.jpg 810w, https:\/\/www.24zabrze.pl\/wiadomosci\/wp-content\/uploads\/2022\/06\/slaskie-swieto-rowerzysty-410x221.jpg 410w, https:\/\/www.24zabrze.pl\/wiadomosci\/wp-content\/uploads\/2022\/06\/slaskie-swieto-rowerzysty-768x414.jpg 768w\" sizes=\"auto, (max-width: 810px) 100vw, 810px\" \/><\/a><\/p>\n<p><a href=\"https:\/\/www.facebook.com\/SwietoRowerzysty\/\" rel=\"noopener\" target=\"_blank\">Wydarzenie w serwisie facebook.com &#8211; kliknij tu. <\/a><br \/>\n(\u017cms)<br \/>\nfot. mat. organizatora<\/p>\n","protected":false},"excerpt":{"rendered":"<p>Zbli\u017ca si\u0119 \u015al\u0105skie \u015awi\u0119to Rowerzysty. 12 czerwca (niedziela) peleton cyklist\u00f3w wyruszy z Rynku w Katowicach by uda\u0107 si\u0119 w stron\u0119 Gliwic, po drodze zahaczaj\u0105c o charakterystyczne punkty mijanych miast. Zatrzyma si\u0119 wi\u0119c w Chorzowie, Bytomiu i w Zabrzu. Ca\u0142o\u015b\u0107 trasy to 43 km, przebiega w wi\u0119kszo\u015bci ulicami aglomeracji, cz\u0119\u015b\u0107 przez szutrowy szlak Rezerwatu \u017babie Do\u0142y. [&hellip;]<\/p>\n","protected":false},"author":17,"featured_media":99289,"comment_status":"closed","ping_status":"closed","sticky":false,"template":"","format":"standard","meta":{"_monsterinsights_skip_tracking":false,"_monsterinsights_sitenote_active":false,"_monsterinsights_sitenote_note":"","_monsterinsights_sitenote_category":0,"footnotes":"","_links_to":"","_links_to_target":""},"categories":[1],"tags":[],"class_list":["post-99285","post","type-post","status-publish","format-standard","has-post-thumbnail","hentry","category-wszystko"],"_links":{"self":[{"href":"https:\/\/www.24zabrze.pl\/wiadomosci\/wp-json\/wp\/v2\/posts\/99285","targetHints":{"allow":["GET"]}}],"collection":[{"href":"https:\/\/www.24zabrze.pl\/wiadomosci\/wp-json\/wp\/v2\/posts"}],"about":[{"href":"https:\/\/www.24zabrze.pl\/wiadomosci\/wp-json\/wp\/v2\/types\/post"}],"author":[{"embeddable":true,"href":"https:\/\/www.24zabrze.pl\/wiadomosci\/wp-json\/wp\/v2\/users\/17"}],"replies":[{"embeddable":true,"href":"https:\/\/www.24zabrze.pl\/wiadomosci\/wp-json\/wp\/v2\/comments?post=99285"}],"version-history":[{"count":0,"href":"https:\/\/www.24zabrze.pl\/wiadomosci\/wp-json\/wp\/v2\/posts\/99285\/revisions"}],"wp:featuredmedia":[{"embeddable":true,"href":"https:\/\/www.24zabrze.pl\/wiadomosci\/wp-json\/wp\/v2\/media\/99289"}],"wp:attachment":[{"href":"https:\/\/www.24zabrze.pl\/wiadomosci\/wp-json\/wp\/v2\/media?parent=99285"}],"wp:term":[{"taxonomy":"category","embeddable":true,"href":"https:\/\/www.24zabrze.pl\/wiadomosci\/wp-json\/wp\/v2\/categories?post=99285"},{"taxonomy":"post_tag","embeddable":true,"href":"https:\/\/www.24zabrze.pl\/wiadomosci\/wp-json\/wp\/v2\/tags?post=99285"}],"curies":[{"name":"wp","href":"https:\/\/api.w.org\/{rel}","templated":true}]}}