{"id":99241,"date":"2022-06-01T13:33:35","date_gmt":"2022-06-01T11:33:35","guid":{"rendered":"https:\/\/www.24zabrze.pl\/wiadomosci\/?p=99241"},"modified":"2022-06-01T13:33:35","modified_gmt":"2022-06-01T11:33:35","slug":"kompleksowa-diagnostyka-i-leczenie-chorych-na-stwardnienie-rozsiane-to-pierwszy-taki-osrodek-w-kraju","status":"publish","type":"post","link":"https:\/\/www.24zabrze.pl\/wiadomosci\/kompleksowa-diagnostyka-i-leczenie-chorych-na-stwardnienie-rozsiane-to-pierwszy-taki-osrodek-w-kraju\/","title":{"rendered":"Kompleksowa diagnostyka i leczenie chorych na stwardnienie rozsiane. To pierwszy taki o\u015brodek w kraju"},"content":{"rendered":"<div class=\"zabrz-a6-z-nad-leadem-artykulow zabrz-entity-placement\" id=\"zabrz-1011458669\"><div class=\"zabrz-adlabel\"><span style=\"font-size: 9px\">REKLAMA<\/span><\/div><div id=\"zabrz-166297372\" style=\"margin-bottom: 30px;margin-left: auto;margin-right: auto;text-align: center;\"><a data-no-instant=\"1\" href=\"https:\/\/dom100.eu\/\" rel=\"noopener\" class=\"a2t-link\" target=\"_blank\" aria-label=\"20260415 DOM100 D\"><img loading=\"lazy\" decoding=\"async\" src=\"https:\/\/www.24zabrze.pl\/wiadomosci\/wp-content\/uploads\/2026\/02\/20260415-DOM100-D.jpg\" alt=\"\"  srcset=\"https:\/\/www.24zabrze.pl\/wiadomosci\/wp-content\/uploads\/2026\/02\/20260415-DOM100-D.jpg 750w, https:\/\/www.24zabrze.pl\/wiadomosci\/wp-content\/uploads\/2026\/02\/20260415-DOM100-D-410x109.jpg 410w\" sizes=\"(max-width: 750px) 100vw, 750px\" class=\"no-lazyload\" width=\"750\" height=\"200\"  style=\"display: inline-block; max-width: 100%; height: auto;\" \/><\/a><\/div><\/div><h2>Przy Szpitalu Klinicznym nr 1 \u015al\u0105skiego Uniwersytetu Medycznego w Zabrzu powstaje pierwsze w Polsce Centrum Kompleksowej Diagnostyki i Leczenia Chorych na Stwardnienie Rozsiane. Licz\u0105cy 1000 m\u00b2 o\u015brodek b\u0119dzie rocznie przyjmowa\u0142 nawet 3 tys. pacjent\u00f3w.<\/h2>\n<p>Otwarcie nowej plac\u00f3wki zaplanowano na jesie\u0144 tego roku.<\/p><div class=\"zabrz-a3-z-w-tresci-artykulow zabrz-entity-placement\" id=\"zabrz-4181724522\"><div class=\"zabrz-adlabel\"><span style=\"font-size: 9px\">REKLAMA<\/span><\/div><div id=\"zabrz-4106887767\" style=\"margin-bottom: 40px;margin-left: auto;margin-right: auto;text-align: center;\"><a data-no-instant=\"1\" href=\"https:\/\/ogrodyandersa.pl\/\" rel=\"noopener\" class=\"a2t-link\" target=\"_blank\" aria-label=\"20260415 Ogrody Andersa WYBIERZ MIESZKANIE D\"><img loading=\"lazy\" decoding=\"async\" src=\"https:\/\/www.24zabrze.pl\/wiadomosci\/wp-content\/uploads\/2026\/02\/20260415-Ogrody-Andersa-WYBIERZ-MIESZKANIE-D.jpg\" alt=\"\"  srcset=\"https:\/\/www.24zabrze.pl\/wiadomosci\/wp-content\/uploads\/2026\/02\/20260415-Ogrody-Andersa-WYBIERZ-MIESZKANIE-D.jpg 750w, https:\/\/www.24zabrze.pl\/wiadomosci\/wp-content\/uploads\/2026\/02\/20260415-Ogrody-Andersa-WYBIERZ-MIESZKANIE-D-410x109.jpg 410w\" sizes=\"(max-width: 750px) 100vw, 750px\" class=\"no-lazyload\" width=\"750\" height=\"200\"  style=\"display: inline-block; max-width: 100%; height: auto;\" \/><\/a><\/div><\/div>\n<p>\u2013 <em>To o\u015brodek, kt\u00f3ry powsta\u0142 w odpowiedzi na potrzeby i trendy og\u00f3lno\u015bwiatowe, bo wiemy, \u017ce obecnie podstaw\u0105 optymalnej organizacji opieki zdrowotnej s\u0105 \u201ecentra doskona\u0142o\u015bci\u201d nie tylko w neurologii, ale w og\u00f3le w medycynie<\/em> \u2013 m\u00f3wi prof. dr hab. n. med. i n. o zdr. <strong>Monika Adamczyk-Sowa<\/strong>. <\/p>\n<p>\u2013 <em>Dzi\u0119ki takiej organizacji i istnieniu takiego o\u015brodka, w kt\u00f3rym pracuje wysoko wyspecjalizowany personel i lekarski i piel\u0119gniarski, istnieje dost\u0119p do innych specjalist\u00f3w, kt\u00f3rzy s\u0105 potrzebni w tego typu opiece interdyscyplinarnej. To szczeg\u00f3lnie istotne dla pacjenta ze stwardnieniem rozsianym, gdzie wiemy, \u017ce ta interdyscyplinarno\u015b\u0107 jest konieczna<\/em> &#8211; dodaje. <\/p>\n<h4>Jak t\u0142umaczy prof. Monika Adamczyk-Sowa, nowy o\u015brodek Szpitala Klinicznego nr 1 w Zabrzu, to tak\u017ce dobrze zaplanowana opieka rehabilitacyjna oraz dost\u0119p do najnowszych metod diagnostycznych.<\/h4>\n<p>Pacjenci b\u0119d\u0105 mieli do dyspozycji wszystko w jednym miejscu \u2013 od doskona\u0142ych specjalist\u00f3w, do najnowocze\u015bniejszego sprz\u0119tu. O\u015brodek umo\u017cliwi szybk\u0105 diagnostyk\u0119, szybkie w\u0142\u0105czenie w\u0142a\u015bciwego, zindywidualizowanego leczenia i opiek\u0119 holistyczn\u0105, spersonalizowan\u0105 dla ka\u017cdego z pacjent\u00f3w. <\/p>\n<p>Jest to o\u015brodek, kt\u00f3ry opiera si\u0119 przede wszystkim na opiece ambulatoryjnej. Wpisuje si\u0119 to w najnowsze trendy zak\u0142adaj\u0105ce odchodzenie od hospitalizacji na rzecz leczenia w\u0142a\u015bnie w trybie ambulatoryjnym.<\/p>\n<h4>Nowoczesny budynek dedykowany b\u0119dzie przede wszystkim kr\u00f3tkoterminowej opiece ambulatoryjnej, ale do dyspozycji lekarzy b\u0119dzie tak\u017ce oddzia\u0142 \u0142\u00f3\u017ckowy, umo\u017cliwiaj\u0105cy ca\u0142odobow\u0105 hospitalizacj\u0119 pacjent\u00f3w.<\/h4>\n<p>O\u015brodek wyposa\u017cony zostanie w zaplecze diagnostyczne, m.in najnowocze\u015bniejszy rezonans magnetyczny. Zorganizowane zostan\u0105 sale do podawania lek\u00f3w w formie infuzji, umo\u017cliwiaj\u0105ce pacjentom leczenie w trybie jednego dnia \u2013 zar\u00f3wno w przypadku terapii rzut\u00f3w choroby, jak i w ramach leczenia immunomoduluj\u0105cego. B\u0119dzie tu tak\u017ce prowadzona rehabilitacja dzienna.<\/p>\n<p>(\u017cms)\/UM Zabrze<br \/>\nfot. UM Zabrze<\/p>\n","protected":false},"excerpt":{"rendered":"<p>Przy Szpitalu Klinicznym nr 1 \u015al\u0105skiego Uniwersytetu Medycznego w Zabrzu powstaje pierwsze w Polsce Centrum Kompleksowej Diagnostyki i Leczenia Chorych na Stwardnienie Rozsiane. Licz\u0105cy 1000 m\u00b2 o\u015brodek b\u0119dzie rocznie przyjmowa\u0142 nawet 3 tys. pacjent\u00f3w. Otwarcie nowej plac\u00f3wki zaplanowano na jesie\u0144 tego roku. \u2013 To o\u015brodek, kt\u00f3ry powsta\u0142 w odpowiedzi na potrzeby i trendy og\u00f3lno\u015bwiatowe, bo [&hellip;]<\/p>\n","protected":false},"author":17,"featured_media":99246,"comment_status":"closed","ping_status":"closed","sticky":false,"template":"","format":"standard","meta":{"_monsterinsights_skip_tracking":false,"_monsterinsights_sitenote_active":false,"_monsterinsights_sitenote_note":"","_monsterinsights_sitenote_category":0,"footnotes":"","_links_to":"","_links_to_target":""},"categories":[8,9,1],"tags":[],"class_list":["post-99241","post","type-post","status-publish","format-standard","has-post-thumbnail","hentry","category-referendum","category-stronaglowna","category-wszystko"],"_links":{"self":[{"href":"https:\/\/www.24zabrze.pl\/wiadomosci\/wp-json\/wp\/v2\/posts\/99241","targetHints":{"allow":["GET"]}}],"collection":[{"href":"https:\/\/www.24zabrze.pl\/wiadomosci\/wp-json\/wp\/v2\/posts"}],"about":[{"href":"https:\/\/www.24zabrze.pl\/wiadomosci\/wp-json\/wp\/v2\/types\/post"}],"author":[{"embeddable":true,"href":"https:\/\/www.24zabrze.pl\/wiadomosci\/wp-json\/wp\/v2\/users\/17"}],"replies":[{"embeddable":true,"href":"https:\/\/www.24zabrze.pl\/wiadomosci\/wp-json\/wp\/v2\/comments?post=99241"}],"version-history":[{"count":0,"href":"https:\/\/www.24zabrze.pl\/wiadomosci\/wp-json\/wp\/v2\/posts\/99241\/revisions"}],"wp:featuredmedia":[{"embeddable":true,"href":"https:\/\/www.24zabrze.pl\/wiadomosci\/wp-json\/wp\/v2\/media\/99246"}],"wp:attachment":[{"href":"https:\/\/www.24zabrze.pl\/wiadomosci\/wp-json\/wp\/v2\/media?parent=99241"}],"wp:term":[{"taxonomy":"category","embeddable":true,"href":"https:\/\/www.24zabrze.pl\/wiadomosci\/wp-json\/wp\/v2\/categories?post=99241"},{"taxonomy":"post_tag","embeddable":true,"href":"https:\/\/www.24zabrze.pl\/wiadomosci\/wp-json\/wp\/v2\/tags?post=99241"}],"curies":[{"name":"wp","href":"https:\/\/api.w.org\/{rel}","templated":true}]}}