{"id":98993,"date":"2022-05-17T15:31:18","date_gmt":"2022-05-17T13:31:18","guid":{"rendered":"https:\/\/www.24zabrze.pl\/wiadomosci\/?p=98993"},"modified":"2022-05-17T15:40:28","modified_gmt":"2022-05-17T13:40:28","slug":"metropolitalne-swieto-rodziny-rozpocznie-sie-w-niedziele-w-dmit-wystapia-kukulska-badach-i-mos","status":"publish","type":"post","link":"https:\/\/www.24zabrze.pl\/wiadomosci\/metropolitalne-swieto-rodziny-rozpocznie-sie-w-niedziele-w-dmit-wystapia-kukulska-badach-i-mos\/","title":{"rendered":"Metropolitalne \u015awi\u0119to Rodziny rozpocznie si\u0119 w niedziel\u0119. W DMiT wyst\u0105pi\u0105: Kukulska, Badach i Mo\u015b"},"content":{"rendered":"<div class=\"zabrz-a6-z-nad-leadem-artykulow zabrz-entity-placement\" id=\"zabrz-2763334076\"><div class=\"zabrz-adlabel\"><span style=\"font-size: 9px\">REKLAMA<\/span><\/div><div id=\"zabrz-904187900\" style=\"margin-bottom: 30px;margin-left: auto;margin-right: auto;text-align: center;\"><a data-no-instant=\"1\" href=\"https:\/\/dom100.eu\/\" rel=\"noopener\" class=\"a2t-link\" target=\"_blank\" aria-label=\"20260415 DOM100 D\"><img loading=\"lazy\" decoding=\"async\" src=\"https:\/\/www.24zabrze.pl\/wiadomosci\/wp-content\/uploads\/2026\/02\/20260415-DOM100-D.jpg\" alt=\"\"  srcset=\"https:\/\/www.24zabrze.pl\/wiadomosci\/wp-content\/uploads\/2026\/02\/20260415-DOM100-D.jpg 750w, https:\/\/www.24zabrze.pl\/wiadomosci\/wp-content\/uploads\/2026\/02\/20260415-DOM100-D-410x109.jpg 410w\" sizes=\"(max-width: 750px) 100vw, 750px\" class=\"no-lazyload\" width=\"750\" height=\"200\"  style=\"display: inline-block; max-width: 100%; height: auto;\" \/><\/a><\/div><\/div><h2>W Zabrzu i w innych miastach naszego regionu trwaj\u0105 w\u0142a\u015bnie przygotowania do XV Metropolitalnego \u015awi\u0119ta Rodziny, kt\u00f3remu w tym roku towarzyszy my\u015bl \u201eRodzina \u2013 \u017ar\u00f3d\u0142o pokoju\u201d. Tegoroczne obchody rozpoczn\u0105 si\u0119 ju\u017c w najbli\u017csz\u0105 niedziel\u0119 \u2013 22 maja, a zako\u0144cz\u0105 5 czerwca.<\/h2>\n<p>Idea Metropolitalnego \u015awi\u0119ta Rodziny zrodzi\u0142a si\u0119 w 2007 roku podczas \u015bl\u0105skiej pielgrzymki samorz\u0105dowc\u00f3w i parlamentarzyst\u00f3w z \u00f3wczesnym arcybiskupem <strong>Damianem Zimoniem<\/strong> do Rzymu w 750-lecie \u015bmierci \u015bw. Jacka, patrona \u015al\u0105ska. To w\u0142a\u015bnie wtedy prezydent Zabrza wraz ze \u015bp. <strong>Krystyn\u0105 Bochenek<\/strong> zainaugurowa\u0142y Metropolitalne \u015awi\u0119to Rodziny, kt\u00f3re dzi\u0119ki wsp\u00f3\u0142pracy \u015bl\u0105skich miast, organizacji oraz stowarzysze\u0144 rozwija si\u0119 i trwa do dzi\u015b.<\/p><div class=\"zabrz-a3-z-w-tresci-artykulow zabrz-entity-placement\" id=\"zabrz-4222647778\"><div class=\"zabrz-adlabel\"><span style=\"font-size: 9px\">REKLAMA<\/span><\/div><div id=\"zabrz-4247231422\" style=\"margin-bottom: 40px;margin-left: auto;margin-right: auto;text-align: center;\"><a data-no-instant=\"1\" href=\"https:\/\/ogrodyandersa.pl\/\" rel=\"noopener\" class=\"a2t-link\" target=\"_blank\" aria-label=\"20260415 Ogrody Andersa WYBIERZ MIESZKANIE D\"><img loading=\"lazy\" decoding=\"async\" src=\"https:\/\/www.24zabrze.pl\/wiadomosci\/wp-content\/uploads\/2026\/02\/20260415-Ogrody-Andersa-WYBIERZ-MIESZKANIE-D.jpg\" alt=\"\"  srcset=\"https:\/\/www.24zabrze.pl\/wiadomosci\/wp-content\/uploads\/2026\/02\/20260415-Ogrody-Andersa-WYBIERZ-MIESZKANIE-D.jpg 750w, https:\/\/www.24zabrze.pl\/wiadomosci\/wp-content\/uploads\/2026\/02\/20260415-Ogrody-Andersa-WYBIERZ-MIESZKANIE-D-410x109.jpg 410w\" sizes=\"(max-width: 750px) 100vw, 750px\" class=\"no-lazyload\" width=\"750\" height=\"200\"  style=\"display: inline-block; max-width: 100%; height: auto;\" \/><\/a><\/div><\/div>\n<h4>Na program Metropolitalnego \u015awi\u0119ta Rodziny ka\u017cdego roku sk\u0142adaj\u0105 si\u0119 liczne wyk\u0142ady naukowe, wystawy, spektakle, koncerty, kiermasze, festyny, pikniki rodzinne, konkursy, imprezy sportowe i wydarzenia religijne.<\/h4>\n<p>Tegoroczne \u015bwi\u0119towanie rozpocznie si\u0119 w niedziel\u0119, 22 maja. O godzinie 14:00, w katowickiej Katedrze p.w. Chrystusa Kr\u00f3la odb\u0119dzie si\u0119 liturgiczna inauguracja M\u015aR. Msze \u015bw. w intencji rodziny b\u0119d\u0105 celebrowane tak\u017ce w innych katedrach Metropolii G\u00f3rno\u015bl\u0105skiej, m.in. o godzinie 12:15 w Katedrze p.w. \u015awi\u0119tych Aposto\u0142\u00f3w Piotra i Paw\u0142a w Gliwicach.<\/p>\n<p><a href=\"https:\/\/www.24zabrze.pl\/wiadomosci\/wp-content\/uploads\/2022\/05\/kukulska-baner.jpg\"><img loading=\"lazy\" decoding=\"async\" class=\"alignnone size-full wp-image-98995\" src=\"https:\/\/www.24zabrze.pl\/wiadomosci\/wp-content\/uploads\/2022\/05\/kukulska-baner.jpg\" alt=\"\" width=\"810\" height=\"385\" srcset=\"https:\/\/www.24zabrze.pl\/wiadomosci\/wp-content\/uploads\/2022\/05\/kukulska-baner.jpg 810w, https:\/\/www.24zabrze.pl\/wiadomosci\/wp-content\/uploads\/2022\/05\/kukulska-baner-410x195.jpg 410w, https:\/\/www.24zabrze.pl\/wiadomosci\/wp-content\/uploads\/2022\/05\/kukulska-baner-768x365.jpg 768w\" sizes=\"auto, (max-width: 810px) 100vw, 810px\" \/><\/a><\/p>\n<p>Natomiast o godzinie 17.00, w Domu Muzyki i Ta\u0144ca w Zabrzu odb\u0119dzie si\u0119 koncert inauguruj\u0105cy tegoroczne XV Metropolitalne \u015awi\u0119to Rodziny. Gwiazdami wieczoru b\u0119d\u0105: <strong>Natalia Kukulska<\/strong>, a tak\u017ce go\u015bcinnie: <strong>Kuba Badach i Katarzyna Mo\u015b<\/strong>. Ca\u0142o\u015b\u0107 koncertu wykonana zostanie z Orkiestr\u0105 Symfoniczn\u0105 Filharmonii Zabrza\u0144skiej z <strong>S\u0142awomirem Chrzanowskim, Nikol\u0105 Ko\u0142odziejczyk, Adamem Sztab\u0105 i Paw\u0142em Tomaszewskim<\/strong>.<\/p>\n<p>Wszystkie wydarzenia w r\u00f3\u017cnych miastach, w tym w Zabrzu, przygotowane w ramach M\u015aR mo\u017cna znale\u017a\u0107 w<a href=\"http:\/\/www.swieto-rodziny.pl\/program.html\" rel=\"noopener\" target=\"_blank\"> programie &#8211; kliknij tu. <\/a><\/p>\n<p>(\u017cms)\/UM Zabrze<br \/>\nfot. DMiT<\/p>\n<p><a href=\"https:\/\/www.24zabrze.pl\/wiadomosci\/wp-content\/uploads\/2022\/05\/kukulska-plakat-1085x1536-1.jpg\"><img loading=\"lazy\" decoding=\"async\" class=\"alignnone  wp-image-98996\" src=\"https:\/\/www.24zabrze.pl\/wiadomosci\/wp-content\/uploads\/2022\/05\/kukulska-plakat-1085x1536-1.jpg\" alt=\"\" width=\"1048\" height=\"1481\" srcset=\"https:\/\/www.24zabrze.pl\/wiadomosci\/wp-content\/uploads\/2022\/05\/kukulska-plakat-1085x1536-1.jpg 573w, https:\/\/www.24zabrze.pl\/wiadomosci\/wp-content\/uploads\/2022\/05\/kukulska-plakat-1085x1536-1-164x232.jpg 164w, https:\/\/www.24zabrze.pl\/wiadomosci\/wp-content\/uploads\/2022\/05\/kukulska-plakat-1085x1536-1-322x455.jpg 322w\" sizes=\"auto, (max-width: 1048px) 100vw, 1048px\" \/><\/a><\/p>\n","protected":false},"excerpt":{"rendered":"<p>W Zabrzu i w innych miastach naszego regionu trwaj\u0105 w\u0142a\u015bnie przygotowania do XV Metropolitalnego \u015awi\u0119ta Rodziny, kt\u00f3remu w tym roku towarzyszy my\u015bl \u201eRodzina \u2013 \u017ar\u00f3d\u0142o pokoju\u201d. Tegoroczne obchody rozpoczn\u0105 si\u0119 ju\u017c w najbli\u017csz\u0105 niedziel\u0119 \u2013 22 maja, a zako\u0144cz\u0105 5 czerwca. Idea Metropolitalnego \u015awi\u0119ta Rodziny zrodzi\u0142a si\u0119 w 2007 roku podczas \u015bl\u0105skiej pielgrzymki samorz\u0105dowc\u00f3w i [&hellip;]<\/p>\n","protected":false},"author":17,"featured_media":81581,"comment_status":"closed","ping_status":"closed","sticky":false,"template":"","format":"standard","meta":{"_monsterinsights_skip_tracking":false,"_monsterinsights_sitenote_active":false,"_monsterinsights_sitenote_note":"","_monsterinsights_sitenote_category":0,"footnotes":"","_links_to":"","_links_to_target":""},"categories":[8,9,1],"tags":[],"class_list":["post-98993","post","type-post","status-publish","format-standard","has-post-thumbnail","hentry","category-referendum","category-stronaglowna","category-wszystko"],"_links":{"self":[{"href":"https:\/\/www.24zabrze.pl\/wiadomosci\/wp-json\/wp\/v2\/posts\/98993","targetHints":{"allow":["GET"]}}],"collection":[{"href":"https:\/\/www.24zabrze.pl\/wiadomosci\/wp-json\/wp\/v2\/posts"}],"about":[{"href":"https:\/\/www.24zabrze.pl\/wiadomosci\/wp-json\/wp\/v2\/types\/post"}],"author":[{"embeddable":true,"href":"https:\/\/www.24zabrze.pl\/wiadomosci\/wp-json\/wp\/v2\/users\/17"}],"replies":[{"embeddable":true,"href":"https:\/\/www.24zabrze.pl\/wiadomosci\/wp-json\/wp\/v2\/comments?post=98993"}],"version-history":[{"count":0,"href":"https:\/\/www.24zabrze.pl\/wiadomosci\/wp-json\/wp\/v2\/posts\/98993\/revisions"}],"wp:featuredmedia":[{"embeddable":true,"href":"https:\/\/www.24zabrze.pl\/wiadomosci\/wp-json\/wp\/v2\/media\/81581"}],"wp:attachment":[{"href":"https:\/\/www.24zabrze.pl\/wiadomosci\/wp-json\/wp\/v2\/media?parent=98993"}],"wp:term":[{"taxonomy":"category","embeddable":true,"href":"https:\/\/www.24zabrze.pl\/wiadomosci\/wp-json\/wp\/v2\/categories?post=98993"},{"taxonomy":"post_tag","embeddable":true,"href":"https:\/\/www.24zabrze.pl\/wiadomosci\/wp-json\/wp\/v2\/tags?post=98993"}],"curies":[{"name":"wp","href":"https:\/\/api.w.org\/{rel}","templated":true}]}}