{"id":98379,"date":"2022-03-31T14:24:23","date_gmt":"2022-03-31T12:24:23","guid":{"rendered":"https:\/\/www.24zabrze.pl\/wiadomosci\/?p=98379"},"modified":"2022-03-31T14:24:23","modified_gmt":"2022-03-31T12:24:23","slug":"uczniowie-z-ukrainy-w-szkolach-na-terenie-zabrza-ilu-obywateli-tego-kraju-zapisalo-sie-do-placowek","status":"publish","type":"post","link":"https:\/\/www.24zabrze.pl\/wiadomosci\/uczniowie-z-ukrainy-w-szkolach-na-terenie-zabrza-ilu-obywateli-tego-kraju-zapisalo-sie-do-placowek\/","title":{"rendered":"Uczniowie z Ukrainy w szko\u0142ach na terenie Zabrza. Ilu obywateli tego kraju zapisa\u0142o si\u0119 do plac\u00f3wek?"},"content":{"rendered":"<div class=\"zabrz-a6-z-nad-leadem-artykulow zabrz-entity-placement\" id=\"zabrz-2398899709\"><div class=\"zabrz-adlabel\"><span style=\"font-size: 9px\">REKLAMA<\/span><\/div><div id=\"zabrz-840363701\" style=\"margin-bottom: 30px;margin-left: auto;margin-right: auto;text-align: center;\"><a data-no-instant=\"1\" href=\"https:\/\/dom100.eu\/\" rel=\"noopener\" class=\"a2t-link\" target=\"_blank\" aria-label=\"20260415 DOM100 D\"><img loading=\"lazy\" decoding=\"async\" src=\"https:\/\/www.24zabrze.pl\/wiadomosci\/wp-content\/uploads\/2026\/02\/20260415-DOM100-D.jpg\" alt=\"\"  srcset=\"https:\/\/www.24zabrze.pl\/wiadomosci\/wp-content\/uploads\/2026\/02\/20260415-DOM100-D.jpg 750w, https:\/\/www.24zabrze.pl\/wiadomosci\/wp-content\/uploads\/2026\/02\/20260415-DOM100-D-410x109.jpg 410w\" sizes=\"(max-width: 750px) 100vw, 750px\" class=\"no-lazyload\" width=\"750\" height=\"200\"  style=\"display: inline-block; max-width: 100%; height: auto;\" \/><\/a><\/div><\/div><h2>Dzieci ukrai\u0144skich uchod\u017ac\u00f3w ucz\u0119szczaj\u0105 ju\u017c do zabrza\u0144skich plac\u00f3wek o\u015bwiatowych, gdzie jest ich ju\u017c prawie 500. Najwi\u0119cej, bo blisko 300 trafi\u0142o do szk\u00f3\u0142 podstawowych.<\/h2>\n<p>Jak informuje Ministerstwo Edukacji i Nauki w po\u0142owie marca w polskich szko\u0142ach zapisane by\u0142o ju\u017c 65 tys. dzieci z Ukrainy. 10 proc. z nich trafi\u0142o do oddzia\u0142\u00f3w przygotowawczych, a 90 proc. klas z polskimi uczniami. <\/p><div class=\"zabrz-a3-z-w-tresci-artykulow zabrz-entity-placement\" id=\"zabrz-3129406231\"><div class=\"zabrz-adlabel\"><span style=\"font-size: 9px\">REKLAMA<\/span><\/div><div id=\"zabrz-2686204596\" style=\"margin-bottom: 40px;margin-left: auto;margin-right: auto;text-align: center;\"><a data-no-instant=\"1\" href=\"https:\/\/ogrodyandersa.pl\/\" rel=\"noopener\" class=\"a2t-link\" target=\"_blank\" aria-label=\"20260415 Ogrody Andersa WYBIERZ MIESZKANIE D\"><img loading=\"lazy\" decoding=\"async\" src=\"https:\/\/www.24zabrze.pl\/wiadomosci\/wp-content\/uploads\/2026\/02\/20260415-Ogrody-Andersa-WYBIERZ-MIESZKANIE-D.jpg\" alt=\"\"  srcset=\"https:\/\/www.24zabrze.pl\/wiadomosci\/wp-content\/uploads\/2026\/02\/20260415-Ogrody-Andersa-WYBIERZ-MIESZKANIE-D.jpg 750w, https:\/\/www.24zabrze.pl\/wiadomosci\/wp-content\/uploads\/2026\/02\/20260415-Ogrody-Andersa-WYBIERZ-MIESZKANIE-D-410x109.jpg 410w\" sizes=\"(max-width: 750px) 100vw, 750px\" class=\"no-lazyload\" width=\"750\" height=\"200\"  style=\"display: inline-block; max-width: 100%; height: auto;\" \/><\/a><\/div><\/div>\n<p>Wraz ze wzrostem liczby uchod\u017ac\u00f3w z Ukrainy, kt\u00f3rzy przybywaj\u0105 do naszego miasta, z ka\u017cdym tygodniem ro\u015bnie tak\u017ce liczba uczni\u00f3w w tutejszych plac\u00f3wkach. Miasto przygotowa\u0142o ofert\u0119 edukacyjn\u0105 zgodn\u0105 z wytycznymi MEiN oraz przepisami prawa o\u015bwiatowego w zakresie kszta\u0142cenia cudzoziemc\u00f3w.<\/p>\n<h4>W przypadku szk\u00f3\u0142 podstawowych obywatele Ukrainy mog\u0105 zg\u0142asza\u0107 si\u0119 do plac\u00f3wek dedykowanych rejonowi zgodnemu z ich miejscem zamieszkania.<\/h4>\n<p>Przyj\u0119cie do szko\u0142y wymaga z\u0142o\u017cenia wniosku, a decyzj\u0119 w tej sprawie podejmuje dyrektor. Publiczna szko\u0142a podstawowa, w rejonie kt\u00f3rej mieszka dziecko przyby\u0142e z zagranicy, przyjmuje z urz\u0119du, a inne publiczne szko\u0142y podstawowe i szko\u0142y ponadpodstawowe w miar\u0119 posiadania wolnych miejsc. Je\u015bli w wybranej plac\u00f3wce nie ma wolnych miejsc, potrzebny jest kontakt z urz\u0119dem gminy.  <\/p>\n<p>Dzieci w wieku 7-18 lat mog\u0105 nieodp\u0142atnie uczy\u0107 si\u0119 w polskich szko\u0142ach. Brak znajomo\u015bci j\u0119zyka polskiego nie stanowi formalnej przeszkody. Uczniowie z Ukrainy mog\u0105 uczestniczy\u0107 w nieodp\u0142atnych lekcjach j\u0119zyka polskiego organizowanych przez szko\u0142\u0119 oraz zosta\u0107 obj\u0119te opiek\u0105 psychologiczno-pedagogiczn\u0105 z zwi\u0105zku z do\u015bwiadczeniem migracyjnym. <\/p>\n<h4>Natomiast ch\u0119tni do nauki w szko\u0142ach ponadpodstawowych powinni skontaktowa\u0107 si\u0119 z plac\u00f3wkami odpowiadaj\u0105cymi profilowi ich dotychczasowego kszta\u0142cenia.<\/h4>\n<p>Zabrze dysponuje te\u017c wolnymi miejscami w przedszkolach. Tam r\u00f3wnie\u017c uchod\u017acy mog\u0105 zapisywa\u0107 swoje pociechy. Dotychczas przyj\u0119to w przedszkolach ju\u017c niemal 100 dzieci z Ukrainy.<\/p>\n<p>Osoby nieb\u0119d\u0105ce obywatelami polskimi korzystaj\u0105 z nauki i opieki w publicznych przedszkolach na warunkach dotycz\u0105cych obywateli polskich. Jedynym warunkiem przyj\u0119cia do przedszkola dzieci obcokrajowc\u00f3w jest zatem posiadanie wolnych miejsc lub uzyskanie zgody organu prowadz\u0105cego na utworzenie dodatkowych oddzia\u0142\u00f3w.<\/p>\n<p>W razie jakichkolwiek w\u0105tpliwo\u015bci lub trudno\u015bci nale\u017cy kontaktowa\u0107 si\u0119 z Wydzia\u0142em O\u015bwiaty Urz\u0119du Miejskiego w Zabrzu (ul. Wolno\u015bci 286, tel. 32\/37-33-440).<\/p>\n<p>WA\u017bNE! <a href=\"https:\/\/www.gov.pl\/web\/edukacja-i-nauka\/informacja-dla-rodzicow-dzieci-przybywajacych-z-ukrainy\" rel=\"noopener\" target=\"_blank\">Ministerstwo Edukacji i Nauki przygotowa\u0142o informacj\u0119 dla rodzic\u00f3w dzieci przybywaj\u0105cych z Ukrainy.<\/a> W materiale znalaz\u0142y si\u0119 praktyczne wskaz\u00f3wki dotycz\u0105ce zapisania dziecka do szko\u0142y oraz praw, jakie przys\u0142uguj\u0105 uczniom z zagranicy w polskich szko\u0142ach. Informacja zosta\u0142a opracowana w j\u0119zyku polskim i ukrai\u0144skim.<\/p>\n<p>(\u017cms)\/UM Zabrze<br \/>\nfot. px<\/p>\n","protected":false},"excerpt":{"rendered":"<p>Dzieci ukrai\u0144skich uchod\u017ac\u00f3w ucz\u0119szczaj\u0105 ju\u017c do zabrza\u0144skich plac\u00f3wek o\u015bwiatowych, gdzie jest ich ju\u017c prawie 500. Najwi\u0119cej, bo blisko 300 trafi\u0142o do szk\u00f3\u0142 podstawowych. Jak informuje Ministerstwo Edukacji i Nauki w po\u0142owie marca w polskich szko\u0142ach zapisane by\u0142o ju\u017c 65 tys. dzieci z Ukrainy. 10 proc. z nich trafi\u0142o do oddzia\u0142\u00f3w przygotowawczych, a 90 proc. klas [&hellip;]<\/p>\n","protected":false},"author":17,"featured_media":98380,"comment_status":"closed","ping_status":"closed","sticky":false,"template":"","format":"standard","meta":{"_monsterinsights_skip_tracking":false,"_monsterinsights_sitenote_active":false,"_monsterinsights_sitenote_note":"","_monsterinsights_sitenote_category":0,"footnotes":"","_links_to":"","_links_to_target":""},"categories":[8,9,1],"tags":[],"class_list":["post-98379","post","type-post","status-publish","format-standard","has-post-thumbnail","hentry","category-referendum","category-stronaglowna","category-wszystko"],"_links":{"self":[{"href":"https:\/\/www.24zabrze.pl\/wiadomosci\/wp-json\/wp\/v2\/posts\/98379","targetHints":{"allow":["GET"]}}],"collection":[{"href":"https:\/\/www.24zabrze.pl\/wiadomosci\/wp-json\/wp\/v2\/posts"}],"about":[{"href":"https:\/\/www.24zabrze.pl\/wiadomosci\/wp-json\/wp\/v2\/types\/post"}],"author":[{"embeddable":true,"href":"https:\/\/www.24zabrze.pl\/wiadomosci\/wp-json\/wp\/v2\/users\/17"}],"replies":[{"embeddable":true,"href":"https:\/\/www.24zabrze.pl\/wiadomosci\/wp-json\/wp\/v2\/comments?post=98379"}],"version-history":[{"count":2,"href":"https:\/\/www.24zabrze.pl\/wiadomosci\/wp-json\/wp\/v2\/posts\/98379\/revisions"}],"predecessor-version":[{"id":98382,"href":"https:\/\/www.24zabrze.pl\/wiadomosci\/wp-json\/wp\/v2\/posts\/98379\/revisions\/98382"}],"wp:featuredmedia":[{"embeddable":true,"href":"https:\/\/www.24zabrze.pl\/wiadomosci\/wp-json\/wp\/v2\/media\/98380"}],"wp:attachment":[{"href":"https:\/\/www.24zabrze.pl\/wiadomosci\/wp-json\/wp\/v2\/media?parent=98379"}],"wp:term":[{"taxonomy":"category","embeddable":true,"href":"https:\/\/www.24zabrze.pl\/wiadomosci\/wp-json\/wp\/v2\/categories?post=98379"},{"taxonomy":"post_tag","embeddable":true,"href":"https:\/\/www.24zabrze.pl\/wiadomosci\/wp-json\/wp\/v2\/tags?post=98379"}],"curies":[{"name":"wp","href":"https:\/\/api.w.org\/{rel}","templated":true}]}}