{"id":98234,"date":"2022-03-24T12:22:41","date_gmt":"2022-03-24T11:22:41","guid":{"rendered":"https:\/\/www.24zabrze.pl\/wiadomosci\/?p=98234"},"modified":"2022-03-24T12:22:41","modified_gmt":"2022-03-24T11:22:41","slug":"zagraniczne-specjaly-i-wystepy-artystyczne-miedzynarodowe-targi-turystyczne-w-zabrzu","status":"publish","type":"post","link":"https:\/\/www.24zabrze.pl\/wiadomosci\/zagraniczne-specjaly-i-wystepy-artystyczne-miedzynarodowe-targi-turystyczne-w-zabrzu\/","title":{"rendered":"Zagraniczne specja\u0142y i wyst\u0119py artystyczne. Mi\u0119dzynarodowe Targi Turystyczne w Zabrzu"},"content":{"rendered":"<div class=\"zabrz-a6-z-nad-leadem-artykulow zabrz-entity-placement\" id=\"zabrz-1948937622\"><div class=\"zabrz-adlabel\"><span style=\"font-size: 9px\">REKLAMA<\/span><\/div><div id=\"zabrz-1635924177\" style=\"margin-bottom: 30px;margin-left: auto;margin-right: auto;text-align: center;\"><a data-no-instant=\"1\" href=\"https:\/\/dom100.eu\/\" rel=\"noopener\" class=\"a2t-link\" target=\"_blank\" aria-label=\"20260415 DOM100 D\"><img loading=\"lazy\" decoding=\"async\" src=\"https:\/\/www.24zabrze.pl\/wiadomosci\/wp-content\/uploads\/2026\/02\/20260415-DOM100-D.jpg\" alt=\"\"  srcset=\"https:\/\/www.24zabrze.pl\/wiadomosci\/wp-content\/uploads\/2026\/02\/20260415-DOM100-D.jpg 750w, https:\/\/www.24zabrze.pl\/wiadomosci\/wp-content\/uploads\/2026\/02\/20260415-DOM100-D-410x109.jpg 410w\" sizes=\"(max-width: 750px) 100vw, 750px\" class=\"no-lazyload\" width=\"750\" height=\"200\"  style=\"display: inline-block; max-width: 100%; height: auto;\" \/><\/a><\/div><\/div><h2>Zbli\u017caj\u0105 si\u0119 XII Mi\u0119dzynarodowe Targi Turystyczne. To wyj\u0105tkowe wydarzenie odb\u0119dzie si\u0119 8 i 9 kwietnia w hali sportowej \u201ePogo\u0144\u201d w Zabrzu. W tym roku partnerem Targ\u00f3w b\u0119dzie Chorwacja, kt\u00f3ra zaprezentuje swoj\u0105 ofert\u0119 turystyczn\u0105 i kulturaln\u0105.<\/h2>\n<p>B\u0119dzie mo\u017cna spr\u00f3bowa\u0107 chorwackich specja\u0142\u00f3w, zobaczy\u0107 wyst\u0119py artystyczne przybli\u017caj\u0105ce chorwack\u0105 kultur\u0119. Udzia\u0142 w targach potwierdzili ju\u017c przedstawiciele instytucji i obiekt\u00f3w dziedzictwa przemys\u0142owego, muze\u00f3w oraz miast i region\u00f3w m.in. z Polski, Czech i S\u0142owacji. Jak co roku na odwiedzaj\u0105cych czeka\u0107 b\u0119dzie wiele atrakcji, warsztat\u00f3w, pokaz\u00f3w i degustacji.<\/p><div class=\"zabrz-a3-z-w-tresci-artykulow zabrz-entity-placement\" id=\"zabrz-4105744790\"><div class=\"zabrz-adlabel\"><span style=\"font-size: 9px\">REKLAMA<\/span><\/div><div id=\"zabrz-2931448930\" style=\"margin-bottom: 40px;margin-left: auto;margin-right: auto;text-align: center;\"><a data-no-instant=\"1\" href=\"https:\/\/ogrodyandersa.pl\/\" rel=\"noopener\" class=\"a2t-link\" target=\"_blank\" aria-label=\"20260415 Ogrody Andersa WYBIERZ MIESZKANIE D\"><img loading=\"lazy\" decoding=\"async\" src=\"https:\/\/www.24zabrze.pl\/wiadomosci\/wp-content\/uploads\/2026\/02\/20260415-Ogrody-Andersa-WYBIERZ-MIESZKANIE-D.jpg\" alt=\"\"  srcset=\"https:\/\/www.24zabrze.pl\/wiadomosci\/wp-content\/uploads\/2026\/02\/20260415-Ogrody-Andersa-WYBIERZ-MIESZKANIE-D.jpg 750w, https:\/\/www.24zabrze.pl\/wiadomosci\/wp-content\/uploads\/2026\/02\/20260415-Ogrody-Andersa-WYBIERZ-MIESZKANIE-D-410x109.jpg 410w\" sizes=\"(max-width: 750px) 100vw, 750px\" class=\"no-lazyload\" width=\"750\" height=\"200\"  style=\"display: inline-block; max-width: 100%; height: auto;\" \/><\/a><\/div><\/div>\n<p><a href=\"https:\/\/www.24zabrze.pl\/wiadomosci\/wp-content\/uploads\/2022\/03\/XII-Miedzynarodowe-Targi-Turystyczne-870x440-1.jpg\"><img loading=\"lazy\" decoding=\"async\" src=\"https:\/\/www.24zabrze.pl\/wiadomosci\/wp-content\/uploads\/2022\/03\/XII-Miedzynarodowe-Targi-Turystyczne-870x440-1.jpg\" alt=\"\" width=\"810\" height=\"410\" class=\"alignnone size-full wp-image-98239\" srcset=\"https:\/\/www.24zabrze.pl\/wiadomosci\/wp-content\/uploads\/2022\/03\/XII-Miedzynarodowe-Targi-Turystyczne-870x440-1.jpg 810w, https:\/\/www.24zabrze.pl\/wiadomosci\/wp-content\/uploads\/2022\/03\/XII-Miedzynarodowe-Targi-Turystyczne-870x440-1-410x208.jpg 410w, https:\/\/www.24zabrze.pl\/wiadomosci\/wp-content\/uploads\/2022\/03\/XII-Miedzynarodowe-Targi-Turystyczne-870x440-1-768x389.jpg 768w\" sizes=\"auto, (max-width: 810px) 100vw, 810px\" \/><\/a><\/p>\n<p>W\u015br\u00f3d wystawc\u00f3w, kt\u00f3rzy ju\u017c potwierdzili sw\u00f3j udzia\u0142 w dwunastej edycji Mi\u0119dzynarodowych Targ\u00f3w Turystycznych w Zabrzu, mo\u017cemy znale\u017a\u0107 m.in.: Zamek Orawski, Orawska Kolejka Le\u015bna, \u017bywe Muzeum Obwarzanka z Krakowa, Muzeum Hutnictwa Cynku Walcownia w Katowicach, Muzeum Gazownictwa w Paczkowie, Park Techniki Wojskowej w Zabrzu, Muzeum Powsta\u0144 \u015al\u0105skich czy te\u017c Muzeum Przemys\u0142u Naftowego i Gazownictwa im. Ignacego \u0141ukasiewicza w B\u00f3brce.<\/p>\n<p>XII Mi\u0119dzynarodowym Targom Turystyki w Zabrzu towarzyszy\u0107 b\u0119dzie XVII Mi\u0119dzynarodowa Konferencja Turystyki Dziedzictwa Przemys\u0142owego (7-8 kwietnia) organizowana od 2004 r. przez Zabrze. Aktualne informacje zar\u00f3wno na temat Targ\u00f3w, jak i Konferencji, mo\u017cna znale\u017a\u0107 na stronie: <a href=\"http:\/\/www.targi-zabrze.pl\" rel=\"noopener\" target=\"_blank\">www.targi-zabrze.pl<\/a>.<\/p>\n<p>(\u017cms)<br \/>\nfot. UM Zabrze<\/p>\n","protected":false},"excerpt":{"rendered":"<p>Zbli\u017caj\u0105 si\u0119 XII Mi\u0119dzynarodowe Targi Turystyczne. To wyj\u0105tkowe wydarzenie odb\u0119dzie si\u0119 8 i 9 kwietnia w hali sportowej \u201ePogo\u0144\u201d w Zabrzu. W tym roku partnerem Targ\u00f3w b\u0119dzie Chorwacja, kt\u00f3ra zaprezentuje swoj\u0105 ofert\u0119 turystyczn\u0105 i kulturaln\u0105. B\u0119dzie mo\u017cna spr\u00f3bowa\u0107 chorwackich specja\u0142\u00f3w, zobaczy\u0107 wyst\u0119py artystyczne przybli\u017caj\u0105ce chorwack\u0105 kultur\u0119. Udzia\u0142 w targach potwierdzili ju\u017c przedstawiciele instytucji i obiekt\u00f3w [&hellip;]<\/p>\n","protected":false},"author":17,"featured_media":98238,"comment_status":"closed","ping_status":"closed","sticky":false,"template":"","format":"standard","meta":{"_monsterinsights_skip_tracking":false,"_monsterinsights_sitenote_active":false,"_monsterinsights_sitenote_note":"","_monsterinsights_sitenote_category":0,"footnotes":"","_links_to":"","_links_to_target":""},"categories":[8,1],"tags":[],"class_list":["post-98234","post","type-post","status-publish","format-standard","has-post-thumbnail","hentry","category-referendum","category-wszystko"],"_links":{"self":[{"href":"https:\/\/www.24zabrze.pl\/wiadomosci\/wp-json\/wp\/v2\/posts\/98234","targetHints":{"allow":["GET"]}}],"collection":[{"href":"https:\/\/www.24zabrze.pl\/wiadomosci\/wp-json\/wp\/v2\/posts"}],"about":[{"href":"https:\/\/www.24zabrze.pl\/wiadomosci\/wp-json\/wp\/v2\/types\/post"}],"author":[{"embeddable":true,"href":"https:\/\/www.24zabrze.pl\/wiadomosci\/wp-json\/wp\/v2\/users\/17"}],"replies":[{"embeddable":true,"href":"https:\/\/www.24zabrze.pl\/wiadomosci\/wp-json\/wp\/v2\/comments?post=98234"}],"version-history":[{"count":4,"href":"https:\/\/www.24zabrze.pl\/wiadomosci\/wp-json\/wp\/v2\/posts\/98234\/revisions"}],"predecessor-version":[{"id":98240,"href":"https:\/\/www.24zabrze.pl\/wiadomosci\/wp-json\/wp\/v2\/posts\/98234\/revisions\/98240"}],"wp:featuredmedia":[{"embeddable":true,"href":"https:\/\/www.24zabrze.pl\/wiadomosci\/wp-json\/wp\/v2\/media\/98238"}],"wp:attachment":[{"href":"https:\/\/www.24zabrze.pl\/wiadomosci\/wp-json\/wp\/v2\/media?parent=98234"}],"wp:term":[{"taxonomy":"category","embeddable":true,"href":"https:\/\/www.24zabrze.pl\/wiadomosci\/wp-json\/wp\/v2\/categories?post=98234"},{"taxonomy":"post_tag","embeddable":true,"href":"https:\/\/www.24zabrze.pl\/wiadomosci\/wp-json\/wp\/v2\/tags?post=98234"}],"curies":[{"name":"wp","href":"https:\/\/api.w.org\/{rel}","templated":true}]}}