{"id":98197,"date":"2022-03-22T16:07:43","date_gmt":"2022-03-22T15:07:43","guid":{"rendered":"https:\/\/www.24zabrze.pl\/wiadomosci\/?p=98197"},"modified":"2022-03-22T16:07:43","modified_gmt":"2022-03-22T15:07:43","slug":"ksiega-kondolencyjna-w-sali-historycznej-zabrzanskiego-ratusza-mozna-uczcic-pamiec-prof-zembali","status":"publish","type":"post","link":"https:\/\/www.24zabrze.pl\/wiadomosci\/ksiega-kondolencyjna-w-sali-historycznej-zabrzanskiego-ratusza-mozna-uczcic-pamiec-prof-zembali\/","title":{"rendered":"Ksi\u0119ga Kondolencyjna w sali historycznej zabrza\u0144skiego Ratusza. Mo\u017cna uczci\u0107 pami\u0119\u0107 prof. Zembali"},"content":{"rendered":"<div class=\"zabrz-a6-z-nad-leadem-artykulow zabrz-entity-placement\" id=\"zabrz-379104077\"><div class=\"zabrz-adlabel\"><span style=\"font-size: 9px\">REKLAMA<\/span><\/div><div id=\"zabrz-3352975899\" style=\"margin-bottom: 30px;margin-left: auto;margin-right: auto;text-align: center;\"><a data-no-instant=\"1\" href=\"https:\/\/dom100.eu\/\" rel=\"noopener\" class=\"a2t-link\" target=\"_blank\" aria-label=\"20260415 DOM100 D\"><img loading=\"lazy\" decoding=\"async\" src=\"https:\/\/www.24zabrze.pl\/wiadomosci\/wp-content\/uploads\/2026\/02\/20260415-DOM100-D.jpg\" alt=\"\"  srcset=\"https:\/\/www.24zabrze.pl\/wiadomosci\/wp-content\/uploads\/2026\/02\/20260415-DOM100-D.jpg 750w, https:\/\/www.24zabrze.pl\/wiadomosci\/wp-content\/uploads\/2026\/02\/20260415-DOM100-D-410x109.jpg 410w\" sizes=\"(max-width: 750px) 100vw, 750px\" class=\"no-lazyload\" width=\"750\" height=\"200\"  style=\"display: inline-block; max-width: 100%; height: auto;\" \/><\/a><\/div><\/div><h2>Prezydent Zabrza zach\u0119ca do tego, aby uczci\u0107 pami\u0119\u0107 \u015bp. prof. Mariana Zembali. W sali historycznej zabrza\u0144skiego Ratusza przy ul. Religi 1 wystawiona zostanie Ksi\u0119ga Kondolencyjna. B\u0119dzie si\u0119 mo\u017cna do niej wpisa\u0107 do \u015brody 23 marca do pi\u0105tku 25 marca, w godzinach 8:00-15:00.<\/h2>\n<p>Ka\u017cdy, kto chcia\u0142by z\u0142o\u017cy\u0107 ho\u0142d Jego pami\u0119ci czy podzieli\u0107 si\u0119 zwi\u0105zanymi z Nim wspomnieniami, mo\u017ce to zrobi\u0107 w ci\u0105gu najbli\u017cszych dni. <\/p><div class=\"zabrz-a3-z-w-tresci-artykulow zabrz-entity-placement\" id=\"zabrz-1515827888\"><div class=\"zabrz-adlabel\"><span style=\"font-size: 9px\">REKLAMA<\/span><\/div><div id=\"zabrz-3931898906\" style=\"margin-bottom: 40px;margin-left: auto;margin-right: auto;text-align: center;\"><a data-no-instant=\"1\" href=\"https:\/\/ogrodyandersa.pl\/\" rel=\"noopener\" class=\"a2t-link\" target=\"_blank\" aria-label=\"20260415 Ogrody Andersa WYBIERZ MIESZKANIE D\"><img loading=\"lazy\" decoding=\"async\" src=\"https:\/\/www.24zabrze.pl\/wiadomosci\/wp-content\/uploads\/2026\/02\/20260415-Ogrody-Andersa-WYBIERZ-MIESZKANIE-D.jpg\" alt=\"\"  srcset=\"https:\/\/www.24zabrze.pl\/wiadomosci\/wp-content\/uploads\/2026\/02\/20260415-Ogrody-Andersa-WYBIERZ-MIESZKANIE-D.jpg 750w, https:\/\/www.24zabrze.pl\/wiadomosci\/wp-content\/uploads\/2026\/02\/20260415-Ogrody-Andersa-WYBIERZ-MIESZKANIE-D-410x109.jpg 410w\" sizes=\"(max-width: 750px) 100vw, 750px\" class=\"no-lazyload\" width=\"750\" height=\"200\"  style=\"display: inline-block; max-width: 100%; height: auto;\" \/><\/a><\/div><\/div>\n<p>Bez w\u0105tpienia prof. <strong>Marian Zembala<\/strong> nale\u017ca\u0142 do najwybitniejszych polskich kardiochirurg\u00f3w i transplantolog\u00f3w. W 1993 roku zosta\u0142 dyrektorem \u015al\u0105skiego Centrum Chor\u00f3b Serca w Zabrzu, gdzie pracowa\u0142 pod okiem prof. Zbigniewa Religii. Marian Zembala by\u0142 uczestnikiem pierwszej udanej transplantacji serca przeprowadzonej przez zesp\u00f3\u0142 prof. Religi. <\/p>\n<h4>W 2001 roku jako pierwszy w Polsce przeszczepi\u0142 choremu p\u0142uco-serce, dokona\u0142 tak\u017ce zabiegu wszczepienia by-pass\u00f3w 103-letniej pacjentce. W 2009 r. zosta\u0142 honorowym obywatelem Zabrza.<\/h4>\n<p>W roku 2011 zosta\u0142 przewodnicz\u0105cym rady naukowej przy ministrze zdrowia, a tak\u017ce krajowym konsultantem z zakresu kardiochirurgii. W 2012 r. profesor Zembala otrzyma\u0142 papieski medal Pro Ecclesia et Pontifice \u2013 Dla Ko\u015bcio\u0142a i Papie\u017ca. To jedno z najwa\u017cniejszych odznacze\u0144 przyznawanym przez urz\u0105d papieski osobom \u015bwieckim. W 2015 r. zosta\u0142 ministrem zdrowia.  <\/p>\n<p>Prof. Marian Zembala by\u0142 m\u0119\u017cem i ojcem czw\u00f3rki dzieci. 11 lutego sko\u0144czy\u0142 72 lata. Zmar\u0142 w minion\u0105 sobot\u0119, 19 marca. <\/p>\n<p>(\u017cms)\/UM Zabrze<br \/>\nfot. UM Zabrze<\/p>\n","protected":false},"excerpt":{"rendered":"<p>Prezydent Zabrza zach\u0119ca do tego, aby uczci\u0107 pami\u0119\u0107 \u015bp. prof. Mariana Zembali. W sali historycznej zabrza\u0144skiego Ratusza przy ul. Religi 1 wystawiona zostanie Ksi\u0119ga Kondolencyjna. B\u0119dzie si\u0119 mo\u017cna do niej wpisa\u0107 do \u015brody 23 marca do pi\u0105tku 25 marca, w godzinach 8:00-15:00. Ka\u017cdy, kto chcia\u0142by z\u0142o\u017cy\u0107 ho\u0142d Jego pami\u0119ci czy podzieli\u0107 si\u0119 zwi\u0105zanymi z Nim [&hellip;]<\/p>\n","protected":false},"author":17,"featured_media":98202,"comment_status":"closed","ping_status":"closed","sticky":false,"template":"","format":"standard","meta":{"_monsterinsights_skip_tracking":false,"_monsterinsights_sitenote_active":false,"_monsterinsights_sitenote_note":"","_monsterinsights_sitenote_category":0,"footnotes":"","_links_to":"","_links_to_target":""},"categories":[8,1],"tags":[],"class_list":["post-98197","post","type-post","status-publish","format-standard","has-post-thumbnail","hentry","category-referendum","category-wszystko"],"_links":{"self":[{"href":"https:\/\/www.24zabrze.pl\/wiadomosci\/wp-json\/wp\/v2\/posts\/98197","targetHints":{"allow":["GET"]}}],"collection":[{"href":"https:\/\/www.24zabrze.pl\/wiadomosci\/wp-json\/wp\/v2\/posts"}],"about":[{"href":"https:\/\/www.24zabrze.pl\/wiadomosci\/wp-json\/wp\/v2\/types\/post"}],"author":[{"embeddable":true,"href":"https:\/\/www.24zabrze.pl\/wiadomosci\/wp-json\/wp\/v2\/users\/17"}],"replies":[{"embeddable":true,"href":"https:\/\/www.24zabrze.pl\/wiadomosci\/wp-json\/wp\/v2\/comments?post=98197"}],"version-history":[{"count":4,"href":"https:\/\/www.24zabrze.pl\/wiadomosci\/wp-json\/wp\/v2\/posts\/98197\/revisions"}],"predecessor-version":[{"id":98201,"href":"https:\/\/www.24zabrze.pl\/wiadomosci\/wp-json\/wp\/v2\/posts\/98197\/revisions\/98201"}],"wp:featuredmedia":[{"embeddable":true,"href":"https:\/\/www.24zabrze.pl\/wiadomosci\/wp-json\/wp\/v2\/media\/98202"}],"wp:attachment":[{"href":"https:\/\/www.24zabrze.pl\/wiadomosci\/wp-json\/wp\/v2\/media?parent=98197"}],"wp:term":[{"taxonomy":"category","embeddable":true,"href":"https:\/\/www.24zabrze.pl\/wiadomosci\/wp-json\/wp\/v2\/categories?post=98197"},{"taxonomy":"post_tag","embeddable":true,"href":"https:\/\/www.24zabrze.pl\/wiadomosci\/wp-json\/wp\/v2\/tags?post=98197"}],"curies":[{"name":"wp","href":"https:\/\/api.w.org\/{rel}","templated":true}]}}