{"id":98186,"date":"2022-03-22T09:05:33","date_gmt":"2022-03-22T08:05:33","guid":{"rendered":"https:\/\/www.24zabrze.pl\/wiadomosci\/?p=98186"},"modified":"2022-03-22T09:05:33","modified_gmt":"2022-03-22T08:05:33","slug":"kolejny-transport-pomocy-rzeczowej-dla-ukrainskiego-miasta-rowne-eskulap-podarowal-karetke","status":"publish","type":"post","link":"https:\/\/www.24zabrze.pl\/wiadomosci\/kolejny-transport-pomocy-rzeczowej-dla-ukrainskiego-miasta-rowne-eskulap-podarowal-karetke\/","title":{"rendered":"Kolejny transport pomocy rzeczowej dla ukrai\u0144skiego miasta R\u00f3wne. Eskulap podarowa\u0142 karetk\u0119"},"content":{"rendered":"<div class=\"zabrz-a6-z-nad-leadem-artykulow zabrz-entity-placement\" id=\"zabrz-4165957598\"><div class=\"zabrz-adlabel\"><span style=\"font-size: 9px\">REKLAMA<\/span><\/div><div id=\"zabrz-1766640029\" style=\"margin-bottom: 30px;margin-left: auto;margin-right: auto;text-align: center;\"><a data-no-instant=\"1\" href=\"https:\/\/dom100.eu\/\" rel=\"noopener\" class=\"a2t-link\" target=\"_blank\" aria-label=\"20260415 DOM100 D\"><img loading=\"lazy\" decoding=\"async\" src=\"https:\/\/www.24zabrze.pl\/wiadomosci\/wp-content\/uploads\/2026\/02\/20260415-DOM100-D.jpg\" alt=\"\"  srcset=\"https:\/\/www.24zabrze.pl\/wiadomosci\/wp-content\/uploads\/2026\/02\/20260415-DOM100-D.jpg 750w, https:\/\/www.24zabrze.pl\/wiadomosci\/wp-content\/uploads\/2026\/02\/20260415-DOM100-D-410x109.jpg 410w\" sizes=\"(max-width: 750px) 100vw, 750px\" class=\"no-lazyload\" width=\"750\" height=\"200\"  style=\"display: inline-block; max-width: 100%; height: auto;\" \/><\/a><\/div><\/div><h2>Z Zabrza wyjecha\u0142 kolejny tir wype\u0142niony darami zebranymi z my\u015bl\u0105 o mieszka\u0144cach R\u00f3wnego \u2013 miasta partnerskiego Zabrza na Ukrainie. W\u015br\u00f3d dar\u00f3w znalaz\u0142y si\u0119 przede wszystkim \u015brodki medyczne, \u017cywno\u015b\u0107 oraz odzie\u017c.<\/h4>\n<p>Wi\u0119kszo\u015b\u0107 za\u0142adowanych do tira palet stanowi\u0142y \u015brodki medyczne zakupione w firmie Zarys za 100 tys. z\u0142 przez miasto. Znalaz\u0142y si\u0119 tam r\u00f3wnie\u017c dary zebrane przez centrum handlowe Platan.<\/p><div class=\"zabrz-a3-z-w-tresci-artykulow zabrz-entity-placement\" id=\"zabrz-2362629078\"><div class=\"zabrz-adlabel\"><span style=\"font-size: 9px\">REKLAMA<\/span><\/div><div id=\"zabrz-3149552821\" style=\"margin-bottom: 40px;margin-left: auto;margin-right: auto;text-align: center;\"><a data-no-instant=\"1\" href=\"https:\/\/ogrodyandersa.pl\/\" rel=\"noopener\" class=\"a2t-link\" target=\"_blank\" aria-label=\"20260415 Ogrody Andersa WYBIERZ MIESZKANIE D\"><img loading=\"lazy\" decoding=\"async\" src=\"https:\/\/www.24zabrze.pl\/wiadomosci\/wp-content\/uploads\/2026\/02\/20260415-Ogrody-Andersa-WYBIERZ-MIESZKANIE-D.jpg\" alt=\"\"  srcset=\"https:\/\/www.24zabrze.pl\/wiadomosci\/wp-content\/uploads\/2026\/02\/20260415-Ogrody-Andersa-WYBIERZ-MIESZKANIE-D.jpg 750w, https:\/\/www.24zabrze.pl\/wiadomosci\/wp-content\/uploads\/2026\/02\/20260415-Ogrody-Andersa-WYBIERZ-MIESZKANIE-D-410x109.jpg 410w\" sizes=\"(max-width: 750px) 100vw, 750px\" class=\"no-lazyload\" width=\"750\" height=\"200\"  style=\"display: inline-block; max-width: 100%; height: auto;\" \/><\/a><\/div><\/div>\n<p>\u0141\u0105cznie z Zabrza wyjecha\u0142o 15 palet opatrunk\u00f3w, jednorazowych maseczek, r\u0119kawiczek i innego zaopatrzenia dla szpitali oraz 14 palet produkt\u00f3w spo\u017cywczych i ubra\u0144, kt\u00f3re za po\u015brednictwem Centrum Organizacji Pozarz\u0105dowych przekazali sami zabrzanie oraz lokalni przedsi\u0119biorcy.<\/p>\n<p><a href=\"https:\/\/www.24zabrze.pl\/wiadomosci\/wp-content\/uploads\/2022\/03\/pomoc-ukraina2.jpg\"><img loading=\"lazy\" decoding=\"async\" src=\"https:\/\/www.24zabrze.pl\/wiadomosci\/wp-content\/uploads\/2022\/03\/pomoc-ukraina2.jpg\" alt=\"\" width=\"2048\" height=\"1315\" class=\"alignnone size-full wp-image-98191\" srcset=\"https:\/\/www.24zabrze.pl\/wiadomosci\/wp-content\/uploads\/2022\/03\/pomoc-ukraina2.jpg 2048w, https:\/\/www.24zabrze.pl\/wiadomosci\/wp-content\/uploads\/2022\/03\/pomoc-ukraina2-361x232.jpg 361w, https:\/\/www.24zabrze.pl\/wiadomosci\/wp-content\/uploads\/2022\/03\/pomoc-ukraina2-709x455.jpg 709w, https:\/\/www.24zabrze.pl\/wiadomosci\/wp-content\/uploads\/2022\/03\/pomoc-ukraina2-768x493.jpg 768w, https:\/\/www.24zabrze.pl\/wiadomosci\/wp-content\/uploads\/2022\/03\/pomoc-ukraina2-1536x986.jpg 1536w, https:\/\/www.24zabrze.pl\/wiadomosci\/wp-content\/uploads\/2022\/03\/pomoc-ukraina2-810x520.jpg 810w, https:\/\/www.24zabrze.pl\/wiadomosci\/wp-content\/uploads\/2022\/03\/pomoc-ukraina2-1140x732.jpg 1140w\" sizes=\"auto, (max-width: 2048px) 100vw, 2048px\" \/><\/a><\/p>\n<p>Warto doda\u0107, \u017ce zabrza\u0144ska firma Eskulap podarowa\u0142a miastu karetk\u0119 pogotowia, w celu jej dalszej darowizny dla R\u00f3wnego.<\/p>\n<p>(\u017cms)\/UM Zabrze<br \/>\nfot. UM Zabrze<\/p>\n","protected":false},"excerpt":{"rendered":"<p>Z Zabrza wyjecha\u0142 kolejny tir wype\u0142niony darami zebranymi z my\u015bl\u0105 o mieszka\u0144cach R\u00f3wnego \u2013 miasta partnerskiego Zabrza na Ukrainie. W\u015br\u00f3d dar\u00f3w znalaz\u0142y si\u0119 przede wszystkim \u015brodki medyczne, \u017cywno\u015b\u0107 oraz odzie\u017c. Wi\u0119kszo\u015b\u0107 za\u0142adowanych do tira palet stanowi\u0142y \u015brodki medyczne zakupione w firmie Zarys za 100 tys. z\u0142 przez miasto. Znalaz\u0142y si\u0119 tam r\u00f3wnie\u017c dary zebrane przez [&hellip;]<\/p>\n","protected":false},"author":17,"featured_media":98190,"comment_status":"closed","ping_status":"closed","sticky":false,"template":"","format":"standard","meta":{"_monsterinsights_skip_tracking":false,"_monsterinsights_sitenote_active":false,"_monsterinsights_sitenote_note":"","_monsterinsights_sitenote_category":0,"footnotes":"","_links_to":"","_links_to_target":""},"categories":[8,1],"tags":[],"class_list":["post-98186","post","type-post","status-publish","format-standard","has-post-thumbnail","hentry","category-referendum","category-wszystko"],"_links":{"self":[{"href":"https:\/\/www.24zabrze.pl\/wiadomosci\/wp-json\/wp\/v2\/posts\/98186","targetHints":{"allow":["GET"]}}],"collection":[{"href":"https:\/\/www.24zabrze.pl\/wiadomosci\/wp-json\/wp\/v2\/posts"}],"about":[{"href":"https:\/\/www.24zabrze.pl\/wiadomosci\/wp-json\/wp\/v2\/types\/post"}],"author":[{"embeddable":true,"href":"https:\/\/www.24zabrze.pl\/wiadomosci\/wp-json\/wp\/v2\/users\/17"}],"replies":[{"embeddable":true,"href":"https:\/\/www.24zabrze.pl\/wiadomosci\/wp-json\/wp\/v2\/comments?post=98186"}],"version-history":[{"count":3,"href":"https:\/\/www.24zabrze.pl\/wiadomosci\/wp-json\/wp\/v2\/posts\/98186\/revisions"}],"predecessor-version":[{"id":98192,"href":"https:\/\/www.24zabrze.pl\/wiadomosci\/wp-json\/wp\/v2\/posts\/98186\/revisions\/98192"}],"wp:featuredmedia":[{"embeddable":true,"href":"https:\/\/www.24zabrze.pl\/wiadomosci\/wp-json\/wp\/v2\/media\/98190"}],"wp:attachment":[{"href":"https:\/\/www.24zabrze.pl\/wiadomosci\/wp-json\/wp\/v2\/media?parent=98186"}],"wp:term":[{"taxonomy":"category","embeddable":true,"href":"https:\/\/www.24zabrze.pl\/wiadomosci\/wp-json\/wp\/v2\/categories?post=98186"},{"taxonomy":"post_tag","embeddable":true,"href":"https:\/\/www.24zabrze.pl\/wiadomosci\/wp-json\/wp\/v2\/tags?post=98186"}],"curies":[{"name":"wp","href":"https:\/\/api.w.org\/{rel}","templated":true}]}}