{"id":98171,"date":"2022-03-21T12:23:07","date_gmt":"2022-03-21T11:23:07","guid":{"rendered":"https:\/\/www.24zabrze.pl\/wiadomosci\/?p=98171"},"modified":"2022-03-21T12:23:07","modified_gmt":"2022-03-21T11:23:07","slug":"piec-kamienic-w-miescie-przejdzie-termomodernizacje-udalo-sie-pozyskac-dofinansowanie","status":"publish","type":"post","link":"https:\/\/www.24zabrze.pl\/wiadomosci\/piec-kamienic-w-miescie-przejdzie-termomodernizacje-udalo-sie-pozyskac-dofinansowanie\/","title":{"rendered":"Pi\u0119\u0107 kamienic w mie\u015bcie przejdzie termomodernizacj\u0119. Uda\u0142o si\u0119 pozyska\u0107 dofinansowanie"},"content":{"rendered":"<div class=\"zabrz-a6-z-nad-leadem-artykulow zabrz-entity-placement\" id=\"zabrz-3752073849\"><div class=\"zabrz-adlabel\"><span style=\"font-size: 9px\">REKLAMA<\/span><\/div><div id=\"zabrz-922809874\" style=\"margin-bottom: 30px;margin-left: auto;margin-right: auto;text-align: center;\"><a data-no-instant=\"1\" href=\"https:\/\/dom100.eu\/\" rel=\"noopener\" class=\"a2t-link\" target=\"_blank\" aria-label=\"20260415 DOM100 D\"><img loading=\"lazy\" decoding=\"async\" src=\"https:\/\/www.24zabrze.pl\/wiadomosci\/wp-content\/uploads\/2026\/02\/20260415-DOM100-D.jpg\" alt=\"\"  srcset=\"https:\/\/www.24zabrze.pl\/wiadomosci\/wp-content\/uploads\/2026\/02\/20260415-DOM100-D.jpg 750w, https:\/\/www.24zabrze.pl\/wiadomosci\/wp-content\/uploads\/2026\/02\/20260415-DOM100-D-410x109.jpg 410w\" sizes=\"(max-width: 750px) 100vw, 750px\" class=\"no-lazyload\" width=\"750\" height=\"200\"  style=\"display: inline-block; max-width: 100%; height: auto;\" \/><\/a><\/div><\/div><h2>Miasto pozyska\u0142o \u015brodki finansowe, kt\u00f3re przeznaczy na termomodernizacj\u0119 kolejnych obiekt\u00f3w miejskich &#8211; pi\u0119ciu kamienic usytuowanych przy ul. 11 Listopada 163a-165a, Nawrata 9, Nyskiej 30, Po\u015bpiecha 12 oraz Pi\u0142sudskiego 13.<\/h2>\n<p><a href=\"https:\/\/www.24zabrze.pl\/wiadomosci\/wp-content\/uploads\/2022\/03\/kamienice-termomodernizacja.jpg\"><img loading=\"lazy\" decoding=\"async\" class=\"alignnone  wp-image-98174\" src=\"https:\/\/www.24zabrze.pl\/wiadomosci\/wp-content\/uploads\/2022\/03\/kamienice-termomodernizacja.jpg\" alt=\"\" width=\"1050\" height=\"591\" srcset=\"https:\/\/www.24zabrze.pl\/wiadomosci\/wp-content\/uploads\/2022\/03\/kamienice-termomodernizacja.jpg 810w, https:\/\/www.24zabrze.pl\/wiadomosci\/wp-content\/uploads\/2022\/03\/kamienice-termomodernizacja-410x232.jpg 410w, https:\/\/www.24zabrze.pl\/wiadomosci\/wp-content\/uploads\/2022\/03\/kamienice-termomodernizacja-808x455.jpg 808w, https:\/\/www.24zabrze.pl\/wiadomosci\/wp-content\/uploads\/2022\/03\/kamienice-termomodernizacja-768x432.jpg 768w\" sizes=\"auto, (max-width: 1050px) 100vw, 1050px\" \/><\/a><\/p>\n<p><a href=\"https:\/\/www.24zabrze.pl\/wiadomosci\/wp-content\/uploads\/2022\/03\/kamienice-termomodernizacja2.jpg\"><img loading=\"lazy\" decoding=\"async\" class=\"alignnone  wp-image-98175\" src=\"https:\/\/www.24zabrze.pl\/wiadomosci\/wp-content\/uploads\/2022\/03\/kamienice-termomodernizacja2.jpg\" alt=\"\" width=\"1122\" height=\"748\" srcset=\"https:\/\/www.24zabrze.pl\/wiadomosci\/wp-content\/uploads\/2022\/03\/kamienice-termomodernizacja2.jpg 810w, https:\/\/www.24zabrze.pl\/wiadomosci\/wp-content\/uploads\/2022\/03\/kamienice-termomodernizacja2-348x232.jpg 348w, https:\/\/www.24zabrze.pl\/wiadomosci\/wp-content\/uploads\/2022\/03\/kamienice-termomodernizacja2-683x455.jpg 683w, https:\/\/www.24zabrze.pl\/wiadomosci\/wp-content\/uploads\/2022\/03\/kamienice-termomodernizacja2-768x512.jpg 768w\" sizes=\"auto, (max-width: 1122px) 100vw, 1122px\" \/><\/a><\/p>\n<p>Na realizacj\u0119 projektu przewiduj\u0105cego termomodernizacj\u0119 w\/w kamienic magistrat przeznaczy \u015brodki z bud\u017cetu miasta oraz fundusze pozyskane z Wojew\u00f3dzkiego Funduszu Ochrony \u015arodowiska i Gospodarki Wodnej w Warszawie, kt\u00f3re pokryj\u0105 ok. 75 proc. koszt\u00f3w prac remontowych.<\/p><div class=\"zabrz-a3-z-w-tresci-artykulow zabrz-entity-placement\" id=\"zabrz-299334098\"><div class=\"zabrz-adlabel\"><span style=\"font-size: 9px\">REKLAMA<\/span><\/div><div id=\"zabrz-1200194503\" style=\"margin-bottom: 40px;margin-left: auto;margin-right: auto;text-align: center;\"><a data-no-instant=\"1\" href=\"https:\/\/ogrodyandersa.pl\/\" rel=\"noopener\" class=\"a2t-link\" target=\"_blank\" aria-label=\"20260415 Ogrody Andersa WYBIERZ MIESZKANIE D\"><img loading=\"lazy\" decoding=\"async\" src=\"https:\/\/www.24zabrze.pl\/wiadomosci\/wp-content\/uploads\/2026\/02\/20260415-Ogrody-Andersa-WYBIERZ-MIESZKANIE-D.jpg\" alt=\"\"  srcset=\"https:\/\/www.24zabrze.pl\/wiadomosci\/wp-content\/uploads\/2026\/02\/20260415-Ogrody-Andersa-WYBIERZ-MIESZKANIE-D.jpg 750w, https:\/\/www.24zabrze.pl\/wiadomosci\/wp-content\/uploads\/2026\/02\/20260415-Ogrody-Andersa-WYBIERZ-MIESZKANIE-D-410x109.jpg 410w\" sizes=\"(max-width: 750px) 100vw, 750px\" class=\"no-lazyload\" width=\"750\" height=\"200\"  style=\"display: inline-block; max-width: 100%; height: auto;\" \/><\/a><\/div><\/div>\n<h4>Przypomnijmy, \u017ce w ostatnich latach dokonali\u015bmy termomodernizacji ponad 80 budynk\u00f3w miejskich (w za kwot\u0119 ponad 100 mln z\u0142).<\/h4>\n<p>Kompleksowa termomodernizacja budynk\u00f3w usytuowanych we wspomnianych lokalizacjach przeprowadzona zostanie w ramach projektu pn. \u201eWspieranie efektywno\u015bci energetycznej w budynkach mieszkalnych w Zabrzu-etap III\u201d. Instytucj\u0105 wdra\u017caj\u0105c\u0105, z kt\u00f3r\u0105 miasto podpisa\u0142o w tym temacie stosown\u0105 umow\u0119 jest Wojew\u00f3dzki Fundusz Ochrony \u015arodowiska i Gospodarki Wodnej w Katowicach.<\/p>\n<p><a href=\"https:\/\/www.24zabrze.pl\/wiadomosci\/wp-content\/uploads\/2022\/03\/kamienice-termomodernizacja6.jpg\"><img loading=\"lazy\" decoding=\"async\" class=\"alignnone  wp-image-98179\" src=\"https:\/\/www.24zabrze.pl\/wiadomosci\/wp-content\/uploads\/2022\/03\/kamienice-termomodernizacja6.jpg\" alt=\"\" width=\"1196\" height=\"797\" srcset=\"https:\/\/www.24zabrze.pl\/wiadomosci\/wp-content\/uploads\/2022\/03\/kamienice-termomodernizacja6.jpg 810w, https:\/\/www.24zabrze.pl\/wiadomosci\/wp-content\/uploads\/2022\/03\/kamienice-termomodernizacja6-348x232.jpg 348w, https:\/\/www.24zabrze.pl\/wiadomosci\/wp-content\/uploads\/2022\/03\/kamienice-termomodernizacja6-683x455.jpg 683w, https:\/\/www.24zabrze.pl\/wiadomosci\/wp-content\/uploads\/2022\/03\/kamienice-termomodernizacja6-768x512.jpg 768w\" sizes=\"auto, (max-width: 1196px) 100vw, 1196px\" \/><\/a><\/p>\n<p><a href=\"https:\/\/www.24zabrze.pl\/wiadomosci\/wp-content\/uploads\/2022\/03\/kamienice-termomodernizacja5.jpg\"><img loading=\"lazy\" decoding=\"async\" class=\"alignnone  wp-image-98178\" src=\"https:\/\/www.24zabrze.pl\/wiadomosci\/wp-content\/uploads\/2022\/03\/kamienice-termomodernizacja5.jpg\" alt=\"\" width=\"1122\" height=\"748\" srcset=\"https:\/\/www.24zabrze.pl\/wiadomosci\/wp-content\/uploads\/2022\/03\/kamienice-termomodernizacja5.jpg 810w, https:\/\/www.24zabrze.pl\/wiadomosci\/wp-content\/uploads\/2022\/03\/kamienice-termomodernizacja5-348x232.jpg 348w, https:\/\/www.24zabrze.pl\/wiadomosci\/wp-content\/uploads\/2022\/03\/kamienice-termomodernizacja5-683x455.jpg 683w, https:\/\/www.24zabrze.pl\/wiadomosci\/wp-content\/uploads\/2022\/03\/kamienice-termomodernizacja5-768x512.jpg 768w\" sizes=\"auto, (max-width: 1122px) 100vw, 1122px\" \/><\/a><\/p>\n<p>Ca\u0142kowity koszt inwestycji to nieco ponad 3 mln z\u0142, w tym koszty kwalifikowane wynios\u0105 2,7 mln z\u0142, a dofinansowanie 2,3 mln z\u0142. Projekt stanowi kontynuacj\u0119 dzia\u0142a\u0144 podj\u0119tych w ramach zada\u0144 pn. \u201eWspieranie efektywno\u015bci energetycznej w budynkach mieszkalnych w Zabrzu\u201d i \u201eWspieranie efektywno\u015bci energetycznej w budynkach mieszkalnych w Zabrzu-etap II\u201d.<\/p>\n<h4>Jednym z g\u0142\u00f3wnych cel\u00f3w przeprowadzanych termomodernizacji, opr\u00f3cz poprawy estetyki budynk\u00f3w, jest obni\u017cenie zu\u017cycia energii oraz ograniczenie emisji dwutlenku w\u0119gla.<\/h4>\n<p>Prace remontowe obejm\u0105 m. in.: docieplenie \u015bcian, stropodach\u00f3w, strop\u00f3w, dach\u00f3w, wymian\u0119 stolarki okiennej oraz drzwiowej, wymian\u0119 instalacji c.o. w tym: wymian\u0119 grzejnik\u00f3w i zawor\u00f3w oraz wymian\u0119 istniej\u0105cego \u017ar\u00f3d\u0142a ciep\u0142a.<\/p>\n<p>(\u017cms)\/UM Zabrze<br \/>\nfot. UM Zabrze\/Pawe\u0142 JaNic Janicki<\/p>\n<p><a href=\"https:\/\/www.24zabrze.pl\/wiadomosci\/wp-content\/uploads\/2022\/03\/kamienice-termomodernizacja9.jpg\"><img loading=\"lazy\" decoding=\"async\" class=\"alignnone  wp-image-98182\" src=\"https:\/\/www.24zabrze.pl\/wiadomosci\/wp-content\/uploads\/2022\/03\/kamienice-termomodernizacja9.jpg\" alt=\"\" width=\"990\" height=\"660\" srcset=\"https:\/\/www.24zabrze.pl\/wiadomosci\/wp-content\/uploads\/2022\/03\/kamienice-termomodernizacja9.jpg 810w, https:\/\/www.24zabrze.pl\/wiadomosci\/wp-content\/uploads\/2022\/03\/kamienice-termomodernizacja9-348x232.jpg 348w, https:\/\/www.24zabrze.pl\/wiadomosci\/wp-content\/uploads\/2022\/03\/kamienice-termomodernizacja9-683x455.jpg 683w, https:\/\/www.24zabrze.pl\/wiadomosci\/wp-content\/uploads\/2022\/03\/kamienice-termomodernizacja9-768x512.jpg 768w\" sizes=\"auto, (max-width: 990px) 100vw, 990px\" \/><\/a><\/p>\n<p><a href=\"https:\/\/www.24zabrze.pl\/wiadomosci\/wp-content\/uploads\/2022\/03\/kamienice-termomodernizacja7.jpg\"><img loading=\"lazy\" decoding=\"async\" class=\"alignnone  wp-image-98180\" src=\"https:\/\/www.24zabrze.pl\/wiadomosci\/wp-content\/uploads\/2022\/03\/kamienice-termomodernizacja7.jpg\" alt=\"\" width=\"1082\" height=\"721\" srcset=\"https:\/\/www.24zabrze.pl\/wiadomosci\/wp-content\/uploads\/2022\/03\/kamienice-termomodernizacja7.jpg 810w, https:\/\/www.24zabrze.pl\/wiadomosci\/wp-content\/uploads\/2022\/03\/kamienice-termomodernizacja7-348x232.jpg 348w, https:\/\/www.24zabrze.pl\/wiadomosci\/wp-content\/uploads\/2022\/03\/kamienice-termomodernizacja7-683x455.jpg 683w, https:\/\/www.24zabrze.pl\/wiadomosci\/wp-content\/uploads\/2022\/03\/kamienice-termomodernizacja7-768x512.jpg 768w\" sizes=\"auto, (max-width: 1082px) 100vw, 1082px\" \/><\/a><\/p>\n<p><a href=\"https:\/\/www.24zabrze.pl\/wiadomosci\/wp-content\/uploads\/2022\/03\/kamienice-termomodernizacja4.jpg\"><img loading=\"lazy\" decoding=\"async\" class=\"alignnone  wp-image-98177\" src=\"https:\/\/www.24zabrze.pl\/wiadomosci\/wp-content\/uploads\/2022\/03\/kamienice-termomodernizacja4.jpg\" alt=\"\" width=\"1115\" height=\"743\" srcset=\"https:\/\/www.24zabrze.pl\/wiadomosci\/wp-content\/uploads\/2022\/03\/kamienice-termomodernizacja4.jpg 810w, https:\/\/www.24zabrze.pl\/wiadomosci\/wp-content\/uploads\/2022\/03\/kamienice-termomodernizacja4-348x232.jpg 348w, https:\/\/www.24zabrze.pl\/wiadomosci\/wp-content\/uploads\/2022\/03\/kamienice-termomodernizacja4-683x455.jpg 683w, https:\/\/www.24zabrze.pl\/wiadomosci\/wp-content\/uploads\/2022\/03\/kamienice-termomodernizacja4-768x512.jpg 768w\" sizes=\"auto, (max-width: 1115px) 100vw, 1115px\" \/><\/a><\/p>\n<p><a href=\"https:\/\/www.24zabrze.pl\/wiadomosci\/wp-content\/uploads\/2022\/03\/kamienice-termomodernizacja3.jpg\"><img loading=\"lazy\" decoding=\"async\" class=\"alignnone  wp-image-98176\" src=\"https:\/\/www.24zabrze.pl\/wiadomosci\/wp-content\/uploads\/2022\/03\/kamienice-termomodernizacja3.jpg\" alt=\"\" width=\"1027\" height=\"1541\" srcset=\"https:\/\/www.24zabrze.pl\/wiadomosci\/wp-content\/uploads\/2022\/03\/kamienice-termomodernizacja3.jpg 540w, https:\/\/www.24zabrze.pl\/wiadomosci\/wp-content\/uploads\/2022\/03\/kamienice-termomodernizacja3-155x232.jpg 155w, https:\/\/www.24zabrze.pl\/wiadomosci\/wp-content\/uploads\/2022\/03\/kamienice-termomodernizacja3-303x455.jpg 303w\" sizes=\"auto, (max-width: 1027px) 100vw, 1027px\" \/><\/a><\/p>\n","protected":false},"excerpt":{"rendered":"<p>Miasto pozyska\u0142o \u015brodki finansowe, kt\u00f3re przeznaczy na termomodernizacj\u0119 kolejnych obiekt\u00f3w miejskich &#8211; pi\u0119ciu kamienic usytuowanych przy ul. 11 Listopada 163a-165a, Nawrata 9, Nyskiej 30, Po\u015bpiecha 12 oraz Pi\u0142sudskiego 13. Na realizacj\u0119 projektu przewiduj\u0105cego termomodernizacj\u0119 w\/w kamienic magistrat przeznaczy \u015brodki z bud\u017cetu miasta oraz fundusze pozyskane z Wojew\u00f3dzkiego Funduszu Ochrony \u015arodowiska i Gospodarki Wodnej w Warszawie, [&hellip;]<\/p>\n","protected":false},"author":17,"featured_media":98181,"comment_status":"closed","ping_status":"closed","sticky":false,"template":"","format":"standard","meta":{"_monsterinsights_skip_tracking":false,"_monsterinsights_sitenote_active":false,"_monsterinsights_sitenote_note":"","_monsterinsights_sitenote_category":0,"footnotes":"","_links_to":"","_links_to_target":""},"categories":[8,9,1],"tags":[],"class_list":["post-98171","post","type-post","status-publish","format-standard","has-post-thumbnail","hentry","category-referendum","category-stronaglowna","category-wszystko"],"_links":{"self":[{"href":"https:\/\/www.24zabrze.pl\/wiadomosci\/wp-json\/wp\/v2\/posts\/98171","targetHints":{"allow":["GET"]}}],"collection":[{"href":"https:\/\/www.24zabrze.pl\/wiadomosci\/wp-json\/wp\/v2\/posts"}],"about":[{"href":"https:\/\/www.24zabrze.pl\/wiadomosci\/wp-json\/wp\/v2\/types\/post"}],"author":[{"embeddable":true,"href":"https:\/\/www.24zabrze.pl\/wiadomosci\/wp-json\/wp\/v2\/users\/17"}],"replies":[{"embeddable":true,"href":"https:\/\/www.24zabrze.pl\/wiadomosci\/wp-json\/wp\/v2\/comments?post=98171"}],"version-history":[{"count":5,"href":"https:\/\/www.24zabrze.pl\/wiadomosci\/wp-json\/wp\/v2\/posts\/98171\/revisions"}],"predecessor-version":[{"id":98185,"href":"https:\/\/www.24zabrze.pl\/wiadomosci\/wp-json\/wp\/v2\/posts\/98171\/revisions\/98185"}],"wp:featuredmedia":[{"embeddable":true,"href":"https:\/\/www.24zabrze.pl\/wiadomosci\/wp-json\/wp\/v2\/media\/98181"}],"wp:attachment":[{"href":"https:\/\/www.24zabrze.pl\/wiadomosci\/wp-json\/wp\/v2\/media?parent=98171"}],"wp:term":[{"taxonomy":"category","embeddable":true,"href":"https:\/\/www.24zabrze.pl\/wiadomosci\/wp-json\/wp\/v2\/categories?post=98171"},{"taxonomy":"post_tag","embeddable":true,"href":"https:\/\/www.24zabrze.pl\/wiadomosci\/wp-json\/wp\/v2\/tags?post=98171"}],"curies":[{"name":"wp","href":"https:\/\/api.w.org\/{rel}","templated":true}]}}