{"id":97785,"date":"2022-02-22T14:41:48","date_gmt":"2022-02-22T13:41:48","guid":{"rendered":"https:\/\/www.24zabrze.pl\/wiadomosci\/?p=97785"},"modified":"2022-02-22T15:37:48","modified_gmt":"2022-02-22T14:37:48","slug":"belka-juz-wyburzona-funkcjonuje-tymczasowy-dworzec-centrum-przesiadkowe-bedzie-gotowe-w-2023","status":"publish","type":"post","link":"https:\/\/www.24zabrze.pl\/wiadomosci\/belka-juz-wyburzona-funkcjonuje-tymczasowy-dworzec-centrum-przesiadkowe-bedzie-gotowe-w-2023\/","title":{"rendered":"&#8220;Belka&#8221; ju\u017c wyburzona, funkcjonuje tymczasowy dworzec. Centrum Przesiadkowe b\u0119dzie gotowe w 2023"},"content":{"rendered":"<div class=\"zabrz-a6-z-nad-leadem-artykulow zabrz-entity-placement\" id=\"zabrz-2719664775\"><div class=\"zabrz-adlabel\"><span style=\"font-size: 9px\">REKLAMA<\/span><\/div><div id=\"zabrz-3181038728\" style=\"margin-bottom: 30px;margin-left: auto;margin-right: auto;text-align: center;\"><a data-no-instant=\"1\" href=\"https:\/\/dom100.eu\/\" rel=\"noopener\" class=\"a2t-link\" target=\"_blank\" aria-label=\"20260415 DOM100 D\"><img loading=\"lazy\" decoding=\"async\" src=\"https:\/\/www.24zabrze.pl\/wiadomosci\/wp-content\/uploads\/2026\/02\/20260415-DOM100-D.jpg\" alt=\"\"  srcset=\"https:\/\/www.24zabrze.pl\/wiadomosci\/wp-content\/uploads\/2026\/02\/20260415-DOM100-D.jpg 750w, https:\/\/www.24zabrze.pl\/wiadomosci\/wp-content\/uploads\/2026\/02\/20260415-DOM100-D-410x109.jpg 410w\" sizes=\"(max-width: 750px) 100vw, 750px\" class=\"no-lazyload\" width=\"750\" height=\"200\"  style=\"display: inline-block; max-width: 100%; height: auto;\" \/><\/a><\/div><\/div><h2>W kwietniu 2023 roku gotowe powinno by\u0107 centrum przesiadkowe, kt\u00f3re wybudowane zostanie w miejscu tzw. &#8220;Belki&#8221; przy ul. Goethego. Koszt inwestycji to prawie 55 mln z\u0142. Miasto przypomina, \u017ce przy placu Dworcowym dzia\u0142a tymczasowy dworzec autobusowy.<\/h2>\n<p><a href=\"https:\/\/www.24zabrze.pl\/wiadomosci\/wp-content\/uploads\/2022\/02\/20-grudnia-2022-ostatni-dzien-dworca-autobusowego-w-zabrzu-fot.-Pawel-JaNic-Janicki-036-scaled-1.jpg\"><img loading=\"lazy\" decoding=\"async\" src=\"https:\/\/www.24zabrze.pl\/wiadomosci\/wp-content\/uploads\/2022\/02\/20-grudnia-2022-ostatni-dzien-dworca-autobusowego-w-zabrzu-fot.-Pawel-JaNic-Janicki-036-scaled-1.jpg\" alt=\"\" width=\"810\" height=\"540\" class=\"alignnone size-full wp-image-97792\" srcset=\"https:\/\/www.24zabrze.pl\/wiadomosci\/wp-content\/uploads\/2022\/02\/20-grudnia-2022-ostatni-dzien-dworca-autobusowego-w-zabrzu-fot.-Pawel-JaNic-Janicki-036-scaled-1.jpg 810w, https:\/\/www.24zabrze.pl\/wiadomosci\/wp-content\/uploads\/2022\/02\/20-grudnia-2022-ostatni-dzien-dworca-autobusowego-w-zabrzu-fot.-Pawel-JaNic-Janicki-036-scaled-1-348x232.jpg 348w, https:\/\/www.24zabrze.pl\/wiadomosci\/wp-content\/uploads\/2022\/02\/20-grudnia-2022-ostatni-dzien-dworca-autobusowego-w-zabrzu-fot.-Pawel-JaNic-Janicki-036-scaled-1-683x455.jpg 683w, https:\/\/www.24zabrze.pl\/wiadomosci\/wp-content\/uploads\/2022\/02\/20-grudnia-2022-ostatni-dzien-dworca-autobusowego-w-zabrzu-fot.-Pawel-JaNic-Janicki-036-scaled-1-768x512.jpg 768w\" sizes=\"auto, (max-width: 810px) 100vw, 810px\" \/><\/a><\/p>\n<p>Obiekt funkcjonuje mi\u0119dzy poczt\u0105 a dworcem PKP, czyli na obecnym obszarze Strefy P\u0142atnego Parkowania Niestrze\u017conego. Zarz\u0105d Transportu Metropolitalnego uruchomi\u0142 tak\u017ce, po\u0142\u0105czenia na \u201ema\u0142\u0105 stref\u0119 ekonomiczn\u0105\u201c w Grzybowicach i Specjaln\u0105 Stref\u0119 Ekonomiczn\u0105 w Mikulczycach. To dobra informacja m.in. dla tych, kt\u00f3rzy na co dzie\u0144 pracuj\u0105 w zabrza\u0144skich strefach ekonomicznych. ZTM rozszerza ofert\u0119 i zmienia trasy linii 15, 111 i 617. <\/p><div class=\"zabrz-a3-z-w-tresci-artykulow zabrz-entity-placement\" id=\"zabrz-1930151128\"><div class=\"zabrz-adlabel\"><span style=\"font-size: 9px\">REKLAMA<\/span><\/div><div id=\"zabrz-2377195764\" style=\"margin-bottom: 40px;margin-left: auto;margin-right: auto;text-align: center;\"><a data-no-instant=\"1\" href=\"https:\/\/ogrodyandersa.pl\/\" rel=\"noopener\" class=\"a2t-link\" target=\"_blank\" aria-label=\"20260415 Ogrody Andersa WYBIERZ MIESZKANIE D\"><img loading=\"lazy\" decoding=\"async\" src=\"https:\/\/www.24zabrze.pl\/wiadomosci\/wp-content\/uploads\/2026\/02\/20260415-Ogrody-Andersa-WYBIERZ-MIESZKANIE-D.jpg\" alt=\"\"  srcset=\"https:\/\/www.24zabrze.pl\/wiadomosci\/wp-content\/uploads\/2026\/02\/20260415-Ogrody-Andersa-WYBIERZ-MIESZKANIE-D.jpg 750w, https:\/\/www.24zabrze.pl\/wiadomosci\/wp-content\/uploads\/2026\/02\/20260415-Ogrody-Andersa-WYBIERZ-MIESZKANIE-D-410x109.jpg 410w\" sizes=\"(max-width: 750px) 100vw, 750px\" class=\"no-lazyload\" width=\"750\" height=\"200\"  style=\"display: inline-block; max-width: 100%; height: auto;\" \/><\/a><\/div><\/div>\n<h4>Do \u201ema\u0142ej strefy ekonomicznej\u201d w Grzybowicach dociera\u0107 b\u0119d\u0105 linie 15 i 617. Ich trasy obejm\u0105 dodatkow\u0105 obs\u0142ug\u0119 przystank\u00f3w Grzybowice Hallera n\u017c, Grzybowice Handlowa Zach\u00f3d i Grzybowice Handlowa Wsch\u00f3d.<\/h4>\n<p>Nowe po\u0142\u0105czenia pojawi\u0142y si\u0119 w Specjalnej Strefie Ekonomicznej w Mikulczycach. Pasa\u017cerowie, kt\u00f3rzy codziennie doje\u017cd\u017caj\u0105 tam do pracy mog\u0105 korzysta\u0107 z linii 111 i nowych, dwukierunkowych przystank\u00f3w. Ta poprawa oferty komunikacji miejskiej to efekt wsp\u00f3\u0142pracy ZTM z Miastem Zabrze.<\/p>\n<p><a href=\"https:\/\/www.24zabrze.pl\/wiadomosci\/wp-content\/uploads\/2022\/02\/20-grudnia-2022-ostatni-dzien-dworca-autobusowego-w-zabrzu-fot.-Pawel-JaNic-Janicki-045-scaled-1.jpg\"><img loading=\"lazy\" decoding=\"async\" src=\"https:\/\/www.24zabrze.pl\/wiadomosci\/wp-content\/uploads\/2022\/02\/20-grudnia-2022-ostatni-dzien-dworca-autobusowego-w-zabrzu-fot.-Pawel-JaNic-Janicki-045-scaled-1.jpg\" alt=\"\" width=\"810\" height=\"540\" class=\"alignnone size-full wp-image-97794\" srcset=\"https:\/\/www.24zabrze.pl\/wiadomosci\/wp-content\/uploads\/2022\/02\/20-grudnia-2022-ostatni-dzien-dworca-autobusowego-w-zabrzu-fot.-Pawel-JaNic-Janicki-045-scaled-1.jpg 810w, https:\/\/www.24zabrze.pl\/wiadomosci\/wp-content\/uploads\/2022\/02\/20-grudnia-2022-ostatni-dzien-dworca-autobusowego-w-zabrzu-fot.-Pawel-JaNic-Janicki-045-scaled-1-348x232.jpg 348w, https:\/\/www.24zabrze.pl\/wiadomosci\/wp-content\/uploads\/2022\/02\/20-grudnia-2022-ostatni-dzien-dworca-autobusowego-w-zabrzu-fot.-Pawel-JaNic-Janicki-045-scaled-1-683x455.jpg 683w, https:\/\/www.24zabrze.pl\/wiadomosci\/wp-content\/uploads\/2022\/02\/20-grudnia-2022-ostatni-dzien-dworca-autobusowego-w-zabrzu-fot.-Pawel-JaNic-Janicki-045-scaled-1-768x512.jpg 768w\" sizes=\"auto, (max-width: 810px) 100vw, 810px\" \/><\/a><\/p>\n<p>Uruchomione do stref ekonomicznych po\u0142\u0105czenia to element kompleksowego podej\u015bcia do poprawy komunikacji miejskiej. Dobrze \u0142\u0105czy si\u0119 to ze specjaln\u0105 ofert\u0105 skierowan\u0105 do pracodawc\u00f3w. Zainteresowanym ZTM proponuje m.in. upusty na przejazdy nawet do 10 proc.<\/p>\n<h4>Przypominamy, \u017ce od 22 stycznia w rejonie placu Dworcowego wprowadzone zosta\u0142o ograniczenie ruchu, kt\u00f3re obowi\u0105zywa\u0142o b\u0119dzie do 14 maja 2023 roku. <\/h4>\n<p>Ograniczenie nie dotyczy:<\/p>\n<ul>\n<li>samochod\u00f3w zaopatrzenia:\n<ul>\n<li>z wojew\u00f3dztwa \u015bl\u0105skiego (od 6.00 do 16.00),<\/li>\n<li>spoza wojew\u00f3dztwa \u015bl\u0105skiego (od 6.00 do 20.00),<\/li>\n<\/ul>\n<\/li>\n<li>samochod\u00f3w osobowych w\u0142a\u015bcicieli plac\u00f3wek (na 15 minut przed zamkni\u0119ciem plac\u00f3wki),<\/li>\n<li>pojazd\u00f3w klient\u00f3w zg\u0142aszaj\u0105cych si\u0119 po odbi\u00f3r sprz\u0119tu wielogabarytowego (meble, AGD, RTV \u2013 na podstawie dowodu zakupu),<\/li>\n<li>pojazd\u00f3w mieszka\u0144c\u00f3w zamieszka\u0142ych w strefie oraz u\u017cytkownik\u00f3w lokali,<\/li>\n<li>pojazd\u00f3w \u201cTaxi\u201d (na czas dowozu i odbioru pasa\u017cer\u00f3w),<\/li>\n<li>oznakowanych pojazd\u00f3w uprzywilejowanych,<\/li>\n<li>rower\u00f3w.<\/li>\n<\/ul>\n<p>Pojazdy zaopatrzenia i w\u0142a\u015bcicieli plac\u00f3wek na czas postoju musz\u0105 by\u0107 oznaczone tabliczk\u0105 (format A4) z nazw\u0105 zaopatrywanego punktu.<\/p>\n<p>(\u017cms)\/UM Zabrze<br \/>\nfot. Pawe\u0142 JaNic Janicki\/UM Zabrze<\/p>\n<p><a href=\"https:\/\/www.24zabrze.pl\/wiadomosci\/wp-content\/uploads\/2022\/02\/4-lutego-2022-ostatni-dzien-dworca-autobusowego-w-zabrzu-fot.-Pawel-JaNic-Janicki-011-scaled-1.jpg\"><img loading=\"lazy\" decoding=\"async\" src=\"https:\/\/www.24zabrze.pl\/wiadomosci\/wp-content\/uploads\/2022\/02\/4-lutego-2022-ostatni-dzien-dworca-autobusowego-w-zabrzu-fot.-Pawel-JaNic-Janicki-011-scaled-1.jpg\" alt=\"\" width=\"810\" height=\"540\" class=\"alignnone size-full wp-image-97791\" srcset=\"https:\/\/www.24zabrze.pl\/wiadomosci\/wp-content\/uploads\/2022\/02\/4-lutego-2022-ostatni-dzien-dworca-autobusowego-w-zabrzu-fot.-Pawel-JaNic-Janicki-011-scaled-1.jpg 810w, https:\/\/www.24zabrze.pl\/wiadomosci\/wp-content\/uploads\/2022\/02\/4-lutego-2022-ostatni-dzien-dworca-autobusowego-w-zabrzu-fot.-Pawel-JaNic-Janicki-011-scaled-1-348x232.jpg 348w, https:\/\/www.24zabrze.pl\/wiadomosci\/wp-content\/uploads\/2022\/02\/4-lutego-2022-ostatni-dzien-dworca-autobusowego-w-zabrzu-fot.-Pawel-JaNic-Janicki-011-scaled-1-683x455.jpg 683w, https:\/\/www.24zabrze.pl\/wiadomosci\/wp-content\/uploads\/2022\/02\/4-lutego-2022-ostatni-dzien-dworca-autobusowego-w-zabrzu-fot.-Pawel-JaNic-Janicki-011-scaled-1-768x512.jpg 768w\" sizes=\"auto, (max-width: 810px) 100vw, 810px\" \/><\/a><\/p>\n<p><a href=\"https:\/\/www.24zabrze.pl\/wiadomosci\/wp-content\/uploads\/2022\/02\/4-lutego-2022-ostatni-dzien-dworca-autobusowego-w-zabrzu-fot.-Pawel-JaNic-Janicki-009-scaled-1.jpg\"><img loading=\"lazy\" decoding=\"async\" src=\"https:\/\/www.24zabrze.pl\/wiadomosci\/wp-content\/uploads\/2022\/02\/4-lutego-2022-ostatni-dzien-dworca-autobusowego-w-zabrzu-fot.-Pawel-JaNic-Janicki-009-scaled-1.jpg\" alt=\"\" width=\"810\" height=\"540\" class=\"alignnone size-full wp-image-97790\" srcset=\"https:\/\/www.24zabrze.pl\/wiadomosci\/wp-content\/uploads\/2022\/02\/4-lutego-2022-ostatni-dzien-dworca-autobusowego-w-zabrzu-fot.-Pawel-JaNic-Janicki-009-scaled-1.jpg 810w, https:\/\/www.24zabrze.pl\/wiadomosci\/wp-content\/uploads\/2022\/02\/4-lutego-2022-ostatni-dzien-dworca-autobusowego-w-zabrzu-fot.-Pawel-JaNic-Janicki-009-scaled-1-348x232.jpg 348w, https:\/\/www.24zabrze.pl\/wiadomosci\/wp-content\/uploads\/2022\/02\/4-lutego-2022-ostatni-dzien-dworca-autobusowego-w-zabrzu-fot.-Pawel-JaNic-Janicki-009-scaled-1-683x455.jpg 683w, https:\/\/www.24zabrze.pl\/wiadomosci\/wp-content\/uploads\/2022\/02\/4-lutego-2022-ostatni-dzien-dworca-autobusowego-w-zabrzu-fot.-Pawel-JaNic-Janicki-009-scaled-1-768x512.jpg 768w\" sizes=\"auto, (max-width: 810px) 100vw, 810px\" \/><\/a><\/p>\n<p><a href=\"https:\/\/www.24zabrze.pl\/wiadomosci\/wp-content\/uploads\/2022\/02\/4-lutego-2022-ostatni-dzien-dworca-autobusowego-w-zabrzu-fot.-Pawel-JaNic-Janicki-005-scaled-1.jpg\"><img loading=\"lazy\" decoding=\"async\" src=\"https:\/\/www.24zabrze.pl\/wiadomosci\/wp-content\/uploads\/2022\/02\/4-lutego-2022-ostatni-dzien-dworca-autobusowego-w-zabrzu-fot.-Pawel-JaNic-Janicki-005-scaled-1.jpg\" alt=\"\" width=\"810\" height=\"540\" class=\"alignnone size-full wp-image-97789\" srcset=\"https:\/\/www.24zabrze.pl\/wiadomosci\/wp-content\/uploads\/2022\/02\/4-lutego-2022-ostatni-dzien-dworca-autobusowego-w-zabrzu-fot.-Pawel-JaNic-Janicki-005-scaled-1.jpg 810w, https:\/\/www.24zabrze.pl\/wiadomosci\/wp-content\/uploads\/2022\/02\/4-lutego-2022-ostatni-dzien-dworca-autobusowego-w-zabrzu-fot.-Pawel-JaNic-Janicki-005-scaled-1-348x232.jpg 348w, https:\/\/www.24zabrze.pl\/wiadomosci\/wp-content\/uploads\/2022\/02\/4-lutego-2022-ostatni-dzien-dworca-autobusowego-w-zabrzu-fot.-Pawel-JaNic-Janicki-005-scaled-1-683x455.jpg 683w, https:\/\/www.24zabrze.pl\/wiadomosci\/wp-content\/uploads\/2022\/02\/4-lutego-2022-ostatni-dzien-dworca-autobusowego-w-zabrzu-fot.-Pawel-JaNic-Janicki-005-scaled-1-768x512.jpg 768w\" sizes=\"auto, (max-width: 810px) 100vw, 810px\" \/><\/a><\/p>\n","protected":false},"excerpt":{"rendered":"<p>W kwietniu 2023 roku gotowe powinno by\u0107 centrum przesiadkowe, kt\u00f3re wybudowane zostanie w miejscu tzw. &#8220;Belki&#8221; przy ul. Goethego. Koszt inwestycji to prawie 55 mln z\u0142. Miasto przypomina, \u017ce przy placu Dworcowym dzia\u0142a tymczasowy dworzec autobusowy. Obiekt funkcjonuje mi\u0119dzy poczt\u0105 a dworcem PKP, czyli na obecnym obszarze Strefy P\u0142atnego Parkowania Niestrze\u017conego. Zarz\u0105d Transportu Metropolitalnego uruchomi\u0142 [&hellip;]<\/p>\n","protected":false},"author":17,"featured_media":97793,"comment_status":"closed","ping_status":"closed","sticky":false,"template":"","format":"standard","meta":{"_monsterinsights_skip_tracking":false,"_monsterinsights_sitenote_active":false,"_monsterinsights_sitenote_note":"","_monsterinsights_sitenote_category":0,"footnotes":"","_links_to":"","_links_to_target":""},"categories":[8,9,1],"tags":[],"class_list":["post-97785","post","type-post","status-publish","format-standard","has-post-thumbnail","hentry","category-referendum","category-stronaglowna","category-wszystko"],"_links":{"self":[{"href":"https:\/\/www.24zabrze.pl\/wiadomosci\/wp-json\/wp\/v2\/posts\/97785","targetHints":{"allow":["GET"]}}],"collection":[{"href":"https:\/\/www.24zabrze.pl\/wiadomosci\/wp-json\/wp\/v2\/posts"}],"about":[{"href":"https:\/\/www.24zabrze.pl\/wiadomosci\/wp-json\/wp\/v2\/types\/post"}],"author":[{"embeddable":true,"href":"https:\/\/www.24zabrze.pl\/wiadomosci\/wp-json\/wp\/v2\/users\/17"}],"replies":[{"embeddable":true,"href":"https:\/\/www.24zabrze.pl\/wiadomosci\/wp-json\/wp\/v2\/comments?post=97785"}],"version-history":[{"count":5,"href":"https:\/\/www.24zabrze.pl\/wiadomosci\/wp-json\/wp\/v2\/posts\/97785\/revisions"}],"predecessor-version":[{"id":97797,"href":"https:\/\/www.24zabrze.pl\/wiadomosci\/wp-json\/wp\/v2\/posts\/97785\/revisions\/97797"}],"wp:featuredmedia":[{"embeddable":true,"href":"https:\/\/www.24zabrze.pl\/wiadomosci\/wp-json\/wp\/v2\/media\/97793"}],"wp:attachment":[{"href":"https:\/\/www.24zabrze.pl\/wiadomosci\/wp-json\/wp\/v2\/media?parent=97785"}],"wp:term":[{"taxonomy":"category","embeddable":true,"href":"https:\/\/www.24zabrze.pl\/wiadomosci\/wp-json\/wp\/v2\/categories?post=97785"},{"taxonomy":"post_tag","embeddable":true,"href":"https:\/\/www.24zabrze.pl\/wiadomosci\/wp-json\/wp\/v2\/tags?post=97785"}],"curies":[{"name":"wp","href":"https:\/\/api.w.org\/{rel}","templated":true}]}}