{"id":97758,"date":"2022-02-22T15:38:21","date_gmt":"2022-02-22T14:38:21","guid":{"rendered":"https:\/\/www.24zabrze.pl\/wiadomosci\/?p=97758"},"modified":"2022-02-22T15:39:04","modified_gmt":"2022-02-22T14:39:04","slug":"budowa-przedluzenia-alei-wojciecha-korfantego-czterech-wykonawcow-zainteresowanych-realizacja-zadania","status":"publish","type":"post","link":"https:\/\/www.24zabrze.pl\/wiadomosci\/budowa-przedluzenia-alei-wojciecha-korfantego-czterech-wykonawcow-zainteresowanych-realizacja-zadania\/","title":{"rendered":"Budowa przed\u0142u\u017cenia alei Wojciecha Korfantego. Czterech wykonawc\u00f3w zainteresowanych realizacj\u0105 zadania"},"content":{"rendered":"<div class=\"zabrz-a6-z-nad-leadem-artykulow zabrz-entity-placement\" id=\"zabrz-3452202660\"><div class=\"zabrz-adlabel\"><span style=\"font-size: 9px\">REKLAMA<\/span><\/div><div id=\"zabrz-3902316623\" style=\"margin-bottom: 30px;margin-left: auto;margin-right: auto;text-align: center;\"><a data-no-instant=\"1\" href=\"https:\/\/dom100.eu\/\" rel=\"noopener\" class=\"a2t-link\" target=\"_blank\" aria-label=\"20260415 DOM100 D\"><img loading=\"lazy\" decoding=\"async\" src=\"https:\/\/www.24zabrze.pl\/wiadomosci\/wp-content\/uploads\/2026\/02\/20260415-DOM100-D.jpg\" alt=\"\"  srcset=\"https:\/\/www.24zabrze.pl\/wiadomosci\/wp-content\/uploads\/2026\/02\/20260415-DOM100-D.jpg 750w, https:\/\/www.24zabrze.pl\/wiadomosci\/wp-content\/uploads\/2026\/02\/20260415-DOM100-D-410x109.jpg 410w\" sizes=\"(max-width: 750px) 100vw, 750px\" class=\"no-lazyload\" width=\"750\" height=\"200\"  style=\"display: inline-block; max-width: 100%; height: auto;\" \/><\/a><\/div><\/div><h2>Czterech zainteresowanych oferent\u00f3w, z\u0142o\u017cy\u0142o swoje oferty w post\u0119powaniu przetargowym na budow\u0119 przed\u0142u\u017cenia Al. Wojciecha Korfantego na odcinku od skrzy\u017cowania z ulic\u0105 Heweliusza do ulicy Brygadzist\u00f3w. Wszystkie propozycje cenowe mieszcz\u0105 si\u0119 w za\u0142o\u017conym na ten cel finansowaniu.<\/h2>\n<p>W bud\u017cecie Miejskiego Zarz\u0105du Dr\u00f3g w Zabrzu przewidziano na to zadanie ponad 51 mln z\u0142. <\/p><div class=\"zabrz-a3-z-w-tresci-artykulow zabrz-entity-placement\" id=\"zabrz-1993904657\"><div class=\"zabrz-adlabel\"><span style=\"font-size: 9px\">REKLAMA<\/span><\/div><div id=\"zabrz-4247352318\" style=\"margin-bottom: 40px;margin-left: auto;margin-right: auto;text-align: center;\"><a data-no-instant=\"1\" href=\"https:\/\/ogrodyandersa.pl\/\" rel=\"noopener\" class=\"a2t-link\" target=\"_blank\" aria-label=\"20260415 Ogrody Andersa WYBIERZ MIESZKANIE D\"><img loading=\"lazy\" decoding=\"async\" src=\"https:\/\/www.24zabrze.pl\/wiadomosci\/wp-content\/uploads\/2026\/02\/20260415-Ogrody-Andersa-WYBIERZ-MIESZKANIE-D.jpg\" alt=\"\"  srcset=\"https:\/\/www.24zabrze.pl\/wiadomosci\/wp-content\/uploads\/2026\/02\/20260415-Ogrody-Andersa-WYBIERZ-MIESZKANIE-D.jpg 750w, https:\/\/www.24zabrze.pl\/wiadomosci\/wp-content\/uploads\/2026\/02\/20260415-Ogrody-Andersa-WYBIERZ-MIESZKANIE-D-410x109.jpg 410w\" sizes=\"(max-width: 750px) 100vw, 750px\" class=\"no-lazyload\" width=\"750\" height=\"200\"  style=\"display: inline-block; max-width: 100%; height: auto;\" \/><\/a><\/div><\/div>\n<p>O zam\u00f3wienie publiczne staraj\u0105 si\u0119 takie podmioty, jak Eurovia Polska S.A. &#8211; Kobierzyce (oko\u0142o 43 mln z\u0142), Przedsi\u0119biorstwo Remont\u00f3w Ulic i Most\u00f3w S.A. &#8211; Gliwice (ponad 48,2 mln z\u0142), Konsorcjum firm Colas Polska Sp. z o.o. &#8211; Pal\u0119dzie oraz Primost Po\u0142udnie Sp. z o.o. &#8211; B\u0119dzin (ponad 49,3 mln z\u0142) oraz PW Banimex Sp. z o.o. &#8211; B\u0119dzin (44,2 mln z\u0142). <\/p>\n<h4>Aktualnie trwa ocena ofert. O jej wynikach drogowcy poinformuj\u0105 po wyborze najkorzystniejszej propozycji.<\/h4>\n<p>Przypomnijmy, \u017ce w ramach inwestycji zaplanowano budow\u0119 m.in.: nowego odcinka drogi o d\u0142ugo\u015bci oko\u0142o kilometra, dw\u00f3ch rond turbinowych, obiektu mostowego nad jarem po kolei piaskowej w rejonie ul. 11 Listopada\/ ul. Heweliusza, obiektu mostowego nad jezdniami ulic \u015aw. Wawrzy\u0144ca, Nadrzeczn\u0105 oraz ciekiem wodnym, o\u015bwietlenia ulicznego, zatok autobusowych, ekran\u00f3w akustycznych, a tak\u017ce ci\u0105g\u00f3w rowerowych oraz pieszych. <\/p>\n<p><a href=\"https:\/\/www.24zabrze.pl\/wiadomosci\/wp-content\/uploads\/2022\/02\/2022-02-21-3.jpg\"><img loading=\"lazy\" decoding=\"async\" src=\"https:\/\/www.24zabrze.pl\/wiadomosci\/wp-content\/uploads\/2022\/02\/2022-02-21-3.jpg\" alt=\"\" width=\"757\" height=\"734\" class=\"alignnone size-full wp-image-97767\" srcset=\"https:\/\/www.24zabrze.pl\/wiadomosci\/wp-content\/uploads\/2022\/02\/2022-02-21-3.jpg 757w, https:\/\/www.24zabrze.pl\/wiadomosci\/wp-content\/uploads\/2022\/02\/2022-02-21-3-239x232.jpg 239w, https:\/\/www.24zabrze.pl\/wiadomosci\/wp-content\/uploads\/2022\/02\/2022-02-21-3-469x455.jpg 469w\" sizes=\"auto, (max-width: 757px) 100vw, 757px\" \/><\/a><\/p>\n<p>Celem przedsi\u0119wzi\u0119cia jest usprawnienie komunikacji poprzez odci\u0105\u017cenie centrum miasta oraz udro\u017cnienie ruchu na osi p\u00f3\u0142noc-po\u0142udnie. Na jego realizacj\u0119 miasto pozyska\u0142o 30 mln z\u0142 dofinansowania w ramach Programu Inwestycji Strategicznych Nowego \u0141adu. <\/p>\n<p>Termin wykonania zadania to 18 miesi\u0119cy od momentu zawarcia umowy z wy\u0142onionym w przetargu wykonawc\u0105. <\/p>\n<p>(\u017cms)\/UM Zabrze\/MZD Zabrze<br \/>\nfot. INFRACAD<\/p>\n<p><iframe loading=\"lazy\" src=\"https:\/\/www.facebook.com\/plugins\/post.php?href=https%3A%2F%2Fwww.facebook.com%2FMZDZabrze%2Fposts%2F2166142226884447&#038;width=500&#038;show_text=true&#038;height=632&#038;appId\" width=\"500\" height=\"632\" style=\"border:none;overflow:hidden\" scrolling=\"no\" frameborder=\"0\" allowfullscreen=\"true\" allow=\"autoplay; clipboard-write; encrypted-media; picture-in-picture; web-share\"><\/iframe><\/p>\n","protected":false},"excerpt":{"rendered":"<p>Czterech zainteresowanych oferent\u00f3w, z\u0142o\u017cy\u0142o swoje oferty w post\u0119powaniu przetargowym na budow\u0119 przed\u0142u\u017cenia Al. Wojciecha Korfantego na odcinku od skrzy\u017cowania z ulic\u0105 Heweliusza do ulicy Brygadzist\u00f3w. Wszystkie propozycje cenowe mieszcz\u0105 si\u0119 w za\u0142o\u017conym na ten cel finansowaniu. W bud\u017cecie Miejskiego Zarz\u0105du Dr\u00f3g w Zabrzu przewidziano na to zadanie ponad 51 mln z\u0142. O zam\u00f3wienie publiczne staraj\u0105 [&hellip;]<\/p>\n","protected":false},"author":17,"featured_media":96013,"comment_status":"closed","ping_status":"closed","sticky":false,"template":"","format":"standard","meta":{"_monsterinsights_skip_tracking":false,"_monsterinsights_sitenote_active":false,"_monsterinsights_sitenote_note":"","_monsterinsights_sitenote_category":0,"footnotes":"","_links_to":"","_links_to_target":""},"categories":[8,9,1],"tags":[],"class_list":["post-97758","post","type-post","status-publish","format-standard","has-post-thumbnail","hentry","category-referendum","category-stronaglowna","category-wszystko"],"_links":{"self":[{"href":"https:\/\/www.24zabrze.pl\/wiadomosci\/wp-json\/wp\/v2\/posts\/97758","targetHints":{"allow":["GET"]}}],"collection":[{"href":"https:\/\/www.24zabrze.pl\/wiadomosci\/wp-json\/wp\/v2\/posts"}],"about":[{"href":"https:\/\/www.24zabrze.pl\/wiadomosci\/wp-json\/wp\/v2\/types\/post"}],"author":[{"embeddable":true,"href":"https:\/\/www.24zabrze.pl\/wiadomosci\/wp-json\/wp\/v2\/users\/17"}],"replies":[{"embeddable":true,"href":"https:\/\/www.24zabrze.pl\/wiadomosci\/wp-json\/wp\/v2\/comments?post=97758"}],"version-history":[{"count":11,"href":"https:\/\/www.24zabrze.pl\/wiadomosci\/wp-json\/wp\/v2\/posts\/97758\/revisions"}],"predecessor-version":[{"id":97770,"href":"https:\/\/www.24zabrze.pl\/wiadomosci\/wp-json\/wp\/v2\/posts\/97758\/revisions\/97770"}],"wp:featuredmedia":[{"embeddable":true,"href":"https:\/\/www.24zabrze.pl\/wiadomosci\/wp-json\/wp\/v2\/media\/96013"}],"wp:attachment":[{"href":"https:\/\/www.24zabrze.pl\/wiadomosci\/wp-json\/wp\/v2\/media?parent=97758"}],"wp:term":[{"taxonomy":"category","embeddable":true,"href":"https:\/\/www.24zabrze.pl\/wiadomosci\/wp-json\/wp\/v2\/categories?post=97758"},{"taxonomy":"post_tag","embeddable":true,"href":"https:\/\/www.24zabrze.pl\/wiadomosci\/wp-json\/wp\/v2\/tags?post=97758"}],"curies":[{"name":"wp","href":"https:\/\/api.w.org\/{rel}","templated":true}]}}