{"id":95208,"date":"2021-08-26T13:05:28","date_gmt":"2021-08-26T11:05:28","guid":{"rendered":"https:\/\/www.24zabrze.pl\/wiadomosci\/?p=95208"},"modified":"2021-08-26T13:19:21","modified_gmt":"2021-08-26T11:19:21","slug":"slaskie-swieto-rowerzysty-peleton-z-zabrza-wyjedzie-do-chorzowa-start-z-placu-warszawskiego","status":"publish","type":"post","link":"https:\/\/www.24zabrze.pl\/wiadomosci\/slaskie-swieto-rowerzysty-peleton-z-zabrza-wyjedzie-do-chorzowa-start-z-placu-warszawskiego\/","title":{"rendered":"\u015al\u0105skie \u015awi\u0119to Rowerzysty. Peleton z Zabrza wyjedzie do Chorzowa, start z placu Warszawskiego"},"content":{"rendered":"<div class=\"zabrz-a6-z-nad-leadem-artykulow zabrz-entity-placement\" id=\"zabrz-1193562874\"><div class=\"zabrz-adlabel\"><span style=\"font-size: 9px\">REKLAMA<\/span><\/div><div id=\"zabrz-4109046583\" style=\"margin-bottom: 30px;margin-left: auto;margin-right: auto;text-align: center;\"><a data-no-instant=\"1\" href=\"https:\/\/dom100.eu\/\" rel=\"noopener\" class=\"a2t-link\" target=\"_blank\" aria-label=\"20260415 DOM100 D\"><img loading=\"lazy\" decoding=\"async\" src=\"https:\/\/www.24zabrze.pl\/wiadomosci\/wp-content\/uploads\/2026\/02\/20260415-DOM100-D.jpg\" alt=\"\"  srcset=\"https:\/\/www.24zabrze.pl\/wiadomosci\/wp-content\/uploads\/2026\/02\/20260415-DOM100-D.jpg 750w, https:\/\/www.24zabrze.pl\/wiadomosci\/wp-content\/uploads\/2026\/02\/20260415-DOM100-D-410x109.jpg 410w\" sizes=\"(max-width: 750px) 100vw, 750px\" class=\"no-lazyload\" width=\"750\" height=\"200\"  style=\"display: inline-block; max-width: 100%; height: auto;\" \/><\/a><\/div><\/div><h2>Przed nami 3 edycja \u015al\u0105skiego \u015awi\u0119ta Rowerzysty, czyli gwia\u017adzistego zlotu u\u017cytkownik\u00f3w jedno\u015bladu z miast konurbacji g\u00f3rno\u015bl\u0105skiej. Miejsc startu jest kilka, natomiast met\u0119 zaplanowano w G\u00f3rno\u015bl\u0105skim Parku Etnograficznym, w sercu naszej metropolii &#8211; w Parku \u015al\u0105skim.<\/h2>\n<p>Wydarzenie odb\u0119dzie si\u0119 w najbli\u017csz\u0105 niedziel\u0119, 29 sierpnia. Godziny rozpocz\u0119cia uzale\u017cnione s\u0105 od miejsca startu peleton\u00f3w rowerzyst\u00f3w.<\/p><div class=\"zabrz-a3-z-w-tresci-artykulow zabrz-entity-placement\" id=\"zabrz-628164808\"><div class=\"zabrz-adlabel\"><span style=\"font-size: 9px\">REKLAMA<\/span><\/div><div id=\"zabrz-390433050\" style=\"margin-bottom: 40px;margin-left: auto;margin-right: auto;text-align: center;\"><a data-no-instant=\"1\" href=\"https:\/\/ogrodyandersa.pl\/\" rel=\"noopener\" class=\"a2t-link\" target=\"_blank\" aria-label=\"20260415 Ogrody Andersa WYBIERZ MIESZKANIE D\"><img loading=\"lazy\" decoding=\"async\" src=\"https:\/\/www.24zabrze.pl\/wiadomosci\/wp-content\/uploads\/2026\/02\/20260415-Ogrody-Andersa-WYBIERZ-MIESZKANIE-D.jpg\" alt=\"\"  srcset=\"https:\/\/www.24zabrze.pl\/wiadomosci\/wp-content\/uploads\/2026\/02\/20260415-Ogrody-Andersa-WYBIERZ-MIESZKANIE-D.jpg 750w, https:\/\/www.24zabrze.pl\/wiadomosci\/wp-content\/uploads\/2026\/02\/20260415-Ogrody-Andersa-WYBIERZ-MIESZKANIE-D-410x109.jpg 410w\" sizes=\"(max-width: 750px) 100vw, 750px\" class=\"no-lazyload\" width=\"750\" height=\"200\"  style=\"display: inline-block; max-width: 100%; height: auto;\" \/><\/a><\/div><\/div>\n<p><a href=\"https:\/\/www.24zabrze.pl\/wiadomosci\/wp-content\/uploads\/2021\/08\/Slaskie-Swieto-Rowerzysty.jpg\"><img loading=\"lazy\" decoding=\"async\" class=\"alignnone  wp-image-95209\" src=\"https:\/\/www.24zabrze.pl\/wiadomosci\/wp-content\/uploads\/2021\/08\/Slaskie-Swieto-Rowerzysty.jpg\" alt=\"\" width=\"1157\" height=\"820\" srcset=\"https:\/\/www.24zabrze.pl\/wiadomosci\/wp-content\/uploads\/2021\/08\/Slaskie-Swieto-Rowerzysty.jpg 810w, https:\/\/www.24zabrze.pl\/wiadomosci\/wp-content\/uploads\/2021\/08\/Slaskie-Swieto-Rowerzysty-327x232.jpg 327w, https:\/\/www.24zabrze.pl\/wiadomosci\/wp-content\/uploads\/2021\/08\/Slaskie-Swieto-Rowerzysty-642x455.jpg 642w, https:\/\/www.24zabrze.pl\/wiadomosci\/wp-content\/uploads\/2021\/08\/Slaskie-Swieto-Rowerzysty-768x544.jpg 768w\" sizes=\"auto, (max-width: 1157px) 100vw, 1157px\" \/><\/a><\/p>\n<p>W ramach gwia\u017adzistego zlotu zorganizowane zostan\u0105 3 peletony (ten, kt\u00f3ry startuje z Gliwic, obejmuje te\u017c Zabrze), kt\u00f3re spotkaj\u0105 si\u0119 oko\u0142o 13:00 na mecie w skansenie.<\/p>\n<ul>\n<li>z D\u0105browy G\u00f3rniczej (start o 10.30 z placu Wolno\u015bci),<\/li>\n<li>z Gliwic (start o 10.00 z placu Krakowskiego),<\/li>\n<li>z Zabrza (start o 11:00 z placu Warszawskiego), <\/li>\n<li>z Katowic (start o 12.00 z placu pod Spodkiem).<\/li>\n<\/ul>\n<p><a href=\"https:\/\/www.facebook.com\/events\/224843759535243\/\" target=\"_blank\" rel=\"noopener\">Wydarzenie w serwisie facebook.com znajdziemy tutaj.<\/a><\/p>\n<p><iframe loading=\"lazy\" src=\"https:\/\/www.bikemap.net\/en\/r\/5023124\/widget\/?width=640&amp;height=480&amp;unit=metric\" width=\"640\" height=\"480\" frameborder=\"0\" marginwidth=\"0\" marginheight=\"0\" scrolling=\"no\"> <\/iframe><\/p>\n<div style=\"margin: -4px 0 0 5px; height: 16px; color: #889eac; font-family: sans-serif; font-size: 11px;\"><a style=\"color: #1381fa; text-decoration: underline;\" href=\"https:\/\/www.bikemap.net\/en\/r\/5023124\/\" target=\"_blank\" rel=\"noopener\">Cycle Route 5023124<\/a> &#8211; via <a style=\"color: #1381fa; text-decoration: underline;\" href=\"https:\/\/www.bikemap.net\" target=\"_blank\" rel=\"noopener\">Bikemap.net<\/a> &#8211; <a style=\"color: #1381fa; text-decoration: underline;\" href=\"https:\/\/bikemap.page.link\/?link=https:\/\/www.bikemap.net\/en\/r\/5023124\/&amp;apn=com.toursprung.bikemap&amp;isi=625759466&amp;ibi=com.toursprung.bikemap&amp;st=\u015a\u015aR+2021+-+Peleton+Zachodni&amp;sd=Check+out+this+route+on+Bikemap+by+Rowerowe+Gliwice!&amp;si=https:\/\/media.bikemap.net\/routes\/5023124\/staticmaps\/3a1961b5-b017-4d44-8d03-b12ae0ce42ba_400x400.jpg&amp;efr=1&amp;utm_source=website&amp;utm_medium=route_widget&amp;utm_campaign=widget_bottom\" target=\"_blank\" rel=\"noopener\"> Open Route in Bikemap App <\/a><\/div>\n<h4>PIKNIK ROWEROWY<\/h4>\n<p>Punktualnie o 13:00 rozpocznie si\u0119 rowerowy piknik w G\u00f3rno\u015bl\u0105skim Parku Etnograficznym. Podczas pikniku odb\u0119dzie si\u0119 pokaz rower\u00f3w zabytkowych, prelekcje z dalekich wypraw rowerowych, konkursy rowerowe, darmowy serwis rowerowy i wiele innych. B\u0119dzie mo\u017cna r\u00f3wnie\u017c zje\u015b\u0107 co\u015b dobrego.<\/p>\n<p>Impreza realizowana jest w ramach Chorzowskiego Bud\u017cetu Obywatelskiego.<\/p>\n<h4>UTRUDNIENIA NA DRODZE<\/h4>\n<p>Uwaga kierowcy: ze wzgl\u0119du na przejazd du\u017cej grupy rowerzyst\u00f3w mo\u017cliwe s\u0105 utrudnienia w ruchu na ulicach: Wolno\u015bci, de Gaulle&#8217;a, 1 Maja, Wallek-Walewskiego, Krasi\u0144skiego, Mehoffera, Szcz\u0119\u015b\u0107 Bo\u017ce, Padlewskiego, Kar\u0142owicza, Brysza i Wolno\u015bci w niedziel\u0119, 29 sierpnia, w godzinach 10.30-11.30.<\/p>\n<p>(\u017cms)<br \/>\nfot. px<\/p>\n","protected":false},"excerpt":{"rendered":"<p>Przed nami 3 edycja \u015al\u0105skiego \u015awi\u0119ta Rowerzysty, czyli gwia\u017adzistego zlotu u\u017cytkownik\u00f3w jedno\u015bladu z miast konurbacji g\u00f3rno\u015bl\u0105skiej. Miejsc startu jest kilka, natomiast met\u0119 zaplanowano w G\u00f3rno\u015bl\u0105skim Parku Etnograficznym, w sercu naszej metropolii &#8211; w Parku \u015al\u0105skim. Wydarzenie odb\u0119dzie si\u0119 w najbli\u017csz\u0105 niedziel\u0119, 29 sierpnia. Godziny rozpocz\u0119cia uzale\u017cnione s\u0105 od miejsca startu peleton\u00f3w rowerzyst\u00f3w. W ramach gwia\u017adzistego [&hellip;]<\/p>\n","protected":false},"author":17,"featured_media":95213,"comment_status":"closed","ping_status":"closed","sticky":false,"template":"","format":"standard","meta":{"_monsterinsights_skip_tracking":false,"_monsterinsights_sitenote_active":false,"_monsterinsights_sitenote_note":"","_monsterinsights_sitenote_category":0,"footnotes":"","_links_to":"","_links_to_target":""},"categories":[1],"tags":[],"class_list":["post-95208","post","type-post","status-publish","format-standard","has-post-thumbnail","hentry","category-wszystko"],"_links":{"self":[{"href":"https:\/\/www.24zabrze.pl\/wiadomosci\/wp-json\/wp\/v2\/posts\/95208","targetHints":{"allow":["GET"]}}],"collection":[{"href":"https:\/\/www.24zabrze.pl\/wiadomosci\/wp-json\/wp\/v2\/posts"}],"about":[{"href":"https:\/\/www.24zabrze.pl\/wiadomosci\/wp-json\/wp\/v2\/types\/post"}],"author":[{"embeddable":true,"href":"https:\/\/www.24zabrze.pl\/wiadomosci\/wp-json\/wp\/v2\/users\/17"}],"replies":[{"embeddable":true,"href":"https:\/\/www.24zabrze.pl\/wiadomosci\/wp-json\/wp\/v2\/comments?post=95208"}],"version-history":[{"count":0,"href":"https:\/\/www.24zabrze.pl\/wiadomosci\/wp-json\/wp\/v2\/posts\/95208\/revisions"}],"wp:featuredmedia":[{"embeddable":true,"href":"https:\/\/www.24zabrze.pl\/wiadomosci\/wp-json\/wp\/v2\/media\/95213"}],"wp:attachment":[{"href":"https:\/\/www.24zabrze.pl\/wiadomosci\/wp-json\/wp\/v2\/media?parent=95208"}],"wp:term":[{"taxonomy":"category","embeddable":true,"href":"https:\/\/www.24zabrze.pl\/wiadomosci\/wp-json\/wp\/v2\/categories?post=95208"},{"taxonomy":"post_tag","embeddable":true,"href":"https:\/\/www.24zabrze.pl\/wiadomosci\/wp-json\/wp\/v2\/tags?post=95208"}],"curies":[{"name":"wp","href":"https:\/\/api.w.org\/{rel}","templated":true}]}}