{"id":95069,"date":"2021-08-17T11:00:25","date_gmt":"2021-08-17T09:00:25","guid":{"rendered":"https:\/\/www.24zabrze.pl\/wiadomosci\/?p=95069"},"modified":"2021-08-17T11:00:25","modified_gmt":"2021-08-17T09:00:25","slug":"publikacja-zabrzanskiej-biblioteki-nominowana-w-konkursie-chodzi-o-obecnosc-slowa-w-zabrzu","status":"publish","type":"post","link":"https:\/\/www.24zabrze.pl\/wiadomosci\/publikacja-zabrzanskiej-biblioteki-nominowana-w-konkursie-chodzi-o-obecnosc-slowa-w-zabrzu\/","title":{"rendered":"Publikacja zabrza\u0144skiej biblioteki nominowana w konkursie. Chodzi o &#8220;Obecno\u015b\u0107 s\u0142owa w Zabrzu&#8221;"},"content":{"rendered":"<div class=\"zabrz-a6-z-nad-leadem-artykulow zabrz-entity-placement\" id=\"zabrz-685001230\"><div class=\"zabrz-adlabel\"><span style=\"font-size: 9px\">REKLAMA<\/span><\/div><div id=\"zabrz-742426017\" style=\"margin-bottom: 30px;margin-left: auto;margin-right: auto;text-align: center;\"><a data-no-instant=\"1\" href=\"https:\/\/dom100.eu\/\" rel=\"noopener\" class=\"a2t-link\" target=\"_blank\" aria-label=\"20260415 DOM100 D\"><img loading=\"lazy\" decoding=\"async\" src=\"https:\/\/www.24zabrze.pl\/wiadomosci\/wp-content\/uploads\/2026\/02\/20260415-DOM100-D.jpg\" alt=\"\"  srcset=\"https:\/\/www.24zabrze.pl\/wiadomosci\/wp-content\/uploads\/2026\/02\/20260415-DOM100-D.jpg 750w, https:\/\/www.24zabrze.pl\/wiadomosci\/wp-content\/uploads\/2026\/02\/20260415-DOM100-D-410x109.jpg 410w\" sizes=\"(max-width: 750px) 100vw, 750px\" class=\"no-lazyload\" width=\"750\" height=\"200\"  style=\"display: inline-block; max-width: 100%; height: auto;\" \/><\/a><\/div><\/div><h2>Ksi\u0105\u017cka \u201eObecno\u015b\u0107 s\u0142owa w Zabrzu\u201d zosta\u0142a nominowana w kategorii \u201cksi\u0105\u017cki naukowe, popularnonaukowe (humanistyka)\u201d w ramach 61. Konkursu Polskiego Towarzystwa Wydawc\u00f3w Ksi\u0105\u017cek \u201eNajpi\u0119kniejsze Ksi\u0105\u017cki Roku 2020\u201d. To jubileuszowa publikacja zabrza\u0144skiej Miejskiej Biblioteki Publicznej.<\/h2>\n<p>W tym presti\u017cowym konkursie wydawc\u00f3w wyr\u00f3\u017cnia si\u0119 przede wszystkim szat\u0119 edytorsk\u0105 ksi\u0105\u017cek.<\/p><div class=\"zabrz-a3-z-w-tresci-artykulow zabrz-entity-placement\" id=\"zabrz-4267945886\"><div class=\"zabrz-adlabel\"><span style=\"font-size: 9px\">REKLAMA<\/span><\/div><div id=\"zabrz-988206472\" style=\"margin-bottom: 40px;margin-left: auto;margin-right: auto;text-align: center;\"><a data-no-instant=\"1\" href=\"https:\/\/ogrodyandersa.pl\/\" rel=\"noopener\" class=\"a2t-link\" target=\"_blank\" aria-label=\"20260415 Ogrody Andersa WYBIERZ MIESZKANIE D\"><img loading=\"lazy\" decoding=\"async\" src=\"https:\/\/www.24zabrze.pl\/wiadomosci\/wp-content\/uploads\/2026\/02\/20260415-Ogrody-Andersa-WYBIERZ-MIESZKANIE-D.jpg\" alt=\"\"  srcset=\"https:\/\/www.24zabrze.pl\/wiadomosci\/wp-content\/uploads\/2026\/02\/20260415-Ogrody-Andersa-WYBIERZ-MIESZKANIE-D.jpg 750w, https:\/\/www.24zabrze.pl\/wiadomosci\/wp-content\/uploads\/2026\/02\/20260415-Ogrody-Andersa-WYBIERZ-MIESZKANIE-D-410x109.jpg 410w\" sizes=\"(max-width: 750px) 100vw, 750px\" class=\"no-lazyload\" width=\"750\" height=\"200\"  style=\"display: inline-block; max-width: 100%; height: auto;\" \/><\/a><\/div><\/div>\n<p>Rozstrzygni\u0119cie konkursu zaplanowano na 9 wrze\u015bnia br., podczas Warszawskich Targ\u00f3w Ksi\u0105\u017cki. Konkurs jest form\u0105 promocji polskiej ksi\u0105\u017cki za granic\u0105, a publikacje w nim nagrodzone i wyr\u00f3\u017cnione bior\u0105 udzia\u0142 w konkursie Best Book Design from all over the World w Lipsku oraz w wystawie Buchkunst International, odbywaj\u0105cej si\u0119 podczas Mi\u0119dzynarodowych Targ\u00f3w Ksi\u0105\u017cki we Frankfurcie.<\/p>\n<p>\u201eObecno\u015b\u0107 s\u0142owa w Zabrzu. Ksi\u0119ga jubileuszowa 75 lat Miejskiej Biblioteki Publicznej im. Jerzego Fusieckiego w Zabrzu\u201d, to publikacja wydana w ubieg\u0142ym roku przez MBP w Zabrzu. Dzi\u0119ki niej mo\u017cna spojrze\u0107 na dzieje biblioteki przez pryzmat wspomnie\u0144 bibliotekarzy, a tak\u017ce pozna\u0107 literacko-kulturalny obraz miasta Zabrze. Ksi\u0105\u017ck\u0119 mo\u017cna wypo\u017cyczy\u0107 w ka\u017cdej z naszych Filii, a tak\u017ce zakupi\u0107 w Wypo\u017cyczalni Centralnej i Wypo\u017cyczalni Popularnonaukowej.<\/p>\n<p>(\u017cms)\/UM Zabrze<br \/>\nfot. UM Zabrze<\/p>\n","protected":false},"excerpt":{"rendered":"<p>Ksi\u0105\u017cka \u201eObecno\u015b\u0107 s\u0142owa w Zabrzu\u201d zosta\u0142a nominowana w kategorii \u201cksi\u0105\u017cki naukowe, popularnonaukowe (humanistyka)\u201d w ramach 61. Konkursu Polskiego Towarzystwa Wydawc\u00f3w Ksi\u0105\u017cek \u201eNajpi\u0119kniejsze Ksi\u0105\u017cki Roku 2020\u201d. To jubileuszowa publikacja zabrza\u0144skiej Miejskiej Biblioteki Publicznej. W tym presti\u017cowym konkursie wydawc\u00f3w wyr\u00f3\u017cnia si\u0119 przede wszystkim szat\u0119 edytorsk\u0105 ksi\u0105\u017cek. Rozstrzygni\u0119cie konkursu zaplanowano na 9 wrze\u015bnia br., podczas Warszawskich Targ\u00f3w Ksi\u0105\u017cki. [&hellip;]<\/p>\n","protected":false},"author":17,"featured_media":95071,"comment_status":"closed","ping_status":"closed","sticky":false,"template":"","format":"standard","meta":{"_monsterinsights_skip_tracking":false,"_monsterinsights_sitenote_active":false,"_monsterinsights_sitenote_note":"","_monsterinsights_sitenote_category":0,"footnotes":"","_links_to":"","_links_to_target":""},"categories":[8,1],"tags":[],"class_list":["post-95069","post","type-post","status-publish","format-standard","has-post-thumbnail","hentry","category-referendum","category-wszystko"],"_links":{"self":[{"href":"https:\/\/www.24zabrze.pl\/wiadomosci\/wp-json\/wp\/v2\/posts\/95069","targetHints":{"allow":["GET"]}}],"collection":[{"href":"https:\/\/www.24zabrze.pl\/wiadomosci\/wp-json\/wp\/v2\/posts"}],"about":[{"href":"https:\/\/www.24zabrze.pl\/wiadomosci\/wp-json\/wp\/v2\/types\/post"}],"author":[{"embeddable":true,"href":"https:\/\/www.24zabrze.pl\/wiadomosci\/wp-json\/wp\/v2\/users\/17"}],"replies":[{"embeddable":true,"href":"https:\/\/www.24zabrze.pl\/wiadomosci\/wp-json\/wp\/v2\/comments?post=95069"}],"version-history":[{"count":1,"href":"https:\/\/www.24zabrze.pl\/wiadomosci\/wp-json\/wp\/v2\/posts\/95069\/revisions"}],"predecessor-version":[{"id":95070,"href":"https:\/\/www.24zabrze.pl\/wiadomosci\/wp-json\/wp\/v2\/posts\/95069\/revisions\/95070"}],"wp:featuredmedia":[{"embeddable":true,"href":"https:\/\/www.24zabrze.pl\/wiadomosci\/wp-json\/wp\/v2\/media\/95071"}],"wp:attachment":[{"href":"https:\/\/www.24zabrze.pl\/wiadomosci\/wp-json\/wp\/v2\/media?parent=95069"}],"wp:term":[{"taxonomy":"category","embeddable":true,"href":"https:\/\/www.24zabrze.pl\/wiadomosci\/wp-json\/wp\/v2\/categories?post=95069"},{"taxonomy":"post_tag","embeddable":true,"href":"https:\/\/www.24zabrze.pl\/wiadomosci\/wp-json\/wp\/v2\/tags?post=95069"}],"curies":[{"name":"wp","href":"https:\/\/api.w.org\/{rel}","templated":true}]}}