{"id":95027,"date":"2021-08-13T13:46:03","date_gmt":"2021-08-13T11:46:03","guid":{"rendered":"https:\/\/www.24zabrze.pl\/wiadomosci\/?p=95027"},"modified":"2021-08-13T13:55:25","modified_gmt":"2021-08-13T11:55:25","slug":"upamietnia-wybuch-iii-powstania-slaskiego-msza-zlozenie-wiencow-i-koncert-piesni-powstanczych","status":"publish","type":"post","link":"https:\/\/www.24zabrze.pl\/wiadomosci\/upamietnia-wybuch-iii-powstania-slaskiego-msza-zlozenie-wiencow-i-koncert-piesni-powstanczych\/","title":{"rendered":"Upami\u0119tni\u0105 wybuch III Powstania \u015al\u0105skiego. Msza, z\u0142o\u017cenie wie\u0144c\u00f3w i koncert pie\u015bni powsta\u0144czych"},"content":{"rendered":"<div class=\"zabrz-a6-z-nad-leadem-artykulow zabrz-entity-placement\" id=\"zabrz-255235518\"><div class=\"zabrz-adlabel\"><span style=\"font-size: 9px\">REKLAMA<\/span><\/div><div id=\"zabrz-418198807\" style=\"margin-bottom: 30px;margin-left: auto;margin-right: auto;text-align: center;\"><a data-no-instant=\"1\" href=\"https:\/\/dom100.eu\/\" rel=\"noopener\" class=\"a2t-link\" target=\"_blank\" aria-label=\"20260415 DOM100 D\"><img loading=\"lazy\" decoding=\"async\" src=\"https:\/\/www.24zabrze.pl\/wiadomosci\/wp-content\/uploads\/2026\/02\/20260415-DOM100-D.jpg\" alt=\"\"  srcset=\"https:\/\/www.24zabrze.pl\/wiadomosci\/wp-content\/uploads\/2026\/02\/20260415-DOM100-D.jpg 750w, https:\/\/www.24zabrze.pl\/wiadomosci\/wp-content\/uploads\/2026\/02\/20260415-DOM100-D-410x109.jpg 410w\" sizes=\"(max-width: 750px) 100vw, 750px\" class=\"no-lazyload\" width=\"750\" height=\"200\"  style=\"display: inline-block; max-width: 100%; height: auto;\" \/><\/a><\/div><\/div><h2>Miejskie obchody upami\u0119tniaj\u0105ce wybuch III Powstania \u015al\u0105skiego odb\u0119d\u0105 si\u0119 w najbli\u017csz\u0105 niedziel\u0119, 15 sierpnia, w Zabrzu-Ko\u0144czycach. Uroczysto\u015bci zainauguruje msza \u015bwi\u0119ta w ko\u015bciele pw. Bo\u017cego Cia\u0142a.<\/h2>\n<p>Pod Pomnikiem Poleg\u0142ych w Powstaniach \u015al\u0105skich przedstawiciele zabrza\u0144skiego samorz\u0105du i inne delegacje z\u0142o\u017c\u0105 wie\u0144ce i uczcz\u0105 pami\u0119\u0107 powsta\u0144c\u00f3w \u015bl\u0105skich. O opraw\u0119 artystyczn\u0105 wydarzenia zadba Orkiestra Muzeum G\u00f3rnictwa W\u0119glowego w Zabrzu pod batut\u0105 <strong>Henryka Mandrysza<\/strong>. Wieczorem, na terenie Dzielnicowego O\u015brodka Kultury przy ul. Dorotki 3 w Ko\u0144czycach, odb\u0119dzie si\u0119 koncert pie\u015bni powsta\u0144czych pn. \u201c\u015al\u0105zoki, \u015al\u0105zoki, wszy\u015bcy\u015bmy Poloki\u201d, w trakcie kt\u00f3rego wyst\u0105pi\u0105: <strong>Inga Papkala<\/strong>, <strong>Romuald Ardanowski<\/strong> oraz <strong>Adrian Biskupek<\/strong>.<\/p><div class=\"zabrz-a3-z-w-tresci-artykulow zabrz-entity-placement\" id=\"zabrz-119775646\"><div class=\"zabrz-adlabel\"><span style=\"font-size: 9px\">REKLAMA<\/span><\/div><div id=\"zabrz-1097909635\" style=\"margin-bottom: 40px;margin-left: auto;margin-right: auto;text-align: center;\"><a data-no-instant=\"1\" href=\"https:\/\/ogrodyandersa.pl\/\" rel=\"noopener\" class=\"a2t-link\" target=\"_blank\" aria-label=\"20260415 Ogrody Andersa WYBIERZ MIESZKANIE D\"><img loading=\"lazy\" decoding=\"async\" src=\"https:\/\/www.24zabrze.pl\/wiadomosci\/wp-content\/uploads\/2026\/02\/20260415-Ogrody-Andersa-WYBIERZ-MIESZKANIE-D.jpg\" alt=\"\"  srcset=\"https:\/\/www.24zabrze.pl\/wiadomosci\/wp-content\/uploads\/2026\/02\/20260415-Ogrody-Andersa-WYBIERZ-MIESZKANIE-D.jpg 750w, https:\/\/www.24zabrze.pl\/wiadomosci\/wp-content\/uploads\/2026\/02\/20260415-Ogrody-Andersa-WYBIERZ-MIESZKANIE-D-410x109.jpg 410w\" sizes=\"(max-width: 750px) 100vw, 750px\" class=\"no-lazyload\" width=\"750\" height=\"200\"  style=\"display: inline-block; max-width: 100%; height: auto;\" \/><\/a><\/div><\/div>\n<h4>Historia trzech powsta\u0144 \u015bl\u0105skich by\u0142a wyj\u0105tkowo burzliwa. Pierwsze wybuch\u0142o 16 sierpnia 1919 r. i by\u0142o sprzeciwem przeciw aresztowaniu \u015bl\u0105skich przyw\u00f3dc\u00f3w Polskiej Organizacji Wojskowej.<\/h4>\n<p>Nie zako\u0144czy\u0142o si\u0119 sukcesem, ale zwr\u00f3ci\u0142o uwag\u0119 innych kraj\u00f3w na spraw\u0119 \u015al\u0105ska. II Powstanie \u015al\u0105skie wybuch\u0142o w nocy z 19 na 20 sierpnia 1920 r., a jego t\u0142em by\u0142y przygotowania do plebiscytu, kt\u00f3ry odby\u0142 si\u0119 w marcu 1921 r. Dopiero trzecie powstanie, kt\u00f3re wybuch\u0142o w nocy z 2 na 3 maja 1921 r., przes\u0105dzi\u0142o o przyznaniu Polsce du\u017cej cz\u0119\u015bci terytorium G\u00f3rnego \u015al\u0105ska.<\/p>\n<p>G\u0142\u00f3wnymi organizatorami uroczysto\u015bci, kt\u00f3re odb\u0119d\u0105 si\u0119 w Zabrzu 15 sierpnia s\u0105: Pami\u0119\u0107 i To\u017csamo\u015b\u0107 \u2013 Komitet Obchod\u00f3w Rocznicy Powsta\u0144 \u015al\u0105skich przy parafii Bo\u017cego Cia\u0142a w Ko\u0144czycach, Miasto Zabrze, Miejski O\u015brodek Kultury w Zabrzu, Dzielnicowy O\u015brodek Kultury w Zabrzu-Ko\u0144czycach oraz Rada Dzielnicy Ko\u0144czyce.<\/p>\n<p>(\u017cms)\/UM Zabrze<br \/>\nfot. UM Zabrze<\/p>\n<p><a href=\"https:\/\/www.24zabrze.pl\/wiadomosci\/wp-content\/uploads\/2021\/08\/plakat-powstania-slaskie.jpg\"><img loading=\"lazy\" decoding=\"async\" class=\"alignnone size-full wp-image-95032\" src=\"https:\/\/www.24zabrze.pl\/wiadomosci\/wp-content\/uploads\/2021\/08\/plakat-powstania-slaskie.jpg\" alt=\"\" width=\"1170\" height=\"2450\" srcset=\"https:\/\/www.24zabrze.pl\/wiadomosci\/wp-content\/uploads\/2021\/08\/plakat-powstania-slaskie.jpg 1170w, https:\/\/www.24zabrze.pl\/wiadomosci\/wp-content\/uploads\/2021\/08\/plakat-powstania-slaskie-111x232.jpg 111w, https:\/\/www.24zabrze.pl\/wiadomosci\/wp-content\/uploads\/2021\/08\/plakat-powstania-slaskie-217x455.jpg 217w, https:\/\/www.24zabrze.pl\/wiadomosci\/wp-content\/uploads\/2021\/08\/plakat-powstania-slaskie-768x1608.jpg 768w, https:\/\/www.24zabrze.pl\/wiadomosci\/wp-content\/uploads\/2021\/08\/plakat-powstania-slaskie-734x1536.jpg 734w, https:\/\/www.24zabrze.pl\/wiadomosci\/wp-content\/uploads\/2021\/08\/plakat-powstania-slaskie-978x2048.jpg 978w, https:\/\/www.24zabrze.pl\/wiadomosci\/wp-content\/uploads\/2021\/08\/plakat-powstania-slaskie-810x1696.jpg 810w, https:\/\/www.24zabrze.pl\/wiadomosci\/wp-content\/uploads\/2021\/08\/plakat-powstania-slaskie-1140x2387.jpg 1140w\" sizes=\"auto, (max-width: 1170px) 100vw, 1170px\" \/><\/a><\/p>\n","protected":false},"excerpt":{"rendered":"<p>Miejskie obchody upami\u0119tniaj\u0105ce wybuch III Powstania \u015al\u0105skiego odb\u0119d\u0105 si\u0119 w najbli\u017csz\u0105 niedziel\u0119, 15 sierpnia, w Zabrzu-Ko\u0144czycach. Uroczysto\u015bci zainauguruje msza \u015bwi\u0119ta w ko\u015bciele pw. Bo\u017cego Cia\u0142a. Pod Pomnikiem Poleg\u0142ych w Powstaniach \u015al\u0105skich przedstawiciele zabrza\u0144skiego samorz\u0105du i inne delegacje z\u0142o\u017c\u0105 wie\u0144ce i uczcz\u0105 pami\u0119\u0107 powsta\u0144c\u00f3w \u015bl\u0105skich. O opraw\u0119 artystyczn\u0105 wydarzenia zadba Orkiestra Muzeum G\u00f3rnictwa W\u0119glowego w Zabrzu [&hellip;]<\/p>\n","protected":false},"author":17,"featured_media":89785,"comment_status":"closed","ping_status":"closed","sticky":false,"template":"","format":"standard","meta":{"_monsterinsights_skip_tracking":false,"_monsterinsights_sitenote_active":false,"_monsterinsights_sitenote_note":"","_monsterinsights_sitenote_category":0,"footnotes":"","_links_to":"","_links_to_target":""},"categories":[8,1],"tags":[],"class_list":["post-95027","post","type-post","status-publish","format-standard","has-post-thumbnail","hentry","category-referendum","category-wszystko"],"_links":{"self":[{"href":"https:\/\/www.24zabrze.pl\/wiadomosci\/wp-json\/wp\/v2\/posts\/95027","targetHints":{"allow":["GET"]}}],"collection":[{"href":"https:\/\/www.24zabrze.pl\/wiadomosci\/wp-json\/wp\/v2\/posts"}],"about":[{"href":"https:\/\/www.24zabrze.pl\/wiadomosci\/wp-json\/wp\/v2\/types\/post"}],"author":[{"embeddable":true,"href":"https:\/\/www.24zabrze.pl\/wiadomosci\/wp-json\/wp\/v2\/users\/17"}],"replies":[{"embeddable":true,"href":"https:\/\/www.24zabrze.pl\/wiadomosci\/wp-json\/wp\/v2\/comments?post=95027"}],"version-history":[{"count":5,"href":"https:\/\/www.24zabrze.pl\/wiadomosci\/wp-json\/wp\/v2\/posts\/95027\/revisions"}],"predecessor-version":[{"id":95033,"href":"https:\/\/www.24zabrze.pl\/wiadomosci\/wp-json\/wp\/v2\/posts\/95027\/revisions\/95033"}],"wp:featuredmedia":[{"embeddable":true,"href":"https:\/\/www.24zabrze.pl\/wiadomosci\/wp-json\/wp\/v2\/media\/89785"}],"wp:attachment":[{"href":"https:\/\/www.24zabrze.pl\/wiadomosci\/wp-json\/wp\/v2\/media?parent=95027"}],"wp:term":[{"taxonomy":"category","embeddable":true,"href":"https:\/\/www.24zabrze.pl\/wiadomosci\/wp-json\/wp\/v2\/categories?post=95027"},{"taxonomy":"post_tag","embeddable":true,"href":"https:\/\/www.24zabrze.pl\/wiadomosci\/wp-json\/wp\/v2\/tags?post=95027"}],"curies":[{"name":"wp","href":"https:\/\/api.w.org\/{rel}","templated":true}]}}