{"id":93189,"date":"2021-03-17T13:56:48","date_gmt":"2021-03-17T12:56:48","guid":{"rendered":"https:\/\/www.24zabrze.pl\/wiadomosci\/?p=93189"},"modified":"2021-03-17T13:56:48","modified_gmt":"2021-03-17T12:56:48","slug":"xiv-metropolitalne-swieto-rodziny-msze-koncerty-pielgrzymki-co-jeszcze-bedzie-sie-dzialo","status":"publish","type":"post","link":"https:\/\/www.24zabrze.pl\/wiadomosci\/xiv-metropolitalne-swieto-rodziny-msze-koncerty-pielgrzymki-co-jeszcze-bedzie-sie-dzialo\/","title":{"rendered":"XIV Metropolitalne \u015awi\u0119to Rodziny. Msze, koncerty, pielgrzymki&#8230; Co jeszcze b\u0119dzie si\u0119 dzia\u0142o?"},"content":{"rendered":"<div class=\"zabrz-a6-z-nad-leadem-artykulow zabrz-entity-placement\" id=\"zabrz-188678656\"><div class=\"zabrz-adlabel\"><span style=\"font-size: 9px\">REKLAMA<\/span><\/div><div id=\"zabrz-3977292166\" style=\"margin-bottom: 30px;margin-left: auto;margin-right: auto;text-align: center;\"><a data-no-instant=\"1\" href=\"https:\/\/dom100.eu\/\" rel=\"noopener\" class=\"a2t-link\" target=\"_blank\" aria-label=\"20260415 DOM100 D\"><img loading=\"lazy\" decoding=\"async\" src=\"https:\/\/www.24zabrze.pl\/wiadomosci\/wp-content\/uploads\/2026\/02\/20260415-DOM100-D.jpg\" alt=\"\"  srcset=\"https:\/\/www.24zabrze.pl\/wiadomosci\/wp-content\/uploads\/2026\/02\/20260415-DOM100-D.jpg 750w, https:\/\/www.24zabrze.pl\/wiadomosci\/wp-content\/uploads\/2026\/02\/20260415-DOM100-D-410x109.jpg 410w\" sizes=\"(max-width: 750px) 100vw, 750px\" class=\"no-lazyload\" width=\"750\" height=\"200\"  style=\"display: inline-block; max-width: 100%; height: auto;\" \/><\/a><\/div><\/div><h2>Zbli\u017ca si\u0119 XIV Metropolitalne \u015awi\u0119to Rodziny, kt\u00f3remu tym razem towarzyszy my\u015bl \u201eRodzinny dom, bezpieczna przysta\u0144\u201d. Tegoroczne obchody rozpoczn\u0105 si\u0119 22 maja, a zako\u0144cz\u0105 6 czerwca.<\/h2>\n<p>We wtorek odby\u0142a si\u0119 konferencja inauguruj\u0105ca wydarzenie. Tradycyjnie, w sali Benedyktynka, zgromadzili si\u0119 przedstawiciele duchowie\u0144stwa, samorz\u0105du terytorialnego, instytucji kultury, organizacji pozarz\u0105dowych oraz medi\u00f3w. W\u015br\u00f3d przyby\u0142ych znale\u017ali si\u0119 m.in.: patron honorowy M\u015aR metropolita katowicki abp <strong>Wiktor Skworc<\/strong>, koordynator M\u015aR prezydent Zabrza <strong>Ma\u0142gorzata Ma\u0144ka-Szulik<\/strong> oraz dyrektor Biblioteki \u015al\u0105skiej w Katowicach prof. <strong>Zbigniew Kad\u0142ubek<\/strong>.<\/p><div class=\"zabrz-a3-z-w-tresci-artykulow zabrz-entity-placement\" id=\"zabrz-4129893761\"><div class=\"zabrz-adlabel\"><span style=\"font-size: 9px\">REKLAMA<\/span><\/div><div id=\"zabrz-1894644235\" style=\"margin-bottom: 40px;margin-left: auto;margin-right: auto;text-align: center;\"><a data-no-instant=\"1\" href=\"https:\/\/ogrodyandersa.pl\/\" rel=\"noopener\" class=\"a2t-link\" target=\"_blank\" aria-label=\"20260415 Ogrody Andersa WYBIERZ MIESZKANIE D\"><img loading=\"lazy\" decoding=\"async\" src=\"https:\/\/www.24zabrze.pl\/wiadomosci\/wp-content\/uploads\/2026\/02\/20260415-Ogrody-Andersa-WYBIERZ-MIESZKANIE-D.jpg\" alt=\"\"  srcset=\"https:\/\/www.24zabrze.pl\/wiadomosci\/wp-content\/uploads\/2026\/02\/20260415-Ogrody-Andersa-WYBIERZ-MIESZKANIE-D.jpg 750w, https:\/\/www.24zabrze.pl\/wiadomosci\/wp-content\/uploads\/2026\/02\/20260415-Ogrody-Andersa-WYBIERZ-MIESZKANIE-D-410x109.jpg 410w\" sizes=\"(max-width: 750px) 100vw, 750px\" class=\"no-lazyload\" width=\"750\" height=\"200\"  style=\"display: inline-block; max-width: 100%; height: auto;\" \/><\/a><\/div><\/div>\n<p>W trakcie spotkania przypomniano, i\u017c idea Metropolitalnego \u015awi\u0119ta Rodziny zrodzi\u0142a si\u0119 w 2007 roku podczas \u015bl\u0105skiej pielgrzymki samorz\u0105dowc\u00f3w i parlamentarzyst\u00f3w z \u00f3wczesnym arcybiskupem <strong>Damianem Zimoniem<\/strong> do Rzymu w 750-lecie \u015bmierci \u015bw. Jacka, patrona \u015al\u0105ska. To w\u0142a\u015bnie wtedy prezydent Zabrza wraz ze \u015bp. <strong>Krystyn\u0105 Bochenek<\/strong> zainaugurowa\u0142y Metropolitalne \u015awi\u0119to Rodziny, kt\u00f3re dzi\u0119ki wsp\u00f3\u0142pracy \u015bl\u0105skich miast, organizacji oraz stowarzysze\u0144 rozwija si\u0119 i trwa do dzi\u015b.<\/p>\n<h4>Na program Metropolitalnego \u015awi\u0119ta Rodziny ka\u017cdego roku sk\u0142adaj\u0105 si\u0119 liczne wyk\u0142ady naukowe, wystawy, spektakle, koncerty, kiermasze, festyny, pikniki rodzinne, konkursy, imprezy sportowe i wydarzenia religijne.<\/h4>\n<p>Tegoroczne \u015bwi\u0119towanie rozpocznie si\u0119 w sobot\u0119, 22 maja, w Domu Muzyki i Ta\u0144ca w Zabrzu. Natomiast dzie\u0144 p\u00f3\u017aniej, w niedziel\u0119, 23 maja, o godzinie 12:00, w katowickiej Katedrze p.w. Chrystusa Kr\u00f3la odb\u0119dzie si\u0119 liturgiczna inauguracja M\u015aR. Msze \u015bw. w intencji rodziny b\u0119d\u0105 celebrowane tak\u017ce w innych katedrach Metropolii G\u00f3rno\u015bl\u0105skiej, m.in. o godzinie 12:30 w Katedrze p.w. \u015awi\u0119tych Aposto\u0142\u00f3w Piotra i Paw\u0142a w Gliwicach.<\/p>\n<p>Wa\u017cnym wydarzeniem b\u0119dzie te\u017c z pewno\u015bci\u0105 pielgrzymka m\u0119\u017cczyzn i m\u0142odzie\u0144c\u00f3w do sanktuarium Matki Sprawiedliwo\u015bci i Mi\u0142o\u015bci Spo\u0142ecznej w Piekarach \u015al\u0105skich (30 maja, Wzg\u00f3rze Kalwarii) gromadz\u0105ca od kilkudziesi\u0119ciu lat wielotysi\u0119czny t\u0142um p\u0105tnik\u00f3w: m\u0119\u017c\u00f3w, ojc\u00f3w i syn\u00f3w. <\/p>\n<h4>6 czerwca o godzinie 18:00 odb\u0119dzie si\u0119 natomiast Koncert fina\u0142owy Metropolitalnego \u015awi\u0119ta Rodziny, na kt\u00f3ry zaprasza Katowice Miasto Ogrod\u00f3w \u2013 Instytucja Kultury im. Krystyny Bochenek.<\/h4>\n<p>Decyzje o realizacji ww. wydarze\u0144 b\u0119d\u0105 podejmowane przez poszczeg\u00f3lnych organizator\u00f3w w zale\u017cno\u015bci od sytuacji epidemicznej i obowi\u0105zuj\u0105cych wytycznych. W przypadku wprowadzenia obostrze\u0144 w miar\u0119 mo\u017cliwo\u015bci wydarzenia b\u0119d\u0105 organizowane w formie on-line. Szczeg\u00f3\u0142owe informacje dotycz\u0105ce 14. edycji Metropolitalnego \u015awi\u0119ta Rodziny znajduj\u0105 si\u0119 na stronie internetowej <a href=\"http:\/\/www.swieto-rodziny.pl\" rel=\"noopener\" target=\"_blank\">www.swieto-rodziny.pl<\/a>.<\/p>\n<p>(\u017cms)\/UM Zabrze<br \/>\nfot. UM Zabrze<\/p>\n","protected":false},"excerpt":{"rendered":"<p>Zbli\u017ca si\u0119 XIV Metropolitalne \u015awi\u0119to Rodziny, kt\u00f3remu tym razem towarzyszy my\u015bl \u201eRodzinny dom, bezpieczna przysta\u0144\u201d. Tegoroczne obchody rozpoczn\u0105 si\u0119 22 maja, a zako\u0144cz\u0105 6 czerwca. We wtorek odby\u0142a si\u0119 konferencja inauguruj\u0105ca wydarzenie. Tradycyjnie, w sali Benedyktynka, zgromadzili si\u0119 przedstawiciele duchowie\u0144stwa, samorz\u0105du terytorialnego, instytucji kultury, organizacji pozarz\u0105dowych oraz medi\u00f3w. W\u015br\u00f3d przyby\u0142ych znale\u017ali si\u0119 m.in.: patron honorowy [&hellip;]<\/p>\n","protected":false},"author":17,"featured_media":93195,"comment_status":"closed","ping_status":"closed","sticky":false,"template":"","format":"standard","meta":{"_monsterinsights_skip_tracking":false,"_monsterinsights_sitenote_active":false,"_monsterinsights_sitenote_note":"","_monsterinsights_sitenote_category":0,"footnotes":"","_links_to":"","_links_to_target":""},"categories":[8,1],"tags":[],"class_list":["post-93189","post","type-post","status-publish","format-standard","has-post-thumbnail","hentry","category-referendum","category-wszystko"],"_links":{"self":[{"href":"https:\/\/www.24zabrze.pl\/wiadomosci\/wp-json\/wp\/v2\/posts\/93189","targetHints":{"allow":["GET"]}}],"collection":[{"href":"https:\/\/www.24zabrze.pl\/wiadomosci\/wp-json\/wp\/v2\/posts"}],"about":[{"href":"https:\/\/www.24zabrze.pl\/wiadomosci\/wp-json\/wp\/v2\/types\/post"}],"author":[{"embeddable":true,"href":"https:\/\/www.24zabrze.pl\/wiadomosci\/wp-json\/wp\/v2\/users\/17"}],"replies":[{"embeddable":true,"href":"https:\/\/www.24zabrze.pl\/wiadomosci\/wp-json\/wp\/v2\/comments?post=93189"}],"version-history":[{"count":7,"href":"https:\/\/www.24zabrze.pl\/wiadomosci\/wp-json\/wp\/v2\/posts\/93189\/revisions"}],"predecessor-version":[{"id":93197,"href":"https:\/\/www.24zabrze.pl\/wiadomosci\/wp-json\/wp\/v2\/posts\/93189\/revisions\/93197"}],"wp:featuredmedia":[{"embeddable":true,"href":"https:\/\/www.24zabrze.pl\/wiadomosci\/wp-json\/wp\/v2\/media\/93195"}],"wp:attachment":[{"href":"https:\/\/www.24zabrze.pl\/wiadomosci\/wp-json\/wp\/v2\/media?parent=93189"}],"wp:term":[{"taxonomy":"category","embeddable":true,"href":"https:\/\/www.24zabrze.pl\/wiadomosci\/wp-json\/wp\/v2\/categories?post=93189"},{"taxonomy":"post_tag","embeddable":true,"href":"https:\/\/www.24zabrze.pl\/wiadomosci\/wp-json\/wp\/v2\/tags?post=93189"}],"curies":[{"name":"wp","href":"https:\/\/api.w.org\/{rel}","templated":true}]}}