{"id":92974,"date":"2021-03-01T15:32:09","date_gmt":"2021-03-01T14:32:09","guid":{"rendered":"https:\/\/www.24zabrze.pl\/wiadomosci\/?p=92974"},"modified":"2021-03-01T15:32:09","modified_gmt":"2021-03-01T14:32:09","slug":"narodowy-dzien-pamieci-zolnierzy-wykletych-w-zabrzu-uroczystosci-odbyly-sie-w-dwoch-miejscach","status":"publish","type":"post","link":"https:\/\/www.24zabrze.pl\/wiadomosci\/narodowy-dzien-pamieci-zolnierzy-wykletych-w-zabrzu-uroczystosci-odbyly-sie-w-dwoch-miejscach\/","title":{"rendered":"Narodowy Dzie\u0144 Pami\u0119ci \u017bo\u0142nierzy Wykl\u0119tych. W Zabrzu uroczysto\u015bci odby\u0142y si\u0119 w dw\u00f3ch miejscach"},"content":{"rendered":"<div class=\"zabrz-a6-z-nad-leadem-artykulow zabrz-entity-placement\" id=\"zabrz-3036297646\"><div class=\"zabrz-adlabel\"><span style=\"font-size: 9px\">REKLAMA<\/span><\/div><div id=\"zabrz-434427401\" style=\"margin-bottom: 30px;margin-left: auto;margin-right: auto;text-align: center;\"><a data-no-instant=\"1\" href=\"https:\/\/dom100.eu\/\" rel=\"noopener\" class=\"a2t-link\" target=\"_blank\" aria-label=\"20260415 DOM100 D\"><img loading=\"lazy\" decoding=\"async\" src=\"https:\/\/www.24zabrze.pl\/wiadomosci\/wp-content\/uploads\/2026\/02\/20260415-DOM100-D.jpg\" alt=\"\"  srcset=\"https:\/\/www.24zabrze.pl\/wiadomosci\/wp-content\/uploads\/2026\/02\/20260415-DOM100-D.jpg 750w, https:\/\/www.24zabrze.pl\/wiadomosci\/wp-content\/uploads\/2026\/02\/20260415-DOM100-D-410x109.jpg 410w\" sizes=\"(max-width: 750px) 100vw, 750px\" class=\"no-lazyload\" width=\"750\" height=\"200\"  style=\"display: inline-block; max-width: 100%; height: auto;\" \/><\/a><\/div><\/div><h2>Jak co roku w\u0142adze Zabrza odda\u0142y ho\u0142d \u017co\u0142nierzom niepodleg\u0142o\u015bciowego podziemia. Uroczysto\u015bci zwi\u0105zane s\u0105 z obchodzonym w ca\u0142ej Polsce Narodowym Dniem Pami\u0119ci \u017bo\u0142nierzy Wykl\u0119tych.<\/h2>\n<p>\u015awi\u0119to zosta\u0142o ustanowione w 2011 r. na cze\u015b\u0107 polskich bohater\u00f3w walcz\u0105cych w podziemiu z w\u0142adzami komunistycznymi o pe\u0142n\u0105 niepodleg\u0142o\u015b\u0107 pa\u0144stwa polskiego.<\/p><div class=\"zabrz-a3-z-w-tresci-artykulow zabrz-entity-placement\" id=\"zabrz-1504233193\"><div class=\"zabrz-adlabel\"><span style=\"font-size: 9px\">REKLAMA<\/span><\/div><div id=\"zabrz-4254352021\" style=\"margin-bottom: 40px;margin-left: auto;margin-right: auto;text-align: center;\"><a data-no-instant=\"1\" href=\"https:\/\/ogrodyandersa.pl\/\" rel=\"noopener\" class=\"a2t-link\" target=\"_blank\" aria-label=\"20260415 Ogrody Andersa WYBIERZ MIESZKANIE D\"><img loading=\"lazy\" decoding=\"async\" src=\"https:\/\/www.24zabrze.pl\/wiadomosci\/wp-content\/uploads\/2026\/02\/20260415-Ogrody-Andersa-WYBIERZ-MIESZKANIE-D.jpg\" alt=\"\"  srcset=\"https:\/\/www.24zabrze.pl\/wiadomosci\/wp-content\/uploads\/2026\/02\/20260415-Ogrody-Andersa-WYBIERZ-MIESZKANIE-D.jpg 750w, https:\/\/www.24zabrze.pl\/wiadomosci\/wp-content\/uploads\/2026\/02\/20260415-Ogrody-Andersa-WYBIERZ-MIESZKANIE-D-410x109.jpg 410w\" sizes=\"(max-width: 750px) 100vw, 750px\" class=\"no-lazyload\" width=\"750\" height=\"200\"  style=\"display: inline-block; max-width: 100%; height: auto;\" \/><\/a><\/div><\/div>\n<p>W uroczysto\u015bciach, kt\u00f3re odby\u0142y si\u0119 w poniedzia\u0142ek w Zabrzu, udzia\u0142 wzi\u0119li m.in. zast\u0119pcy prezydent Zabrza \u2013 <strong>Katarzyna Dzi\u00f3ba<\/strong> oraz <strong>Borys Bor\u00f3wka<\/strong>, radni Rady Miasta Zabrze, pos\u0142anka na Sejm RP <strong>Barbara Dziuk<\/strong> oraz delegacje z Zespo\u0142u Szk\u00f3\u0142 nr 3 im. rtm. Witolda Pileckiego w Zabrzu i Szko\u0142y Podstawowej nr 3 im. Bohater\u00f3w Monte Cassino w Zabrzu.<\/p>\n<p>\u201e\u017bo\u0142nierze Wykl\u0119ci\u201d stali si\u0119 swoistym ruchem oporu, przeciwstawiaj\u0105cym si\u0119 sowietyzacji Polski i podporz\u0105dkowaniu jej wp\u0142ywom ZSRR. Wed\u0142ug szacunkowych danych, os\u00f3b walcz\u0105cych o woln\u0105 Polsk\u0119 by\u0142o oko\u0142o 120 \u2013 180 tysi\u0119cy. \u015amier\u0107 ponios\u0142o ponad 15 tysi\u0119cy z nich.<\/p>\n<p><a href=\"https:\/\/www.24zabrze.pl\/wiadomosci\/wp-content\/uploads\/2021\/03\/tablica-pileckiego-zolnierze-wykleci.jpg\"><img loading=\"lazy\" decoding=\"async\" src=\"https:\/\/www.24zabrze.pl\/wiadomosci\/wp-content\/uploads\/2021\/03\/tablica-pileckiego-zolnierze-wykleci.jpg\" alt=\"\" width=\"810\" height=\"456\" class=\"alignnone size-full wp-image-92982\" srcset=\"https:\/\/www.24zabrze.pl\/wiadomosci\/wp-content\/uploads\/2021\/03\/tablica-pileckiego-zolnierze-wykleci.jpg 810w, https:\/\/www.24zabrze.pl\/wiadomosci\/wp-content\/uploads\/2021\/03\/tablica-pileckiego-zolnierze-wykleci-410x232.jpg 410w, https:\/\/www.24zabrze.pl\/wiadomosci\/wp-content\/uploads\/2021\/03\/tablica-pileckiego-zolnierze-wykleci-808x455.jpg 808w, https:\/\/www.24zabrze.pl\/wiadomosci\/wp-content\/uploads\/2021\/03\/tablica-pileckiego-zolnierze-wykleci-768x432.jpg 768w\" sizes=\"auto, (max-width: 810px) 100vw, 810px\" \/><\/a><\/p>\n<p>Poniedzia\u0142kowe uroczysto\u015bci odby\u0142y si\u0119 w parku przy ul. 3 Maja pod tablic\u0105 upami\u0119tniaj\u0105c\u0105 rotmistrza <strong>Witolda Pileckiego<\/strong> oraz przy ul. Wolno\u015bci pod tablic\u0105 upami\u0119tniaj\u0105c\u0105 m\u0119cze\u0144sk\u0105 \u015bmier\u0107 pu\u0142kownika <strong>\u0141ukasza Ciepli\u0144skiego<\/strong> \u201cP\u0142ug\u201d.<\/p>\n<p>(\u017cms)\/UM Zabrze<br \/>\nfot. UM Zabrze<\/p>\n","protected":false},"excerpt":{"rendered":"<p>Jak co roku w\u0142adze Zabrza odda\u0142y ho\u0142d \u017co\u0142nierzom niepodleg\u0142o\u015bciowego podziemia. Uroczysto\u015bci zwi\u0105zane s\u0105 z obchodzonym w ca\u0142ej Polsce Narodowym Dniem Pami\u0119ci \u017bo\u0142nierzy Wykl\u0119tych. \u015awi\u0119to zosta\u0142o ustanowione w 2011 r. na cze\u015b\u0107 polskich bohater\u00f3w walcz\u0105cych w podziemiu z w\u0142adzami komunistycznymi o pe\u0142n\u0105 niepodleg\u0142o\u015b\u0107 pa\u0144stwa polskiego. W uroczysto\u015bciach, kt\u00f3re odby\u0142y si\u0119 w poniedzia\u0142ek w Zabrzu, udzia\u0142 wzi\u0119li [&hellip;]<\/p>\n","protected":false},"author":17,"featured_media":92981,"comment_status":"closed","ping_status":"closed","sticky":false,"template":"","format":"standard","meta":{"_monsterinsights_skip_tracking":false,"_monsterinsights_sitenote_active":false,"_monsterinsights_sitenote_note":"","_monsterinsights_sitenote_category":0,"footnotes":"","_links_to":"","_links_to_target":""},"categories":[8,9],"tags":[],"class_list":["post-92974","post","type-post","status-publish","format-standard","has-post-thumbnail","hentry","category-referendum","category-stronaglowna"],"_links":{"self":[{"href":"https:\/\/www.24zabrze.pl\/wiadomosci\/wp-json\/wp\/v2\/posts\/92974","targetHints":{"allow":["GET"]}}],"collection":[{"href":"https:\/\/www.24zabrze.pl\/wiadomosci\/wp-json\/wp\/v2\/posts"}],"about":[{"href":"https:\/\/www.24zabrze.pl\/wiadomosci\/wp-json\/wp\/v2\/types\/post"}],"author":[{"embeddable":true,"href":"https:\/\/www.24zabrze.pl\/wiadomosci\/wp-json\/wp\/v2\/users\/17"}],"replies":[{"embeddable":true,"href":"https:\/\/www.24zabrze.pl\/wiadomosci\/wp-json\/wp\/v2\/comments?post=92974"}],"version-history":[{"count":7,"href":"https:\/\/www.24zabrze.pl\/wiadomosci\/wp-json\/wp\/v2\/posts\/92974\/revisions"}],"predecessor-version":[{"id":92983,"href":"https:\/\/www.24zabrze.pl\/wiadomosci\/wp-json\/wp\/v2\/posts\/92974\/revisions\/92983"}],"wp:featuredmedia":[{"embeddable":true,"href":"https:\/\/www.24zabrze.pl\/wiadomosci\/wp-json\/wp\/v2\/media\/92981"}],"wp:attachment":[{"href":"https:\/\/www.24zabrze.pl\/wiadomosci\/wp-json\/wp\/v2\/media?parent=92974"}],"wp:term":[{"taxonomy":"category","embeddable":true,"href":"https:\/\/www.24zabrze.pl\/wiadomosci\/wp-json\/wp\/v2\/categories?post=92974"},{"taxonomy":"post_tag","embeddable":true,"href":"https:\/\/www.24zabrze.pl\/wiadomosci\/wp-json\/wp\/v2\/tags?post=92974"}],"curies":[{"name":"wp","href":"https:\/\/api.w.org\/{rel}","templated":true}]}}