{"id":91683,"date":"2020-12-04T12:50:30","date_gmt":"2020-12-04T11:50:30","guid":{"rendered":"https:\/\/www.24zabrze.pl\/wiadomosci\/?p=91683"},"modified":"2020-12-06T18:20:32","modified_gmt":"2020-12-06T17:20:32","slug":"trwa-remont-wiezy-cisnien-przy-ulicy-zamoyskiego-kiedy-obiekt-bedzie-gotowy","status":"publish","type":"post","link":"https:\/\/www.24zabrze.pl\/wiadomosci\/trwa-remont-wiezy-cisnien-przy-ulicy-zamoyskiego-kiedy-obiekt-bedzie-gotowy\/","title":{"rendered":"Trwa remont wie\u017cy ci\u015bnie\u0144 przy ulicy Zamoyskiego. Kiedy obiekt b\u0119dzie gotowy?"},"content":{"rendered":"<div class=\"zabrz-a6-z-nad-leadem-artykulow zabrz-entity-placement\" id=\"zabrz-4257844337\"><div class=\"zabrz-adlabel\"><span style=\"font-size: 9px\">REKLAMA<\/span><\/div><div id=\"zabrz-1341746659\" style=\"margin-bottom: 30px;margin-left: auto;margin-right: auto;text-align: center;\"><a data-no-instant=\"1\" href=\"https:\/\/dom100.eu\/\" rel=\"noopener\" class=\"a2t-link\" target=\"_blank\" aria-label=\"20260415 DOM100 D\"><img loading=\"lazy\" decoding=\"async\" src=\"https:\/\/www.24zabrze.pl\/wiadomosci\/wp-content\/uploads\/2026\/02\/20260415-DOM100-D.jpg\" alt=\"\"  srcset=\"https:\/\/www.24zabrze.pl\/wiadomosci\/wp-content\/uploads\/2026\/02\/20260415-DOM100-D.jpg 750w, https:\/\/www.24zabrze.pl\/wiadomosci\/wp-content\/uploads\/2026\/02\/20260415-DOM100-D-410x109.jpg 410w\" sizes=\"(max-width: 750px) 100vw, 750px\" class=\"no-lazyload\" width=\"750\" height=\"200\"  style=\"display: inline-block; max-width: 100%; height: auto;\" \/><\/a><\/div><\/div><h2>Pomimo utrudnie\u0144 zwi\u0105zanych z pandemi\u0105, przy ul. Zamoyskiego nieprzerwanie trwaj\u0105 prace remontowo-budowlane. Aktualnie kontynuowane s\u0105 roboty zwi\u0105zane z ociepleniem kopu\u0142y, prace wewn\u0105trz wie\u017cy \u2013 roboty wyko\u0144czeniowe, wykonanie instalacji wewn\u0119trznych oraz ci\u0105g\u00f3w komunikacyjnych zewn\u0119trznych wok\u00f3\u0142 wie\u017cy.<\/h2>\n<p>&nbsp;<br \/>\nW odrestaurowanym zabytku organizowane b\u0119d\u0105 projekty skierowane do r\u00f3\u017cnych grup odbiorc\u00f3w \u2013 od dzieci, przez osoby aktywne zawodowo a\u017c po zabrza\u0144skich senior\u00f3w.<\/p><div class=\"zabrz-a3-z-w-tresci-artykulow zabrz-entity-placement\" id=\"zabrz-732645042\"><div class=\"zabrz-adlabel\"><span style=\"font-size: 9px\">REKLAMA<\/span><\/div><div id=\"zabrz-3203010999\" style=\"margin-bottom: 40px;margin-left: auto;margin-right: auto;text-align: center;\"><a data-no-instant=\"1\" href=\"https:\/\/ogrodyandersa.pl\/\" rel=\"noopener\" class=\"a2t-link\" target=\"_blank\" aria-label=\"20260415 Ogrody Andersa WYBIERZ MIESZKANIE D\"><img loading=\"lazy\" decoding=\"async\" src=\"https:\/\/www.24zabrze.pl\/wiadomosci\/wp-content\/uploads\/2026\/02\/20260415-Ogrody-Andersa-WYBIERZ-MIESZKANIE-D.jpg\" alt=\"\"  srcset=\"https:\/\/www.24zabrze.pl\/wiadomosci\/wp-content\/uploads\/2026\/02\/20260415-Ogrody-Andersa-WYBIERZ-MIESZKANIE-D.jpg 750w, https:\/\/www.24zabrze.pl\/wiadomosci\/wp-content\/uploads\/2026\/02\/20260415-Ogrody-Andersa-WYBIERZ-MIESZKANIE-D-410x109.jpg 410w\" sizes=\"(max-width: 750px) 100vw, 750px\" class=\"no-lazyload\" width=\"750\" height=\"200\"  style=\"display: inline-block; max-width: 100%; height: auto;\" \/><\/a><\/div><\/div>\n<p>&#8211; <em>Rewitalizacja wie\u017cy w Zabrzu rozpocz\u0119\u0142a si\u0119 w 2018 roku \u2013 w sierpniu podpisano umow\u0119 z wykonawc\u0105. Muzeum G\u00f3rnictwa W\u0119glowego w Zabrzu zdecydowa\u0142o w\u00f3wczas, \u017ce niszczej\u0105cy budynek przy ul. Jana Zamoyskiego, powinien odzyska\u0107 nale\u017cny blask. Cho\u0107 ca\u0142o\u015b\u0107 zostanie odnowiona, nie zrezygnowano z nawi\u0105za\u0144 do przesz\u0142o\u015bci. Wystarczy zobaczy\u0107, \u017ce czerwona ceg\u0142a (zrewitalizowana) widoczna z zewn\u0119trznej strony elewacji, ca\u0142y czas zdobi ten budynek<\/em> &#8211; czytamy na stronie miasta. <\/p>\n<blockquote><p><em>Obok wie\u017cy zosta\u0142a wzniesiona przeszklona klatka schodowa wraz z wind\u0105. Na jej szczycie znajdzie si\u0119 punkt widokowy, dzi\u0119ki kt\u00f3remu b\u0119dzie mo\u017cna podziwia\u0107 panoram\u0119 miasta, ale nie tylko. Przy sprzyjaj\u0105cej pogodzie dostrze\u017cmy tak\u017ce\u2026 Beskidy. To b\u0119dzie zdecydowanie wizyt\u00f3wka zabrza\u0144skiej wie\u017cy<\/em> <\/p><\/blockquote>\n<p>&#8211; widnieje dalej w komunikacie na stronie magistratu. <\/p>\n<p>Wykonawc\u0105 rob\u00f3t jest konsorcjum firm: Przedsi\u0119biorstwo Wielobran\u017cowe BANIMEX Sp. z o.o. oraz AZI-BUD Sp\u00f3\u0142ka z o.o. z B\u0119dzina. Po opracowaniu dokumentacji, firma otrzyma\u0142a prawomocne pozwolenie na budow\u0119 w kwietniu 2019 roku i przyst\u0105pi\u0142a do realizacji prac, kt\u00f3re trwaj\u0105 do chwili obecnej. <\/p>\n<p>W czerwcu podpisano umow\u0119 z firm\u0105 Adventure Ekspozycje Sp. z o.o. na wykonanie interaktywnej wystawy pn. CARBONEUM, kt\u00f3ra zlokalizowana b\u0119dzie w kopule wie\u017cy. Wystawa obejmowa\u0107 b\u0119dzie strefy tematyczne takie jak: wyst\u0119powanie w\u0119gla, w\u0119giel i cz\u0142owiek, zastosowanie w\u0119gla, laboratorium, obieg w\u0119gla w przyrodzie. Termin wykonania wystawy: luty 2021.<\/p>\n<p>Ostatnim etapem prac w obiekcie, b\u0119dzie zakup niezb\u0119dnego wyposa\u017cenia. Projekt ten dofinansowany zosta\u0142 w ramach Regionalnego Programu Operacyjnego Wojew\u00f3dztwa \u015al\u0105skiego na lata 2014-2020. Aktualna warto\u015b\u0107 ca\u0142ego projektu wynosi 34,2 mln z\u0142. Wysoko\u015b\u0107 dofinansowania to oko\u0142o 23,7 mln z\u0142. Termin zako\u0144czenia ca\u0142ego zadania wyznaczono na 30 kwietnia 2021 roku. <\/p>\n<p>(\u017cms)\/UM Zabrze<br \/>\nfot. UM Zabrze<\/p>\n","protected":false},"excerpt":{"rendered":"<p>Pomimo utrudnie\u0144 zwi\u0105zanych z pandemi\u0105, przy ul. Zamoyskiego nieprzerwanie trwaj\u0105 prace remontowo-budowlane. Aktualnie kontynuowane s\u0105 roboty zwi\u0105zane z ociepleniem kopu\u0142y, prace wewn\u0105trz wie\u017cy \u2013 roboty wyko\u0144czeniowe, wykonanie instalacji wewn\u0119trznych oraz ci\u0105g\u00f3w komunikacyjnych zewn\u0119trznych wok\u00f3\u0142 wie\u017cy. &nbsp; W odrestaurowanym zabytku organizowane b\u0119d\u0105 projekty skierowane do r\u00f3\u017cnych grup odbiorc\u00f3w \u2013 od dzieci, przez osoby aktywne zawodowo a\u017c [&hellip;]<\/p>\n","protected":false},"author":17,"featured_media":91687,"comment_status":"closed","ping_status":"closed","sticky":false,"template":"","format":"standard","meta":{"_monsterinsights_skip_tracking":false,"_monsterinsights_sitenote_active":false,"_monsterinsights_sitenote_note":"","_monsterinsights_sitenote_category":0,"footnotes":"","_links_to":"","_links_to_target":""},"categories":[8,9,1],"tags":[],"class_list":["post-91683","post","type-post","status-publish","format-standard","has-post-thumbnail","hentry","category-referendum","category-stronaglowna","category-wszystko"],"_links":{"self":[{"href":"https:\/\/www.24zabrze.pl\/wiadomosci\/wp-json\/wp\/v2\/posts\/91683","targetHints":{"allow":["GET"]}}],"collection":[{"href":"https:\/\/www.24zabrze.pl\/wiadomosci\/wp-json\/wp\/v2\/posts"}],"about":[{"href":"https:\/\/www.24zabrze.pl\/wiadomosci\/wp-json\/wp\/v2\/types\/post"}],"author":[{"embeddable":true,"href":"https:\/\/www.24zabrze.pl\/wiadomosci\/wp-json\/wp\/v2\/users\/17"}],"replies":[{"embeddable":true,"href":"https:\/\/www.24zabrze.pl\/wiadomosci\/wp-json\/wp\/v2\/comments?post=91683"}],"version-history":[{"count":4,"href":"https:\/\/www.24zabrze.pl\/wiadomosci\/wp-json\/wp\/v2\/posts\/91683\/revisions"}],"predecessor-version":[{"id":91690,"href":"https:\/\/www.24zabrze.pl\/wiadomosci\/wp-json\/wp\/v2\/posts\/91683\/revisions\/91690"}],"wp:featuredmedia":[{"embeddable":true,"href":"https:\/\/www.24zabrze.pl\/wiadomosci\/wp-json\/wp\/v2\/media\/91687"}],"wp:attachment":[{"href":"https:\/\/www.24zabrze.pl\/wiadomosci\/wp-json\/wp\/v2\/media?parent=91683"}],"wp:term":[{"taxonomy":"category","embeddable":true,"href":"https:\/\/www.24zabrze.pl\/wiadomosci\/wp-json\/wp\/v2\/categories?post=91683"},{"taxonomy":"post_tag","embeddable":true,"href":"https:\/\/www.24zabrze.pl\/wiadomosci\/wp-json\/wp\/v2\/tags?post=91683"}],"curies":[{"name":"wp","href":"https:\/\/api.w.org\/{rel}","templated":true}]}}