{"id":90683,"date":"2020-10-02T16:13:18","date_gmt":"2020-10-02T14:13:18","guid":{"rendered":"https:\/\/www.24zabrze.pl\/wiadomosci\/?p=90683"},"modified":"2020-10-02T16:13:18","modified_gmt":"2020-10-02T14:13:18","slug":"samochody-strazy-miejskiej-sa-intensywnie-eksploatowane-wlasnie-przekazano-kolejny-pojazd","status":"publish","type":"post","link":"https:\/\/www.24zabrze.pl\/wiadomosci\/samochody-strazy-miejskiej-sa-intensywnie-eksploatowane-wlasnie-przekazano-kolejny-pojazd\/","title":{"rendered":"Samochody stra\u017cy miejskiej s\u0105 intensywnie eksploatowane. W\u0142a\u015bnie przekazano kolejny pojazd"},"content":{"rendered":"<div class=\"zabrz-a6-z-nad-leadem-artykulow zabrz-entity-placement\" id=\"zabrz-2023040704\"><div class=\"zabrz-adlabel\"><span style=\"font-size: 9px\">REKLAMA<\/span><\/div><div id=\"zabrz-3659148124\" style=\"margin-bottom: 30px;margin-left: auto;margin-right: auto;text-align: center;\"><a data-no-instant=\"1\" href=\"https:\/\/dom100.eu\/\" rel=\"noopener\" class=\"a2t-link\" target=\"_blank\" aria-label=\"20260415 DOM100 D\"><img loading=\"lazy\" decoding=\"async\" src=\"https:\/\/www.24zabrze.pl\/wiadomosci\/wp-content\/uploads\/2026\/02\/20260415-DOM100-D.jpg\" alt=\"\"  srcset=\"https:\/\/www.24zabrze.pl\/wiadomosci\/wp-content\/uploads\/2026\/02\/20260415-DOM100-D.jpg 750w, https:\/\/www.24zabrze.pl\/wiadomosci\/wp-content\/uploads\/2026\/02\/20260415-DOM100-D-410x109.jpg 410w\" sizes=\"(max-width: 750px) 100vw, 750px\" class=\"no-lazyload\" width=\"750\" height=\"200\"  style=\"display: inline-block; max-width: 100%; height: auto;\" \/><\/a><\/div><\/div><h2>Zabrza\u0144ska Stra\u017c Miejska dysponuje nowym samochodem przystosowanym do przewozu os\u00f3b zatrzymanych. B\u0119dzie s\u0142u\u017cy\u0142 patrolom podczas interwencji przeprowadzanych przez stra\u017cnik\u00f3w na terenie ca\u0142ego miasta.<\/h2>\n<p>Przekazanie auta odby\u0142o si\u0119 w czwartek w siedzibie Stra\u017cy Miejskiej w Zabrzu przy ul. Paw\u0142a Stalmacha 9, w obecno\u015bci zast\u0119pcy prezydenta Zabrza <strong>Krzysztofa Lewandowskiego<\/strong> oraz komendanta Stra\u017cy Miejskiej w Zabrzu <strong>Zbigniewa Juskowiaka<\/strong>.<\/p><div class=\"zabrz-a3-z-w-tresci-artykulow zabrz-entity-placement\" id=\"zabrz-2243195694\"><div class=\"zabrz-adlabel\"><span style=\"font-size: 9px\">REKLAMA<\/span><\/div><div id=\"zabrz-904896445\" style=\"margin-bottom: 40px;margin-left: auto;margin-right: auto;text-align: center;\"><a data-no-instant=\"1\" href=\"https:\/\/ogrodyandersa.pl\/\" rel=\"noopener\" class=\"a2t-link\" target=\"_blank\" aria-label=\"20260415 Ogrody Andersa WYBIERZ MIESZKANIE D\"><img loading=\"lazy\" decoding=\"async\" src=\"https:\/\/www.24zabrze.pl\/wiadomosci\/wp-content\/uploads\/2026\/02\/20260415-Ogrody-Andersa-WYBIERZ-MIESZKANIE-D.jpg\" alt=\"\"  srcset=\"https:\/\/www.24zabrze.pl\/wiadomosci\/wp-content\/uploads\/2026\/02\/20260415-Ogrody-Andersa-WYBIERZ-MIESZKANIE-D.jpg 750w, https:\/\/www.24zabrze.pl\/wiadomosci\/wp-content\/uploads\/2026\/02\/20260415-Ogrody-Andersa-WYBIERZ-MIESZKANIE-D-410x109.jpg 410w\" sizes=\"(max-width: 750px) 100vw, 750px\" class=\"no-lazyload\" width=\"750\" height=\"200\"  style=\"display: inline-block; max-width: 100%; height: auto;\" \/><\/a><\/div><\/div>\n<p>Tabor Stra\u017cy Miejskiej w Zabrzu liczy obecnie 10 samochod\u00f3w. Ze wzgl\u0119du na intensywn\u0105 eksploatacj\u0119 w ruchu miejskim musz\u0105 by\u0107 one co par\u0119 lat wymieniane na nowe. Nowy nabytek posiada w przestrzeni nadwozia miejsca do przewo\u017cenia os\u00f3b.<\/p>\n<p>(\u017cms)\/UM Zabrze<br \/>\nfot. UM Zabrze<\/p>\n<p><a href=\"https:\/\/www.24zabrze.pl\/wiadomosci\/wp-content\/uploads\/2020\/10\/nowe-auto-strazy-miejskiej.jpg\"><img loading=\"lazy\" decoding=\"async\" class=\"alignnone size-full wp-image-90686\" src=\"https:\/\/www.24zabrze.pl\/wiadomosci\/wp-content\/uploads\/2020\/10\/nowe-auto-strazy-miejskiej.jpg\" alt=\"\" width=\"810\" height=\"537\" srcset=\"https:\/\/www.24zabrze.pl\/wiadomosci\/wp-content\/uploads\/2020\/10\/nowe-auto-strazy-miejskiej.jpg 810w, https:\/\/www.24zabrze.pl\/wiadomosci\/wp-content\/uploads\/2020\/10\/nowe-auto-strazy-miejskiej-350x232.jpg 350w, https:\/\/www.24zabrze.pl\/wiadomosci\/wp-content\/uploads\/2020\/10\/nowe-auto-strazy-miejskiej-686x455.jpg 686w, https:\/\/www.24zabrze.pl\/wiadomosci\/wp-content\/uploads\/2020\/10\/nowe-auto-strazy-miejskiej-768x509.jpg 768w\" sizes=\"auto, (max-width: 810px) 100vw, 810px\" \/><\/a><\/p>\n<p><a href=\"https:\/\/www.24zabrze.pl\/wiadomosci\/wp-content\/uploads\/2020\/10\/nowe-auto-strazy-miejskiej3.jpg\"><img loading=\"lazy\" decoding=\"async\" class=\"alignnone size-full wp-image-90688\" src=\"https:\/\/www.24zabrze.pl\/wiadomosci\/wp-content\/uploads\/2020\/10\/nowe-auto-strazy-miejskiej3.jpg\" alt=\"\" width=\"810\" height=\"553\" srcset=\"https:\/\/www.24zabrze.pl\/wiadomosci\/wp-content\/uploads\/2020\/10\/nowe-auto-strazy-miejskiej3.jpg 810w, https:\/\/www.24zabrze.pl\/wiadomosci\/wp-content\/uploads\/2020\/10\/nowe-auto-strazy-miejskiej3-340x232.jpg 340w, https:\/\/www.24zabrze.pl\/wiadomosci\/wp-content\/uploads\/2020\/10\/nowe-auto-strazy-miejskiej3-666x455.jpg 666w, https:\/\/www.24zabrze.pl\/wiadomosci\/wp-content\/uploads\/2020\/10\/nowe-auto-strazy-miejskiej3-768x524.jpg 768w, https:\/\/www.24zabrze.pl\/wiadomosci\/wp-content\/uploads\/2020\/10\/nowe-auto-strazy-miejskiej3-145x100.jpg 145w, https:\/\/www.24zabrze.pl\/wiadomosci\/wp-content\/uploads\/2020\/10\/nowe-auto-strazy-miejskiej3-380x260.jpg 380w\" sizes=\"auto, (max-width: 810px) 100vw, 810px\" \/><\/a><\/p>\n<p><a href=\"https:\/\/www.24zabrze.pl\/wiadomosci\/wp-content\/uploads\/2020\/10\/nowe-auto-strazy-miejskiej4.jpg\"><img loading=\"lazy\" decoding=\"async\" class=\"alignnone size-full wp-image-90689\" src=\"https:\/\/www.24zabrze.pl\/wiadomosci\/wp-content\/uploads\/2020\/10\/nowe-auto-strazy-miejskiej4.jpg\" alt=\"\" width=\"810\" height=\"410\" srcset=\"https:\/\/www.24zabrze.pl\/wiadomosci\/wp-content\/uploads\/2020\/10\/nowe-auto-strazy-miejskiej4.jpg 810w, https:\/\/www.24zabrze.pl\/wiadomosci\/wp-content\/uploads\/2020\/10\/nowe-auto-strazy-miejskiej4-410x208.jpg 410w, https:\/\/www.24zabrze.pl\/wiadomosci\/wp-content\/uploads\/2020\/10\/nowe-auto-strazy-miejskiej4-768x389.jpg 768w\" sizes=\"auto, (max-width: 810px) 100vw, 810px\" \/><\/a><\/p>\n","protected":false},"excerpt":{"rendered":"<p>Zabrza\u0144ska Stra\u017c Miejska dysponuje nowym samochodem przystosowanym do przewozu os\u00f3b zatrzymanych. B\u0119dzie s\u0142u\u017cy\u0142 patrolom podczas interwencji przeprowadzanych przez stra\u017cnik\u00f3w na terenie ca\u0142ego miasta. Przekazanie auta odby\u0142o si\u0119 w czwartek w siedzibie Stra\u017cy Miejskiej w Zabrzu przy ul. Paw\u0142a Stalmacha 9, w obecno\u015bci zast\u0119pcy prezydenta Zabrza Krzysztofa Lewandowskiego oraz komendanta Stra\u017cy Miejskiej w Zabrzu Zbigniewa Juskowiaka. [&hellip;]<\/p>\n","protected":false},"author":17,"featured_media":90687,"comment_status":"closed","ping_status":"closed","sticky":false,"template":"","format":"standard","meta":{"_monsterinsights_skip_tracking":false,"_monsterinsights_sitenote_active":false,"_monsterinsights_sitenote_note":"","_monsterinsights_sitenote_category":0,"footnotes":"","_links_to":"","_links_to_target":""},"categories":[8,1],"tags":[],"class_list":["post-90683","post","type-post","status-publish","format-standard","has-post-thumbnail","hentry","category-referendum","category-wszystko"],"_links":{"self":[{"href":"https:\/\/www.24zabrze.pl\/wiadomosci\/wp-json\/wp\/v2\/posts\/90683","targetHints":{"allow":["GET"]}}],"collection":[{"href":"https:\/\/www.24zabrze.pl\/wiadomosci\/wp-json\/wp\/v2\/posts"}],"about":[{"href":"https:\/\/www.24zabrze.pl\/wiadomosci\/wp-json\/wp\/v2\/types\/post"}],"author":[{"embeddable":true,"href":"https:\/\/www.24zabrze.pl\/wiadomosci\/wp-json\/wp\/v2\/users\/17"}],"replies":[{"embeddable":true,"href":"https:\/\/www.24zabrze.pl\/wiadomosci\/wp-json\/wp\/v2\/comments?post=90683"}],"version-history":[{"count":5,"href":"https:\/\/www.24zabrze.pl\/wiadomosci\/wp-json\/wp\/v2\/posts\/90683\/revisions"}],"predecessor-version":[{"id":90698,"href":"https:\/\/www.24zabrze.pl\/wiadomosci\/wp-json\/wp\/v2\/posts\/90683\/revisions\/90698"}],"wp:featuredmedia":[{"embeddable":true,"href":"https:\/\/www.24zabrze.pl\/wiadomosci\/wp-json\/wp\/v2\/media\/90687"}],"wp:attachment":[{"href":"https:\/\/www.24zabrze.pl\/wiadomosci\/wp-json\/wp\/v2\/media?parent=90683"}],"wp:term":[{"taxonomy":"category","embeddable":true,"href":"https:\/\/www.24zabrze.pl\/wiadomosci\/wp-json\/wp\/v2\/categories?post=90683"},{"taxonomy":"post_tag","embeddable":true,"href":"https:\/\/www.24zabrze.pl\/wiadomosci\/wp-json\/wp\/v2\/tags?post=90683"}],"curies":[{"name":"wp","href":"https:\/\/api.w.org\/{rel}","templated":true}]}}