{"id":90623,"date":"2020-09-30T11:38:41","date_gmt":"2020-09-30T09:38:41","guid":{"rendered":"https:\/\/www.24zabrze.pl\/wiadomosci\/?p=90623"},"modified":"2020-09-30T15:25:07","modified_gmt":"2020-09-30T13:25:07","slug":"nowy-zlobek-miejski-w-zabrzu-wkrotce-rozpocznie-dzialanie-remont-budynku-kosztowal-5-mln-zl","status":"publish","type":"post","link":"https:\/\/www.24zabrze.pl\/wiadomosci\/nowy-zlobek-miejski-w-zabrzu-wkrotce-rozpocznie-dzialanie-remont-budynku-kosztowal-5-mln-zl\/","title":{"rendered":"Nowy \u017c\u0142obek miejski w Zabrzu wkr\u00f3tce rozpocznie dzia\u0142anie. Remont budynku kosztowa\u0142 5 mln z\u0142"},"content":{"rendered":"<div class=\"zabrz-a6-z-nad-leadem-artykulow zabrz-entity-placement\" id=\"zabrz-3009616588\"><div class=\"zabrz-adlabel\"><span style=\"font-size: 9px\">REKLAMA<\/span><\/div><div id=\"zabrz-2866560788\" style=\"margin-bottom: 30px;margin-left: auto;margin-right: auto;text-align: center;\"><a data-no-instant=\"1\" href=\"https:\/\/dom100.eu\/\" rel=\"noopener\" class=\"a2t-link\" target=\"_blank\" aria-label=\"20260415 DOM100 D\"><img loading=\"lazy\" decoding=\"async\" src=\"https:\/\/www.24zabrze.pl\/wiadomosci\/wp-content\/uploads\/2026\/02\/20260415-DOM100-D.jpg\" alt=\"\"  srcset=\"https:\/\/www.24zabrze.pl\/wiadomosci\/wp-content\/uploads\/2026\/02\/20260415-DOM100-D.jpg 750w, https:\/\/www.24zabrze.pl\/wiadomosci\/wp-content\/uploads\/2026\/02\/20260415-DOM100-D-410x109.jpg 410w\" sizes=\"(max-width: 750px) 100vw, 750px\" class=\"no-lazyload\" width=\"750\" height=\"200\"  style=\"display: inline-block; max-width: 100%; height: auto;\" \/><\/a><\/div><\/div><h2>Nowa fila \u017b\u0142obka Miejskiego zosta\u0142a oddana do u\u017cytku. Od 1 pa\u017adziernika funkcjonowa\u0107 b\u0119dzie w odrestaurowanym budynku przy ul. Mieczys\u0142awa Niedzia\u0142kowskiego 2. Dzi\u0119ki uruchomieniu tej plac\u00f3wki utworzonych zosta\u0142o kolejnych 40 miejsc dla dzieci.<\/h2>\n<p>Inwestycja polegaj\u0105ca na gruntownym remoncie budynku przy ul. Mieczys\u0142awa Niedzia\u0142kowskiego 2 oraz zaadaptowaniu go na potrzeby \u017c\u0142obka kosztowa\u0142a ponad 5,2 mln z\u0142. Na jej realizacj\u0119 miasto pozyska\u0142o blisko 900 tys. z\u0142otych dofinansowania z rz\u0105dowego programu \u201eMALUCH+\u201d 2019. <\/p><div class=\"zabrz-a3-z-w-tresci-artykulow zabrz-entity-placement\" id=\"zabrz-3867965972\"><div class=\"zabrz-adlabel\"><span style=\"font-size: 9px\">REKLAMA<\/span><\/div><div id=\"zabrz-1028258471\" style=\"margin-bottom: 40px;margin-left: auto;margin-right: auto;text-align: center;\"><a data-no-instant=\"1\" href=\"https:\/\/ogrodyandersa.pl\/\" rel=\"noopener\" class=\"a2t-link\" target=\"_blank\" aria-label=\"20260415 Ogrody Andersa WYBIERZ MIESZKANIE D\"><img loading=\"lazy\" decoding=\"async\" src=\"https:\/\/www.24zabrze.pl\/wiadomosci\/wp-content\/uploads\/2026\/02\/20260415-Ogrody-Andersa-WYBIERZ-MIESZKANIE-D.jpg\" alt=\"\"  srcset=\"https:\/\/www.24zabrze.pl\/wiadomosci\/wp-content\/uploads\/2026\/02\/20260415-Ogrody-Andersa-WYBIERZ-MIESZKANIE-D.jpg 750w, https:\/\/www.24zabrze.pl\/wiadomosci\/wp-content\/uploads\/2026\/02\/20260415-Ogrody-Andersa-WYBIERZ-MIESZKANIE-D-410x109.jpg 410w\" sizes=\"(max-width: 750px) 100vw, 750px\" class=\"no-lazyload\" width=\"750\" height=\"200\"  style=\"display: inline-block; max-width: 100%; height: auto;\" \/><\/a><\/div><\/div>\n<p><a href=\"https:\/\/www.24zabrze.pl\/wiadomosci\/wp-content\/uploads\/2020\/09\/Zlobek-Niedzialkowskiego-1.jpg\"><img loading=\"lazy\" decoding=\"async\" src=\"https:\/\/www.24zabrze.pl\/wiadomosci\/wp-content\/uploads\/2020\/09\/Zlobek-Niedzialkowskiego-1.jpg\" alt=\"\" width=\"810\" height=\"541\" class=\"alignnone size-full wp-image-90628\" srcset=\"https:\/\/www.24zabrze.pl\/wiadomosci\/wp-content\/uploads\/2020\/09\/Zlobek-Niedzialkowskiego-1.jpg 810w, https:\/\/www.24zabrze.pl\/wiadomosci\/wp-content\/uploads\/2020\/09\/Zlobek-Niedzialkowskiego-1-347x232.jpg 347w, https:\/\/www.24zabrze.pl\/wiadomosci\/wp-content\/uploads\/2020\/09\/Zlobek-Niedzialkowskiego-1-681x455.jpg 681w, https:\/\/www.24zabrze.pl\/wiadomosci\/wp-content\/uploads\/2020\/09\/Zlobek-Niedzialkowskiego-1-768x513.jpg 768w\" sizes=\"auto, (max-width: 810px) 100vw, 810px\" \/><\/a><\/p>\n<p>Pozosta\u0142a cz\u0119\u015b\u0107 koszt\u00f3w pokryta zosta\u0142a ze \u015brodk\u00f3w w\u0142asnych miasta oraz z kilku innych \u017ar\u00f3de\u0142 zewn\u0119trznych, w tym: Regionalnego Programu Operacyjny Wojew\u00f3dztwa \u015al\u0105skiego na lata 2014-2020 (w tym z Europejskiego Funduszu Spo\u0142ecznego oraz z Europejskiego Funduszu Rozwoju Regionalnego) oraz Wojew\u00f3dzkiego Funduszu Ochrony \u015arodowiska i Gospodarki Wodnej w Katowicach.<\/p>\n<p><a href=\"https:\/\/www.24zabrze.pl\/wiadomosci\/wp-content\/uploads\/2020\/09\/Zlobek-Niedzialkowskiego-3.jpg\"><img loading=\"lazy\" decoding=\"async\" src=\"https:\/\/www.24zabrze.pl\/wiadomosci\/wp-content\/uploads\/2020\/09\/Zlobek-Niedzialkowskiego-3.jpg\" alt=\"\" width=\"810\" height=\"541\" class=\"alignnone size-full wp-image-90629\" srcset=\"https:\/\/www.24zabrze.pl\/wiadomosci\/wp-content\/uploads\/2020\/09\/Zlobek-Niedzialkowskiego-3.jpg 810w, https:\/\/www.24zabrze.pl\/wiadomosci\/wp-content\/uploads\/2020\/09\/Zlobek-Niedzialkowskiego-3-347x232.jpg 347w, https:\/\/www.24zabrze.pl\/wiadomosci\/wp-content\/uploads\/2020\/09\/Zlobek-Niedzialkowskiego-3-681x455.jpg 681w, https:\/\/www.24zabrze.pl\/wiadomosci\/wp-content\/uploads\/2020\/09\/Zlobek-Niedzialkowskiego-3-768x513.jpg 768w\" sizes=\"auto, (max-width: 810px) 100vw, 810px\" \/><\/a><\/p>\n<p>Zakres prac wykonanych w obiekcie obejmowa\u0142: przebudow\u0119 wewn\u0119trznego uk\u0142adu budynku, wymian\u0119 stolarki okiennej i drzwiowej, przebudow\u0119 instalacji (elektrycznej, wodno-kanalizacyjnej, centralnego ogrzewania), wykonanie nowej wentylacji, modernizacj\u0119 \u017ar\u00f3d\u0142a ciep\u0142a, przebudow\u0119 klatki schodowej, docieplenie \u015bcian, dachu oraz stropu poddasza i pod\u0142ogi. <\/p>\n<h4>Zagospodarowano tak\u017ce terenu wok\u00f3\u0142 budynku. Dodatkowo, w ramach inwestycji zakupiono i zamontowano stosowne wyposa\u017cenie, kt\u00f3re pozwoli\u0142o na przystosowanie wn\u0119trz obiektu do potrzeb \u017c\u0142obka.<\/h4>\n<p>Nowa filia miejskiego \u017c\u0142obka oferuje 40 miejsc dla dzieci. Aktualnie w zabrza\u0144skich \u017c\u0142obkach dost\u0119pnych jest 786 miejsc \u2013 205 w plac\u00f3wkach miejskich oraz 581 w dotowanych przez Miasto Zabrze plac\u00f3wkach niepublicznych (\u017c\u0142obki niepubliczne oraz kluby dzieci\u0119ce).<\/p>\n<p><a href=\"https:\/\/www.24zabrze.pl\/wiadomosci\/wp-content\/uploads\/2020\/09\/Zlobek-Niedzialkowskiego-4.jpg\"><img loading=\"lazy\" decoding=\"async\" src=\"https:\/\/www.24zabrze.pl\/wiadomosci\/wp-content\/uploads\/2020\/09\/Zlobek-Niedzialkowskiego-4.jpg\" alt=\"\" width=\"810\" height=\"541\" class=\"alignnone size-full wp-image-90630\" srcset=\"https:\/\/www.24zabrze.pl\/wiadomosci\/wp-content\/uploads\/2020\/09\/Zlobek-Niedzialkowskiego-4.jpg 810w, https:\/\/www.24zabrze.pl\/wiadomosci\/wp-content\/uploads\/2020\/09\/Zlobek-Niedzialkowskiego-4-347x232.jpg 347w, https:\/\/www.24zabrze.pl\/wiadomosci\/wp-content\/uploads\/2020\/09\/Zlobek-Niedzialkowskiego-4-681x455.jpg 681w, https:\/\/www.24zabrze.pl\/wiadomosci\/wp-content\/uploads\/2020\/09\/Zlobek-Niedzialkowskiego-4-768x513.jpg 768w\" sizes=\"auto, (max-width: 810px) 100vw, 810px\" \/><\/a><\/p>\n<p>Informacje dotycz\u0105ce dost\u0119pno\u015bci miejsc w \u017c\u0142obkach i klubach dzieci\u0119cych w Zabrzu mo\u017cna znale\u017a\u0107 na portalu Emp@tia w zak\u0142adce \u201eRejestr \u017b\u0142obk\u00f3w i Klub\u00f3w Dzieci\u0119cych\u201d pod adresem: <a href=\"https:\/\/empatia.mpips.gov.pl\/web\/piu\/mapa-zlobkow-i-klubow-dzieciecych\" rel=\"noopener noreferrer\" target=\"_blank\">https:\/\/empatia.mpips.gov.pl\/dlaswiadczeniobiorcow\/rodzina\/d3\/rejestr-zlobkow-i-klubow<\/a>.<\/p>\n<p>(\u017cms)\/UM Zabrze<br \/>\nfot. UM Zabrze<\/p>\n<p><a href=\"https:\/\/www.24zabrze.pl\/wiadomosci\/wp-content\/uploads\/2020\/09\/Zlobek-Niedzialkowskiego-5.jpg\"><img loading=\"lazy\" decoding=\"async\" src=\"https:\/\/www.24zabrze.pl\/wiadomosci\/wp-content\/uploads\/2020\/09\/Zlobek-Niedzialkowskiego-5.jpg\" alt=\"\" width=\"810\" height=\"541\" class=\"alignnone size-full wp-image-90631\" srcset=\"https:\/\/www.24zabrze.pl\/wiadomosci\/wp-content\/uploads\/2020\/09\/Zlobek-Niedzialkowskiego-5.jpg 810w, https:\/\/www.24zabrze.pl\/wiadomosci\/wp-content\/uploads\/2020\/09\/Zlobek-Niedzialkowskiego-5-347x232.jpg 347w, https:\/\/www.24zabrze.pl\/wiadomosci\/wp-content\/uploads\/2020\/09\/Zlobek-Niedzialkowskiego-5-681x455.jpg 681w, https:\/\/www.24zabrze.pl\/wiadomosci\/wp-content\/uploads\/2020\/09\/Zlobek-Niedzialkowskiego-5-768x513.jpg 768w\" sizes=\"auto, (max-width: 810px) 100vw, 810px\" \/><\/a><\/p>\n<p><a href=\"https:\/\/www.24zabrze.pl\/wiadomosci\/wp-content\/uploads\/2020\/09\/Zlobek-Niedzialkowskiego-6.jpg\"><img loading=\"lazy\" decoding=\"async\" src=\"https:\/\/www.24zabrze.pl\/wiadomosci\/wp-content\/uploads\/2020\/09\/Zlobek-Niedzialkowskiego-6.jpg\" alt=\"\" width=\"810\" height=\"541\" class=\"alignnone size-full wp-image-90632\" srcset=\"https:\/\/www.24zabrze.pl\/wiadomosci\/wp-content\/uploads\/2020\/09\/Zlobek-Niedzialkowskiego-6.jpg 810w, https:\/\/www.24zabrze.pl\/wiadomosci\/wp-content\/uploads\/2020\/09\/Zlobek-Niedzialkowskiego-6-347x232.jpg 347w, https:\/\/www.24zabrze.pl\/wiadomosci\/wp-content\/uploads\/2020\/09\/Zlobek-Niedzialkowskiego-6-681x455.jpg 681w, https:\/\/www.24zabrze.pl\/wiadomosci\/wp-content\/uploads\/2020\/09\/Zlobek-Niedzialkowskiego-6-768x513.jpg 768w\" sizes=\"auto, (max-width: 810px) 100vw, 810px\" \/><\/a><\/p>\n<p><a href=\"https:\/\/www.24zabrze.pl\/wiadomosci\/wp-content\/uploads\/2020\/09\/Zlobek-Niedzialkowskiego-7.jpg\"><img loading=\"lazy\" decoding=\"async\" src=\"https:\/\/www.24zabrze.pl\/wiadomosci\/wp-content\/uploads\/2020\/09\/Zlobek-Niedzialkowskiego-7.jpg\" alt=\"\" width=\"810\" height=\"541\" class=\"alignnone size-full wp-image-90633\" srcset=\"https:\/\/www.24zabrze.pl\/wiadomosci\/wp-content\/uploads\/2020\/09\/Zlobek-Niedzialkowskiego-7.jpg 810w, https:\/\/www.24zabrze.pl\/wiadomosci\/wp-content\/uploads\/2020\/09\/Zlobek-Niedzialkowskiego-7-347x232.jpg 347w, https:\/\/www.24zabrze.pl\/wiadomosci\/wp-content\/uploads\/2020\/09\/Zlobek-Niedzialkowskiego-7-681x455.jpg 681w, https:\/\/www.24zabrze.pl\/wiadomosci\/wp-content\/uploads\/2020\/09\/Zlobek-Niedzialkowskiego-7-768x513.jpg 768w\" sizes=\"auto, (max-width: 810px) 100vw, 810px\" \/><\/a><\/p>\n","protected":false},"excerpt":{"rendered":"<p>Nowa fila \u017b\u0142obka Miejskiego zosta\u0142a oddana do u\u017cytku. Od 1 pa\u017adziernika funkcjonowa\u0107 b\u0119dzie w odrestaurowanym budynku przy ul. Mieczys\u0142awa Niedzia\u0142kowskiego 2. Dzi\u0119ki uruchomieniu tej plac\u00f3wki utworzonych zosta\u0142o kolejnych 40 miejsc dla dzieci. Inwestycja polegaj\u0105ca na gruntownym remoncie budynku przy ul. Mieczys\u0142awa Niedzia\u0142kowskiego 2 oraz zaadaptowaniu go na potrzeby \u017c\u0142obka kosztowa\u0142a ponad 5,2 mln z\u0142. Na [&hellip;]<\/p>\n","protected":false},"author":17,"featured_media":90627,"comment_status":"closed","ping_status":"closed","sticky":false,"template":"","format":"standard","meta":{"_monsterinsights_skip_tracking":false,"_monsterinsights_sitenote_active":false,"_monsterinsights_sitenote_note":"","_monsterinsights_sitenote_category":0,"footnotes":"","_links_to":"","_links_to_target":""},"categories":[8,9,1],"tags":[],"class_list":["post-90623","post","type-post","status-publish","format-standard","has-post-thumbnail","hentry","category-referendum","category-stronaglowna","category-wszystko"],"_links":{"self":[{"href":"https:\/\/www.24zabrze.pl\/wiadomosci\/wp-json\/wp\/v2\/posts\/90623","targetHints":{"allow":["GET"]}}],"collection":[{"href":"https:\/\/www.24zabrze.pl\/wiadomosci\/wp-json\/wp\/v2\/posts"}],"about":[{"href":"https:\/\/www.24zabrze.pl\/wiadomosci\/wp-json\/wp\/v2\/types\/post"}],"author":[{"embeddable":true,"href":"https:\/\/www.24zabrze.pl\/wiadomosci\/wp-json\/wp\/v2\/users\/17"}],"replies":[{"embeddable":true,"href":"https:\/\/www.24zabrze.pl\/wiadomosci\/wp-json\/wp\/v2\/comments?post=90623"}],"version-history":[{"count":7,"href":"https:\/\/www.24zabrze.pl\/wiadomosci\/wp-json\/wp\/v2\/posts\/90623\/revisions"}],"predecessor-version":[{"id":90637,"href":"https:\/\/www.24zabrze.pl\/wiadomosci\/wp-json\/wp\/v2\/posts\/90623\/revisions\/90637"}],"wp:featuredmedia":[{"embeddable":true,"href":"https:\/\/www.24zabrze.pl\/wiadomosci\/wp-json\/wp\/v2\/media\/90627"}],"wp:attachment":[{"href":"https:\/\/www.24zabrze.pl\/wiadomosci\/wp-json\/wp\/v2\/media?parent=90623"}],"wp:term":[{"taxonomy":"category","embeddable":true,"href":"https:\/\/www.24zabrze.pl\/wiadomosci\/wp-json\/wp\/v2\/categories?post=90623"},{"taxonomy":"post_tag","embeddable":true,"href":"https:\/\/www.24zabrze.pl\/wiadomosci\/wp-json\/wp\/v2\/tags?post=90623"}],"curies":[{"name":"wp","href":"https:\/\/api.w.org\/{rel}","templated":true}]}}