{"id":90398,"date":"2020-09-22T10:52:21","date_gmt":"2020-09-22T08:52:21","guid":{"rendered":"https:\/\/www.24zabrze.pl\/wiadomosci\/?p=90398"},"modified":"2020-09-22T10:52:21","modified_gmt":"2020-09-22T08:52:21","slug":"rozwoj-systemu-zabrzanskich-tras-rowerowych-mozna-wyrazic-opinie-biorac-udzial-w-ankiecie","status":"publish","type":"post","link":"https:\/\/www.24zabrze.pl\/wiadomosci\/rozwoj-systemu-zabrzanskich-tras-rowerowych-mozna-wyrazic-opinie-biorac-udzial-w-ankiecie\/","title":{"rendered":"Rozw\u00f3j systemu zabrza\u0144skich tras rowerowych. Mo\u017cna wyrazi\u0107 opini\u0119 bior\u0105c udzia\u0142 w ankiecie"},"content":{"rendered":"<div class=\"zabrz-a6-z-nad-leadem-artykulow zabrz-entity-placement\" id=\"zabrz-3411878057\"><div class=\"zabrz-adlabel\"><span style=\"font-size: 9px\">REKLAMA<\/span><\/div><div id=\"zabrz-2371719009\" style=\"margin-bottom: 30px;margin-left: auto;margin-right: auto;text-align: center;\"><a data-no-instant=\"1\" href=\"https:\/\/dom100.eu\/\" rel=\"noopener\" class=\"a2t-link\" target=\"_blank\" aria-label=\"20260415 DOM100 D\"><img loading=\"lazy\" decoding=\"async\" src=\"https:\/\/www.24zabrze.pl\/wiadomosci\/wp-content\/uploads\/2026\/02\/20260415-DOM100-D.jpg\" alt=\"\"  srcset=\"https:\/\/www.24zabrze.pl\/wiadomosci\/wp-content\/uploads\/2026\/02\/20260415-DOM100-D.jpg 750w, https:\/\/www.24zabrze.pl\/wiadomosci\/wp-content\/uploads\/2026\/02\/20260415-DOM100-D-410x109.jpg 410w\" sizes=\"(max-width: 750px) 100vw, 750px\" class=\"no-lazyload\" width=\"750\" height=\"200\"  style=\"display: inline-block; max-width: 100%; height: auto;\" \/><\/a><\/div><\/div><h2>Firma projektowa Inkom Katowice na zlecenie MZDiII Zabrze opracuje koncepcj\u0119 tras rowerowych na terenie gminy. Jednym z element\u00f3w realizacji zadania jest przeprowadzenie w\u015br\u00f3d mieszka\u0144c\u00f3w ankiety. <\/h2>\n<p>Kwestionariusz zawiera pytania m.in. na temat sposobu u\u017cytkowania roweru w gminie, okre\u015blenia \u017ar\u00f3de\u0142 i cel\u00f3w odbywanych podr\u00f3\u017cy rowerowych, oczekiwa\u0144 co do kierunk\u00f3w rozwoju systemu tras na jej terenie (drogi dla rower\u00f3w jako trasy do wykonywania podr\u00f3\u017cy obligatoryjnych\/codziennych, trasy rekreacyjne itp.).<\/p><div class=\"zabrz-a3-z-w-tresci-artykulow zabrz-entity-placement\" id=\"zabrz-850847191\"><div class=\"zabrz-adlabel\"><span style=\"font-size: 9px\">REKLAMA<\/span><\/div><div id=\"zabrz-2879398435\" style=\"margin-bottom: 40px;margin-left: auto;margin-right: auto;text-align: center;\"><a data-no-instant=\"1\" href=\"https:\/\/ogrodyandersa.pl\/\" rel=\"noopener\" class=\"a2t-link\" target=\"_blank\" aria-label=\"20260415 Ogrody Andersa WYBIERZ MIESZKANIE D\"><img loading=\"lazy\" decoding=\"async\" src=\"https:\/\/www.24zabrze.pl\/wiadomosci\/wp-content\/uploads\/2026\/02\/20260415-Ogrody-Andersa-WYBIERZ-MIESZKANIE-D.jpg\" alt=\"\"  srcset=\"https:\/\/www.24zabrze.pl\/wiadomosci\/wp-content\/uploads\/2026\/02\/20260415-Ogrody-Andersa-WYBIERZ-MIESZKANIE-D.jpg 750w, https:\/\/www.24zabrze.pl\/wiadomosci\/wp-content\/uploads\/2026\/02\/20260415-Ogrody-Andersa-WYBIERZ-MIESZKANIE-D-410x109.jpg 410w\" sizes=\"(max-width: 750px) 100vw, 750px\" class=\"no-lazyload\" width=\"750\" height=\"200\"  style=\"display: inline-block; max-width: 100%; height: auto;\" \/><\/a><\/div><\/div>\n<h4>Projekt ma charakter inicjuj\u0105cy porz\u0105dkowanie i rozw\u00f3j zabrza\u0144skiego systemu tras rowerowych.<\/h4>\n<p>&#8211; <em>Zapraszamy Pa\u0144stwa do udzia\u0142u w badaniu ankietowym. Udzia\u0142 w badaniu jest dobrowolny. Przewidujemy w\u015br\u00f3d uczestnik\u00f3w ankiety rozlosowanie pi\u0119ciu bezprzewodowych licznik\u00f3w rowerowych, st\u0105d uczestnik\u00f3w zainteresowanych uzyskaniem nagrody prosimy o podanie swojego imienia, nazwiska i adresu zamieszkania<\/em> &#8211; czytamy na stronie internetowej magistratu. <\/p>\n<p>Podanie danych w postaci imienia i nazwiska oraz adresu zamieszkania jest jednoznaczne z akceptacj\u0105 przetwarzania danych osobowych.<\/p>\n<p>Ankiet\u0119 mo\u017cna wype\u0142ni\u0107 w formie elektronicznej &#8211; link: <a href=\"http:\/\/www.ankieta.cms.com.pl\/\" rel=\"noopener noreferrer\" target=\"_blank\">http:\/\/www.ankieta.cms.com.pl\/<\/a> lub w formie papierowej &#8211; odsy\u0142aj\u0105c do Urz\u0119du Miejskiego w Zabrzu, ul. Powsta\u0144c\u00f3w \u015al\u0105skich 5-7, Zabrze 41-800 z dopiskiem \u201eRower w gminie Zabrze\u201d.<\/p>\n<p>Ankieta jest aktywna do 28 wrze\u015bnia 2020 r.<\/p>\n<h4>Miasto zastrzega, \u017ce Inkom NIE JEST Administratorem Danych Osobowych publikowanych na stronie internetowej ankiety.<\/h4>\n<p>&#8211; <em>Je\u015bli chc\u0105 Pa\u0144stwo uzyska\u0107 informacje dot. przetwarzania danych prosimy o kontakt z Administratorem: FHU PLUS Jacek Cholewa, ul. Olszynki 8, 43-220 Bojszowy. Je\u015bli nie chc\u0105 Pa\u0144stwo powierzy\u0107 danych zewn\u0119trznemu podmiotowi sugerujemy przes\u0142anie odpowiedzi ankietowych na adres e-mail: <a href=\"mailto:inkom@inkom.katowice.pl\" rel=\"noopener noreferrer\" target=\"_blank\">inkom@inkom.katowice.pl<\/a>, dostarczenie za pomoc\u0105 poczty tradycyjnej lub osobi\u015bcie<\/em> &#8211; widnieje dalej w komunikacie miasta. <\/p>\n<p>Dane przetwarzane s\u0105 w celu weryfikacji ankiety, kt\u00f3re umo\u017cliwi wy\u0142onienie osoby otrzymuj\u0105cej nagrod\u0119. B\u0119d\u0105 przechowywane do momentu wycofania zgody przez osob\u0119, kt\u00f3rej dane dotycz\u0105.<\/p>\n<p>(\u017cms)\/UM Zabrze<br \/>\nfot. arch. 24zabrze.pl<\/p>\n","protected":false},"excerpt":{"rendered":"<p>Firma projektowa Inkom Katowice na zlecenie MZDiII Zabrze opracuje koncepcj\u0119 tras rowerowych na terenie gminy. Jednym z element\u00f3w realizacji zadania jest przeprowadzenie w\u015br\u00f3d mieszka\u0144c\u00f3w ankiety. Kwestionariusz zawiera pytania m.in. na temat sposobu u\u017cytkowania roweru w gminie, okre\u015blenia \u017ar\u00f3de\u0142 i cel\u00f3w odbywanych podr\u00f3\u017cy rowerowych, oczekiwa\u0144 co do kierunk\u00f3w rozwoju systemu tras na jej terenie (drogi dla [&hellip;]<\/p>\n","protected":false},"author":17,"featured_media":77652,"comment_status":"closed","ping_status":"closed","sticky":false,"template":"","format":"standard","meta":{"_monsterinsights_skip_tracking":false,"_monsterinsights_sitenote_active":false,"_monsterinsights_sitenote_note":"","_monsterinsights_sitenote_category":0,"footnotes":"","_links_to":"","_links_to_target":""},"categories":[8,1],"tags":[],"class_list":["post-90398","post","type-post","status-publish","format-standard","has-post-thumbnail","hentry","category-referendum","category-wszystko"],"_links":{"self":[{"href":"https:\/\/www.24zabrze.pl\/wiadomosci\/wp-json\/wp\/v2\/posts\/90398","targetHints":{"allow":["GET"]}}],"collection":[{"href":"https:\/\/www.24zabrze.pl\/wiadomosci\/wp-json\/wp\/v2\/posts"}],"about":[{"href":"https:\/\/www.24zabrze.pl\/wiadomosci\/wp-json\/wp\/v2\/types\/post"}],"author":[{"embeddable":true,"href":"https:\/\/www.24zabrze.pl\/wiadomosci\/wp-json\/wp\/v2\/users\/17"}],"replies":[{"embeddable":true,"href":"https:\/\/www.24zabrze.pl\/wiadomosci\/wp-json\/wp\/v2\/comments?post=90398"}],"version-history":[{"count":8,"href":"https:\/\/www.24zabrze.pl\/wiadomosci\/wp-json\/wp\/v2\/posts\/90398\/revisions"}],"predecessor-version":[{"id":90471,"href":"https:\/\/www.24zabrze.pl\/wiadomosci\/wp-json\/wp\/v2\/posts\/90398\/revisions\/90471"}],"wp:featuredmedia":[{"embeddable":true,"href":"https:\/\/www.24zabrze.pl\/wiadomosci\/wp-json\/wp\/v2\/media\/77652"}],"wp:attachment":[{"href":"https:\/\/www.24zabrze.pl\/wiadomosci\/wp-json\/wp\/v2\/media?parent=90398"}],"wp:term":[{"taxonomy":"category","embeddable":true,"href":"https:\/\/www.24zabrze.pl\/wiadomosci\/wp-json\/wp\/v2\/categories?post=90398"},{"taxonomy":"post_tag","embeddable":true,"href":"https:\/\/www.24zabrze.pl\/wiadomosci\/wp-json\/wp\/v2\/tags?post=90398"}],"curies":[{"name":"wp","href":"https:\/\/api.w.org\/{rel}","templated":true}]}}