{"id":88971,"date":"2020-07-08T12:05:26","date_gmt":"2020-07-08T10:05:26","guid":{"rendered":"https:\/\/www.24zabrze.pl\/wiadomosci\/?p=88971"},"modified":"2020-07-08T12:05:26","modified_gmt":"2020-07-08T10:05:26","slug":"miasto-przestrzenia-rozwoju-zabrze-ma-szanse-na-spore-dofinansowanie-wypelnij-ankiete","status":"publish","type":"post","link":"https:\/\/www.24zabrze.pl\/wiadomosci\/miasto-przestrzenia-rozwoju-zabrze-ma-szanse-na-spore-dofinansowanie-wypelnij-ankiete\/","title":{"rendered":"&#8220;Miasto Przestrzeni\u0105 Rozwoju&#8221;. Zabrze ma szans\u0119 na spore dofinansowanie, wype\u0142nij ankiet\u0119"},"content":{"rendered":"<div class=\"zabrz-a6-z-nad-leadem-artykulow zabrz-entity-placement\" id=\"zabrz-2208963371\"><div class=\"zabrz-adlabel\"><span style=\"font-size: 9px\">REKLAMA<\/span><\/div><div id=\"zabrz-70109038\" style=\"margin-bottom: 30px;margin-left: auto;margin-right: auto;text-align: center;\"><a data-no-instant=\"1\" href=\"https:\/\/dom100.eu\/\" rel=\"noopener\" class=\"a2t-link\" target=\"_blank\" aria-label=\"20260415 DOM100 D\"><img loading=\"lazy\" decoding=\"async\" src=\"https:\/\/www.24zabrze.pl\/wiadomosci\/wp-content\/uploads\/2026\/02\/20260415-DOM100-D.jpg\" alt=\"\"  srcset=\"https:\/\/www.24zabrze.pl\/wiadomosci\/wp-content\/uploads\/2026\/02\/20260415-DOM100-D.jpg 750w, https:\/\/www.24zabrze.pl\/wiadomosci\/wp-content\/uploads\/2026\/02\/20260415-DOM100-D-410x109.jpg 410w\" sizes=\"(max-width: 750px) 100vw, 750px\" class=\"no-lazyload\" width=\"750\" height=\"200\"  style=\"display: inline-block; max-width: 100%; height: auto;\" \/><\/a><\/div><\/div><h2>Jeszcze przez kilka dni mo\u017cna wype\u0142ni\u0107 ankiet\u0119 dotycz\u0105c\u0105 m.in. sposobu komunikowania si\u0119 miasta z mieszka\u0144cami, jako\u015bci obs\u0142ugi w Urz\u0119dzie Miejskim, przestrzeni publicznej oraz bezpiecze\u0144stwa. Pos\u0142u\u017cy ona okre\u015bleniu ram projektu pn. &#8220;Miasto Przestrzeni\u0105 Rozwoju&#8221;.<\/h2>\n<p>&#8211; <em>Zabrze bierze udzia\u0142 w Programie \u201eRozw\u00f3j Lokalny\u201d wsp\u00f3\u0142finansowanym ze \u015brodk\u00f3w Mechanizmu Finansowego Europejskiego Obszaru Gospodarczego i Norweskiego Mechanizmu Finansowego 2014-2021 \u2013 nasz wniosek o dofinansowanie pt:. \u201eMiasto Przestrzeni\u0105 Rozwoju\u201d zakwalifikowa\u0142 si\u0119 do II etapu konkursu, w kt\u00f3rym mo\u017cna pozyska\u0107 do 10 milion\u00f3w euro dofinansowania na rozw\u00f3j miasta<\/em> &#8211; dowiadujemy si\u0119 z komunikatu na stronie zabrza\u0144skiego magistratu. <\/p><div class=\"zabrz-a3-z-w-tresci-artykulow zabrz-entity-placement\" id=\"zabrz-1026102264\"><div class=\"zabrz-adlabel\"><span style=\"font-size: 9px\">REKLAMA<\/span><\/div><div id=\"zabrz-4136207962\" style=\"margin-bottom: 40px;margin-left: auto;margin-right: auto;text-align: center;\"><a data-no-instant=\"1\" href=\"https:\/\/ogrodyandersa.pl\/\" rel=\"noopener\" class=\"a2t-link\" target=\"_blank\" aria-label=\"20260415 Ogrody Andersa WYBIERZ MIESZKANIE D\"><img loading=\"lazy\" decoding=\"async\" src=\"https:\/\/www.24zabrze.pl\/wiadomosci\/wp-content\/uploads\/2026\/02\/20260415-Ogrody-Andersa-WYBIERZ-MIESZKANIE-D.jpg\" alt=\"\"  srcset=\"https:\/\/www.24zabrze.pl\/wiadomosci\/wp-content\/uploads\/2026\/02\/20260415-Ogrody-Andersa-WYBIERZ-MIESZKANIE-D.jpg 750w, https:\/\/www.24zabrze.pl\/wiadomosci\/wp-content\/uploads\/2026\/02\/20260415-Ogrody-Andersa-WYBIERZ-MIESZKANIE-D-410x109.jpg 410w\" sizes=\"(max-width: 750px) 100vw, 750px\" class=\"no-lazyload\" width=\"750\" height=\"200\"  style=\"display: inline-block; max-width: 100%; height: auto;\" \/><\/a><\/div><\/div>\n<h4>Projekt ma charakter kompleksowy, komplementarny i wielotematyczny, dlatego wa\u017cne jest pe\u0142ne zaanga\u017cowanie mieszka\u0144c\u00f3w i przedstawicieli spo\u0142eczno\u015bci lokalnej.<\/h4>\n<p>&#8211; <em>Zapraszamy Pa\u0144stwa do udzia\u0142u w badaniach ankietowych prowadzonych na etapie wsp\u00f3lnego budowania zakresu projektu. Udzia\u0142 w badaniu jest dobrowolny i anonimowy<\/em> &#8211; widnieje dalej w komunikacie magistratu.<\/p>\n<p>Ankiet\u0119 mo\u017cna wype\u0142ni\u0107 w formie elektronicznej: <a href=\"https:\/\/forms.gle\/rmmAVipKMnaWaa2w5\" rel=\"noopener noreferrer\" target=\"_blank\">(kliknij w link)<\/a> lub w formie papierowej odsy\u0142aj\u0105c do Urz\u0119du Miejskiego w Zabrzu, ul. Powsta\u0144c\u00f3w \u015al\u0105skich 5-7, Zabrze 41-800 z dopiskiem WRP b\u0105d\u017a mailem na adres: EOG_Zabrze@um.zabrze.pl. Ankieta jest aktywna do 13 lipca 2020 r.<\/p>\n<p>(nmm)\/UM Zabrze<br \/>\nfot. Time Loop Studio<\/p>\n","protected":false},"excerpt":{"rendered":"<p>Jeszcze przez kilka dni mo\u017cna wype\u0142ni\u0107 ankiet\u0119 dotycz\u0105c\u0105 m.in. sposobu komunikowania si\u0119 miasta z mieszka\u0144cami, jako\u015bci obs\u0142ugi w Urz\u0119dzie Miejskim, przestrzeni publicznej oraz bezpiecze\u0144stwa. Pos\u0142u\u017cy ona okre\u015bleniu ram projektu pn. &#8220;Miasto Przestrzeni\u0105 Rozwoju&#8221;. &#8211; Zabrze bierze udzia\u0142 w Programie \u201eRozw\u00f3j Lokalny\u201d wsp\u00f3\u0142finansowanym ze \u015brodk\u00f3w Mechanizmu Finansowego Europejskiego Obszaru Gospodarczego i Norweskiego Mechanizmu Finansowego 2014-2021 \u2013 [&hellip;]<\/p>\n","protected":false},"author":17,"featured_media":86546,"comment_status":"closed","ping_status":"closed","sticky":false,"template":"","format":"standard","meta":{"_monsterinsights_skip_tracking":false,"_monsterinsights_sitenote_active":false,"_monsterinsights_sitenote_note":"","_monsterinsights_sitenote_category":0,"footnotes":"","_links_to":"","_links_to_target":""},"categories":[8,1],"tags":[5739],"class_list":["post-88971","post","type-post","status-publish","format-standard","has-post-thumbnail","hentry","category-referendum","category-wszystko","tag-dofinansowanie"],"_links":{"self":[{"href":"https:\/\/www.24zabrze.pl\/wiadomosci\/wp-json\/wp\/v2\/posts\/88971","targetHints":{"allow":["GET"]}}],"collection":[{"href":"https:\/\/www.24zabrze.pl\/wiadomosci\/wp-json\/wp\/v2\/posts"}],"about":[{"href":"https:\/\/www.24zabrze.pl\/wiadomosci\/wp-json\/wp\/v2\/types\/post"}],"author":[{"embeddable":true,"href":"https:\/\/www.24zabrze.pl\/wiadomosci\/wp-json\/wp\/v2\/users\/17"}],"replies":[{"embeddable":true,"href":"https:\/\/www.24zabrze.pl\/wiadomosci\/wp-json\/wp\/v2\/comments?post=88971"}],"version-history":[{"count":7,"href":"https:\/\/www.24zabrze.pl\/wiadomosci\/wp-json\/wp\/v2\/posts\/88971\/revisions"}],"predecessor-version":[{"id":88978,"href":"https:\/\/www.24zabrze.pl\/wiadomosci\/wp-json\/wp\/v2\/posts\/88971\/revisions\/88978"}],"wp:featuredmedia":[{"embeddable":true,"href":"https:\/\/www.24zabrze.pl\/wiadomosci\/wp-json\/wp\/v2\/media\/86546"}],"wp:attachment":[{"href":"https:\/\/www.24zabrze.pl\/wiadomosci\/wp-json\/wp\/v2\/media?parent=88971"}],"wp:term":[{"taxonomy":"category","embeddable":true,"href":"https:\/\/www.24zabrze.pl\/wiadomosci\/wp-json\/wp\/v2\/categories?post=88971"},{"taxonomy":"post_tag","embeddable":true,"href":"https:\/\/www.24zabrze.pl\/wiadomosci\/wp-json\/wp\/v2\/tags?post=88971"}],"curies":[{"name":"wp","href":"https:\/\/api.w.org\/{rel}","templated":true}]}}