{"id":88953,"date":"2020-07-06T16:02:23","date_gmt":"2020-07-06T14:02:23","guid":{"rendered":"https:\/\/www.24zabrze.pl\/wiadomosci\/?p=88953"},"modified":"2020-07-06T16:02:23","modified_gmt":"2020-07-06T14:02:23","slug":"firma-zarys-international-kupila-dzialke-w-zabrzanskiej-strefie-ekonomicznej-czym-sie-zajmuje","status":"publish","type":"post","link":"https:\/\/www.24zabrze.pl\/wiadomosci\/firma-zarys-international-kupila-dzialke-w-zabrzanskiej-strefie-ekonomicznej-czym-sie-zajmuje\/","title":{"rendered":"Firma Zarys International kupi\u0142a dzia\u0142k\u0119 w zabrza\u0144skiej strefie ekonomicznej. Czym si\u0119 zajmuje?"},"content":{"rendered":"<div class=\"zabrz-a6-z-nad-leadem-artykulow zabrz-entity-placement\" id=\"zabrz-2304552864\"><div class=\"zabrz-adlabel\"><span style=\"font-size: 9px\">REKLAMA<\/span><\/div><div id=\"zabrz-712904586\" style=\"margin-bottom: 30px;margin-left: auto;margin-right: auto;text-align: center;\"><a data-no-instant=\"1\" href=\"https:\/\/dom100.eu\/\" rel=\"noopener\" class=\"a2t-link\" target=\"_blank\" aria-label=\"20260415 DOM100 D\"><img loading=\"lazy\" decoding=\"async\" src=\"https:\/\/www.24zabrze.pl\/wiadomosci\/wp-content\/uploads\/2026\/02\/20260415-DOM100-D.jpg\" alt=\"\"  srcset=\"https:\/\/www.24zabrze.pl\/wiadomosci\/wp-content\/uploads\/2026\/02\/20260415-DOM100-D.jpg 750w, https:\/\/www.24zabrze.pl\/wiadomosci\/wp-content\/uploads\/2026\/02\/20260415-DOM100-D-410x109.jpg 410w\" sizes=\"(max-width: 750px) 100vw, 750px\" class=\"no-lazyload\" width=\"750\" height=\"200\"  style=\"display: inline-block; max-width: 100%; height: auto;\" \/><\/a><\/div><\/div><h2>W siedzibie Katowickiej Specjalnej Strefy Ekonomicznej, odby\u0142 si\u0119 w pi\u0105tek przetarg na kolejn\u0105 nieruchomo\u015b\u0107 w zabrza\u0144skiej strefie ekonomicznej. Ofert\u0119 z\u0142o\u017cy\u0142a firma Zarys International.<\/h2>\n<p>Nowy inwestor jest czo\u0142owym producentem oraz dystrybutorem sprz\u0119tu medycznego. Firma zakupi\u0142a dzia\u0142k\u0119 inwestycyjn\u0105 o powierzchni 1,1346 ha przy ul. Ziemskiej za kwot\u0119 1,212 mln z\u0142 netto.<\/p><div class=\"zabrz-a3-z-w-tresci-artykulow zabrz-entity-placement\" id=\"zabrz-2365685557\"><div class=\"zabrz-adlabel\"><span style=\"font-size: 9px\">REKLAMA<\/span><\/div><div id=\"zabrz-3687080265\" style=\"margin-bottom: 40px;margin-left: auto;margin-right: auto;text-align: center;\"><a data-no-instant=\"1\" href=\"https:\/\/ogrodyandersa.pl\/\" rel=\"noopener\" class=\"a2t-link\" target=\"_blank\" aria-label=\"20260415 Ogrody Andersa WYBIERZ MIESZKANIE D\"><img loading=\"lazy\" decoding=\"async\" src=\"https:\/\/www.24zabrze.pl\/wiadomosci\/wp-content\/uploads\/2026\/02\/20260415-Ogrody-Andersa-WYBIERZ-MIESZKANIE-D.jpg\" alt=\"\"  srcset=\"https:\/\/www.24zabrze.pl\/wiadomosci\/wp-content\/uploads\/2026\/02\/20260415-Ogrody-Andersa-WYBIERZ-MIESZKANIE-D.jpg 750w, https:\/\/www.24zabrze.pl\/wiadomosci\/wp-content\/uploads\/2026\/02\/20260415-Ogrody-Andersa-WYBIERZ-MIESZKANIE-D-410x109.jpg 410w\" sizes=\"(max-width: 750px) 100vw, 750px\" class=\"no-lazyload\" width=\"750\" height=\"200\"  style=\"display: inline-block; max-width: 100%; height: auto;\" \/><\/a><\/div><\/div>\n<p>Dotychczas nieruchomo\u015bci w strefie zakupi\u0142o 29 podmiot\u00f3w. Pi\u0119tna\u015bcie uruchomi\u0142o dzia\u0142alno\u015b\u0107 gospodarcz\u0105. Zainwestowano dot\u0105d ok 500 mln z\u0142, tworz\u0105c ok. 1,5 tys. nowych miejsc pracy.<\/p>\n<p>(nmm)\/UM Zabrze<br \/>\nfot. UM Zabrze<\/p>\n","protected":false},"excerpt":{"rendered":"<p>W siedzibie Katowickiej Specjalnej Strefy Ekonomicznej, odby\u0142 si\u0119 w pi\u0105tek przetarg na kolejn\u0105 nieruchomo\u015b\u0107 w zabrza\u0144skiej strefie ekonomicznej. Ofert\u0119 z\u0142o\u017cy\u0142a firma Zarys International. Nowy inwestor jest czo\u0142owym producentem oraz dystrybutorem sprz\u0119tu medycznego. Firma zakupi\u0142a dzia\u0142k\u0119 inwestycyjn\u0105 o powierzchni 1,1346 ha przy ul. Ziemskiej za kwot\u0119 1,212 mln z\u0142 netto. Dotychczas nieruchomo\u015bci w strefie zakupi\u0142o 29 [&hellip;]<\/p>\n","protected":false},"author":17,"featured_media":88955,"comment_status":"closed","ping_status":"closed","sticky":false,"template":"","format":"standard","meta":{"_monsterinsights_skip_tracking":false,"_monsterinsights_sitenote_active":false,"_monsterinsights_sitenote_note":"","_monsterinsights_sitenote_category":0,"footnotes":"","_links_to":"","_links_to_target":""},"categories":[8,1],"tags":[7312],"class_list":["post-88953","post","type-post","status-publish","format-standard","has-post-thumbnail","hentry","category-referendum","category-wszystko","tag-ksse"],"_links":{"self":[{"href":"https:\/\/www.24zabrze.pl\/wiadomosci\/wp-json\/wp\/v2\/posts\/88953","targetHints":{"allow":["GET"]}}],"collection":[{"href":"https:\/\/www.24zabrze.pl\/wiadomosci\/wp-json\/wp\/v2\/posts"}],"about":[{"href":"https:\/\/www.24zabrze.pl\/wiadomosci\/wp-json\/wp\/v2\/types\/post"}],"author":[{"embeddable":true,"href":"https:\/\/www.24zabrze.pl\/wiadomosci\/wp-json\/wp\/v2\/users\/17"}],"replies":[{"embeddable":true,"href":"https:\/\/www.24zabrze.pl\/wiadomosci\/wp-json\/wp\/v2\/comments?post=88953"}],"version-history":[{"count":2,"href":"https:\/\/www.24zabrze.pl\/wiadomosci\/wp-json\/wp\/v2\/posts\/88953\/revisions"}],"predecessor-version":[{"id":88956,"href":"https:\/\/www.24zabrze.pl\/wiadomosci\/wp-json\/wp\/v2\/posts\/88953\/revisions\/88956"}],"wp:featuredmedia":[{"embeddable":true,"href":"https:\/\/www.24zabrze.pl\/wiadomosci\/wp-json\/wp\/v2\/media\/88955"}],"wp:attachment":[{"href":"https:\/\/www.24zabrze.pl\/wiadomosci\/wp-json\/wp\/v2\/media?parent=88953"}],"wp:term":[{"taxonomy":"category","embeddable":true,"href":"https:\/\/www.24zabrze.pl\/wiadomosci\/wp-json\/wp\/v2\/categories?post=88953"},{"taxonomy":"post_tag","embeddable":true,"href":"https:\/\/www.24zabrze.pl\/wiadomosci\/wp-json\/wp\/v2\/tags?post=88953"}],"curies":[{"name":"wp","href":"https:\/\/api.w.org\/{rel}","templated":true}]}}