{"id":88922,"date":"2020-07-03T14:21:17","date_gmt":"2020-07-03T12:21:17","guid":{"rendered":"https:\/\/www.24zabrze.pl\/wiadomosci\/?p=88922"},"modified":"2020-07-03T14:21:17","modified_gmt":"2020-07-03T12:21:17","slug":"dofinansowanie-do-oczka-wodnego-lub-zbiornika-retencyjnego-ruszyl-nabor-wnioskow","status":"publish","type":"post","link":"https:\/\/www.24zabrze.pl\/wiadomosci\/dofinansowanie-do-oczka-wodnego-lub-zbiornika-retencyjnego-ruszyl-nabor-wnioskow\/","title":{"rendered":"Dofinansowanie do oczka wodnego lub zbiornika retencyjnego. Ruszy\u0142 nab\u00f3r wniosk\u00f3w"},"content":{"rendered":"<div class=\"zabrz-a6-z-nad-leadem-artykulow zabrz-entity-placement\" id=\"zabrz-419272654\"><div class=\"zabrz-adlabel\"><span style=\"font-size: 9px\">REKLAMA<\/span><\/div><div id=\"zabrz-180829214\" style=\"margin-bottom: 30px;margin-left: auto;margin-right: auto;text-align: center;\"><a data-no-instant=\"1\" href=\"https:\/\/dom100.eu\/\" rel=\"noopener\" class=\"a2t-link\" target=\"_blank\" aria-label=\"20260415 DOM100 D\"><img loading=\"lazy\" decoding=\"async\" src=\"https:\/\/www.24zabrze.pl\/wiadomosci\/wp-content\/uploads\/2026\/02\/20260415-DOM100-D.jpg\" alt=\"\"  srcset=\"https:\/\/www.24zabrze.pl\/wiadomosci\/wp-content\/uploads\/2026\/02\/20260415-DOM100-D.jpg 750w, https:\/\/www.24zabrze.pl\/wiadomosci\/wp-content\/uploads\/2026\/02\/20260415-DOM100-D-410x109.jpg 410w\" sizes=\"(max-width: 750px) 100vw, 750px\" class=\"no-lazyload\" width=\"750\" height=\"200\"  style=\"display: inline-block; max-width: 100%; height: auto;\" \/><\/a><\/div><\/div><h2>W\u0142a\u015bciciele dom\u00f3w jednorodzinnych od 1 lipca mog\u0105 stara\u0107 si\u0119 o dofinansowanie w ramach rz\u0105dowego programu \u201eMoja Woda\u201d. Kwot\u0119 w wysoko\u015bci maksymalnie 5 tys. z\u0142 mo\u017cna przeznaczy\u0107 na budow\u0119 oczek wodnych b\u0105d\u017a ma\u0142ych zbiornik\u00f3w retencyjnych na swojej posesji.<\/h2>\n<p>Za organizacj\u0119 i realizacj\u0119 \u201eMojej Wody\u201d odpowiada Ministerstwo Klimatu we wsp\u00f3\u0142pracy z Narodowym Funduszem Ochrony \u015arodowiska i Gospodarki Wodnej. Program ma obowi\u0105zywa\u0107 do 2024 roku. Przewidziane w nim dofinansowanie si\u0119ga\u0107 b\u0119dzie do 80% koszt\u00f3w kwalifikowanych inwestycji (poniesionych od czerwca br.), ale nie wi\u0119cej ni\u017c 5 tys. z\u0142. \u015arodki przeznaczone b\u0119d\u0105 dla w\u0142a\u015bcicieli dom\u00f3w jednorodzinnych.<\/p><div class=\"zabrz-a3-z-w-tresci-artykulow zabrz-entity-placement\" id=\"zabrz-4241908771\"><div class=\"zabrz-adlabel\"><span style=\"font-size: 9px\">REKLAMA<\/span><\/div><div id=\"zabrz-2412030563\" style=\"margin-bottom: 40px;margin-left: auto;margin-right: auto;text-align: center;\"><a data-no-instant=\"1\" href=\"https:\/\/ogrodyandersa.pl\/\" rel=\"noopener\" class=\"a2t-link\" target=\"_blank\" aria-label=\"20260415 Ogrody Andersa WYBIERZ MIESZKANIE D\"><img loading=\"lazy\" decoding=\"async\" src=\"https:\/\/www.24zabrze.pl\/wiadomosci\/wp-content\/uploads\/2026\/02\/20260415-Ogrody-Andersa-WYBIERZ-MIESZKANIE-D.jpg\" alt=\"\"  srcset=\"https:\/\/www.24zabrze.pl\/wiadomosci\/wp-content\/uploads\/2026\/02\/20260415-Ogrody-Andersa-WYBIERZ-MIESZKANIE-D.jpg 750w, https:\/\/www.24zabrze.pl\/wiadomosci\/wp-content\/uploads\/2026\/02\/20260415-Ogrody-Andersa-WYBIERZ-MIESZKANIE-D-410x109.jpg 410w\" sizes=\"(max-width: 750px) 100vw, 750px\" class=\"no-lazyload\" width=\"750\" height=\"200\"  style=\"display: inline-block; max-width: 100%; height: auto;\" \/><\/a><\/div><\/div>\n<h4>Wsparcie przewidziano na zakup, monta\u017c i uruchomienie instalacji pozwalaj\u0105cych na zagospodarowanie w\u00f3d opadowych i roztopowych na terenie nieruchomo\u015bci. <\/h4>\n<p>Refundowany b\u0119dzie: zakup przewod\u00f3w odprowadzaj\u0105cych wody opadowe zebrane z rynien, wpust\u00f3w do zbiornika nadziemnego, podziemnego, oczka wodnego, instalacji rozs\u0105czaj\u0105cej; kupno podziemnych lub nadziemnych zbiornik\u00f3w retencyjnych; instalacji rozs\u0105czaj\u0105cych oraz element\u00f3w do nawadniania. Dofinansowanie przys\u0142ugiwa\u0107 b\u0119dzie te\u017c w przypadku budowy oczka wodnego.<\/p>\n<p><a href=\"https:\/\/www.24gliwice.pl\/wiadomosci\/wp-content\/uploads\/2020\/07\/oczko_plus.png\"><img loading=\"lazy\" decoding=\"async\" src=\"https:\/\/www.24gliwice.pl\/wiadomosci\/wp-content\/uploads\/2020\/07\/oczko_plus.png\" alt=\"\" width=\"880\" height=\"579\" class=\"alignnone size-full wp-image-154254\" \/><\/a><\/p>\n<p>Nab\u00f3r wniosk\u00f3w ruszy\u0142 1 lipca. Jak informuje Wojew\u00f3dzki Fundusz Ochrony \u015arodowiska i Gospodarki Wodnej w Katowicach, przyjmowane s\u0105 jedynie wnioski wype\u0142nione i przes\u0142ane do WFO\u015aIGW za pomoc\u0105 portalu beneficjenta. Szczeg\u00f3\u0142y mo\u017cna znale\u017a\u0107 na stronie<a href=\"http:\/\/www.wfosigw.katowice.pl\" rel=\"noopener noreferrer\" target=\"_blank\"> www.wfosigw.katowice.pl<\/a>. Dzia\u0142a r\u00f3wnie\u017c \u015bl\u0105ska infolinia programu (tel. 32\/722-77-09, e-mail <a href=\"mailto:mojawoda@wfosigw.katowice.pl\" rel=\"noopener noreferrer\" target=\"_blank\">mojawoda@wfosigw.katowice.pl<\/a>).<\/p>\n<p>(nmm)\/MSI<br \/>\nfot. px<br \/>\ngrafika: mat.pras.<\/p>\n","protected":false},"excerpt":{"rendered":"<p>W\u0142a\u015bciciele dom\u00f3w jednorodzinnych od 1 lipca mog\u0105 stara\u0107 si\u0119 o dofinansowanie w ramach rz\u0105dowego programu \u201eMoja Woda\u201d. Kwot\u0119 w wysoko\u015bci maksymalnie 5 tys. z\u0142 mo\u017cna przeznaczy\u0107 na budow\u0119 oczek wodnych b\u0105d\u017a ma\u0142ych zbiornik\u00f3w retencyjnych na swojej posesji. Za organizacj\u0119 i realizacj\u0119 \u201eMojej Wody\u201d odpowiada Ministerstwo Klimatu we wsp\u00f3\u0142pracy z Narodowym Funduszem Ochrony \u015arodowiska i Gospodarki [&hellip;]<\/p>\n","protected":false},"author":17,"featured_media":88924,"comment_status":"closed","ping_status":"closed","sticky":false,"template":"","format":"standard","meta":{"_monsterinsights_skip_tracking":false,"_monsterinsights_sitenote_active":false,"_monsterinsights_sitenote_note":"","_monsterinsights_sitenote_category":0,"footnotes":"","_links_to":"","_links_to_target":""},"categories":[8,1],"tags":[5739],"class_list":["post-88922","post","type-post","status-publish","format-standard","has-post-thumbnail","hentry","category-referendum","category-wszystko","tag-dofinansowanie"],"_links":{"self":[{"href":"https:\/\/www.24zabrze.pl\/wiadomosci\/wp-json\/wp\/v2\/posts\/88922","targetHints":{"allow":["GET"]}}],"collection":[{"href":"https:\/\/www.24zabrze.pl\/wiadomosci\/wp-json\/wp\/v2\/posts"}],"about":[{"href":"https:\/\/www.24zabrze.pl\/wiadomosci\/wp-json\/wp\/v2\/types\/post"}],"author":[{"embeddable":true,"href":"https:\/\/www.24zabrze.pl\/wiadomosci\/wp-json\/wp\/v2\/users\/17"}],"replies":[{"embeddable":true,"href":"https:\/\/www.24zabrze.pl\/wiadomosci\/wp-json\/wp\/v2\/comments?post=88922"}],"version-history":[{"count":1,"href":"https:\/\/www.24zabrze.pl\/wiadomosci\/wp-json\/wp\/v2\/posts\/88922\/revisions"}],"predecessor-version":[{"id":88923,"href":"https:\/\/www.24zabrze.pl\/wiadomosci\/wp-json\/wp\/v2\/posts\/88922\/revisions\/88923"}],"wp:featuredmedia":[{"embeddable":true,"href":"https:\/\/www.24zabrze.pl\/wiadomosci\/wp-json\/wp\/v2\/media\/88924"}],"wp:attachment":[{"href":"https:\/\/www.24zabrze.pl\/wiadomosci\/wp-json\/wp\/v2\/media?parent=88922"}],"wp:term":[{"taxonomy":"category","embeddable":true,"href":"https:\/\/www.24zabrze.pl\/wiadomosci\/wp-json\/wp\/v2\/categories?post=88922"},{"taxonomy":"post_tag","embeddable":true,"href":"https:\/\/www.24zabrze.pl\/wiadomosci\/wp-json\/wp\/v2\/tags?post=88922"}],"curies":[{"name":"wp","href":"https:\/\/api.w.org\/{rel}","templated":true}]}}