{"id":87991,"date":"2020-05-22T17:49:46","date_gmt":"2020-05-22T15:49:46","guid":{"rendered":"https:\/\/www.24zabrze.pl\/wiadomosci\/?p=87991"},"modified":"2020-05-22T20:08:27","modified_gmt":"2020-05-22T18:08:27","slug":"zabrzanskie-placowki-oswiatowe-dluzej-pozostana-zamkniete-znaczny-wzrost-zakazen","status":"publish","type":"post","link":"https:\/\/www.24zabrze.pl\/wiadomosci\/zabrzanskie-placowki-oswiatowe-dluzej-pozostana-zamkniete-znaczny-wzrost-zakazen\/","title":{"rendered":"Zabrza\u0144skie plac\u00f3wki o\u015bwiatowe d\u0142u\u017cej pozostan\u0105 zamkni\u0119te. Znaczny wzrost zaka\u017ce\u0144"},"content":{"rendered":"<div class=\"zabrz-a6-z-nad-leadem-artykulow zabrz-entity-placement\" id=\"zabrz-3063901424\"><div class=\"zabrz-adlabel\"><span style=\"font-size: 9px\">REKLAMA<\/span><\/div><div id=\"zabrz-3230261272\" style=\"margin-bottom: 30px;margin-left: auto;margin-right: auto;text-align: center;\"><a data-no-instant=\"1\" href=\"https:\/\/dom100.eu\/\" rel=\"noopener\" class=\"a2t-link\" target=\"_blank\" aria-label=\"20260415 DOM100 D\"><img loading=\"lazy\" decoding=\"async\" src=\"https:\/\/www.24zabrze.pl\/wiadomosci\/wp-content\/uploads\/2026\/02\/20260415-DOM100-D.jpg\" alt=\"\"  srcset=\"https:\/\/www.24zabrze.pl\/wiadomosci\/wp-content\/uploads\/2026\/02\/20260415-DOM100-D.jpg 750w, https:\/\/www.24zabrze.pl\/wiadomosci\/wp-content\/uploads\/2026\/02\/20260415-DOM100-D-410x109.jpg 410w\" sizes=\"(max-width: 750px) 100vw, 750px\" class=\"no-lazyload\" width=\"750\" height=\"200\"  style=\"display: inline-block; max-width: 100%; height: auto;\" \/><\/a><\/div><\/div><h2>Sanepid sugeruje wstrzymanie si\u0119 z otwarciem plac\u00f3wek szkolnych ze wzgl\u0119du na aktualn\u0105 sytuacj\u0119 epidemiczn\u0105 w naszym wojew\u00f3dztwie. Aktualnie w Zabrzu mamy 166 zaka\u017conych, a 625 os\u00f3b przebywa na kwarantannie (stan na 22.05.).<\/h2>\n<p>Na wniosek dyrektor\u00f3w plac\u00f3wek zosta\u0142a podj\u0119ta decyzja, zgodnie z kt\u00f3r\u0105 zaj\u0119cia w wi\u0119kszo\u015bci przedszkoli i oddzia\u0142\u00f3w przedszkolnych, a tak\u017ce opieka wczesnoszkolna w szko\u0142ach podstawowych w naszym mie\u015bcie b\u0119d\u0105 zawieszone do 7 czerwca br.<\/p><div class=\"zabrz-a3-z-w-tresci-artykulow zabrz-entity-placement\" id=\"zabrz-3280197891\"><div class=\"zabrz-adlabel\"><span style=\"font-size: 9px\">REKLAMA<\/span><\/div><div id=\"zabrz-2879625049\" style=\"margin-bottom: 40px;margin-left: auto;margin-right: auto;text-align: center;\"><a data-no-instant=\"1\" href=\"https:\/\/ogrodyandersa.pl\/\" rel=\"noopener\" class=\"a2t-link\" target=\"_blank\" aria-label=\"20260415 Ogrody Andersa WYBIERZ MIESZKANIE D\"><img loading=\"lazy\" decoding=\"async\" src=\"https:\/\/www.24zabrze.pl\/wiadomosci\/wp-content\/uploads\/2026\/02\/20260415-Ogrody-Andersa-WYBIERZ-MIESZKANIE-D.jpg\" alt=\"\"  srcset=\"https:\/\/www.24zabrze.pl\/wiadomosci\/wp-content\/uploads\/2026\/02\/20260415-Ogrody-Andersa-WYBIERZ-MIESZKANIE-D.jpg 750w, https:\/\/www.24zabrze.pl\/wiadomosci\/wp-content\/uploads\/2026\/02\/20260415-Ogrody-Andersa-WYBIERZ-MIESZKANIE-D-410x109.jpg 410w\" sizes=\"(max-width: 750px) 100vw, 750px\" class=\"no-lazyload\" width=\"750\" height=\"200\"  style=\"display: inline-block; max-width: 100%; height: auto;\" \/><\/a><\/div><\/div>\n<p>Publiczne plac\u00f3wki opieku\u0144cze w Zabrzu mia\u0142y zosta\u0107 otwarte 25 maja. Przygotowania do uruchomienia pracy przedszkoli oraz wznowienie opieki wczesnoszkolnej z zachowaniem zaostrzonych wymog\u00f3w sanitarnych zosta\u0142y uko\u0144czone. Niestety zbieg\u0142y si\u0119 one w czasie ze znacz\u0105cym wzrostem zachorowa\u0144 w naszym mie\u015bcie.<\/p>\n<h4>Decyzja o przesuni\u0119ciu terminu otwarcia zosta\u0142a podj\u0119ta ze wzgl\u0119du na bezpiecze\u0144stwo i zdrowie dzieci oraz ich rodzin, a tak\u017ce pracownik\u00f3w w\/w plac\u00f3wek.<\/h4>\n<p>Plac\u00f3wki s\u0105 przygotowane organizacyjnie na przyj\u0119cie dzieci. Decyzja o ich otwarciu b\u0119dzie uzale\u017cniona od rozwoju sytuacji zdrowotnej w mie\u015bcie.<\/p>\n<p>Rodzice s\u0105 na bie\u017c\u0105co informowani o zaistnia\u0142ej sytuacji przez dyrektor\u00f3w poszczeg\u00f3lnych przedszkoli i szk\u00f3\u0142. Na chwil\u0119 obecn\u0105 ch\u0119\u0107 skorzystania z opieki wczesnoszkolnej wyrazi\u0142o 130 rodzic\u00f3w (niespe\u0142na 5 proc. w stosunku do liczby wszystkich uczni\u00f3w klas 1-3 w Zabrzu), a wcze\u015bniej w przypadku przedszkoli &#8211; 302 rodzic\u00f3w (niespe\u0142na 10 proc. wszystkich dzieci korzystaj\u0105cych z zabrza\u0144skich przedszkoli).<\/p>\n<p>(nmm)\/UM Zabrze<br \/>\nfot. Baumit<\/p>\n","protected":false},"excerpt":{"rendered":"<p>Sanepid sugeruje wstrzymanie si\u0119 z otwarciem plac\u00f3wek szkolnych ze wzgl\u0119du na aktualn\u0105 sytuacj\u0119 epidemiczn\u0105 w naszym wojew\u00f3dztwie. Aktualnie w Zabrzu mamy 166 zaka\u017conych, a 625 os\u00f3b przebywa na kwarantannie (stan na 22.05.). Na wniosek dyrektor\u00f3w plac\u00f3wek zosta\u0142a podj\u0119ta decyzja, zgodnie z kt\u00f3r\u0105 zaj\u0119cia w wi\u0119kszo\u015bci przedszkoli i oddzia\u0142\u00f3w przedszkolnych, a tak\u017ce opieka wczesnoszkolna w szko\u0142ach [&hellip;]<\/p>\n","protected":false},"author":17,"featured_media":81613,"comment_status":"closed","ping_status":"closed","sticky":false,"template":"","format":"standard","meta":{"_monsterinsights_skip_tracking":false,"_monsterinsights_sitenote_active":false,"_monsterinsights_sitenote_note":"","_monsterinsights_sitenote_category":0,"footnotes":"","_links_to":"","_links_to_target":""},"categories":[8,9,1],"tags":[],"class_list":["post-87991","post","type-post","status-publish","format-standard","has-post-thumbnail","hentry","category-referendum","category-stronaglowna","category-wszystko"],"_links":{"self":[{"href":"https:\/\/www.24zabrze.pl\/wiadomosci\/wp-json\/wp\/v2\/posts\/87991","targetHints":{"allow":["GET"]}}],"collection":[{"href":"https:\/\/www.24zabrze.pl\/wiadomosci\/wp-json\/wp\/v2\/posts"}],"about":[{"href":"https:\/\/www.24zabrze.pl\/wiadomosci\/wp-json\/wp\/v2\/types\/post"}],"author":[{"embeddable":true,"href":"https:\/\/www.24zabrze.pl\/wiadomosci\/wp-json\/wp\/v2\/users\/17"}],"replies":[{"embeddable":true,"href":"https:\/\/www.24zabrze.pl\/wiadomosci\/wp-json\/wp\/v2\/comments?post=87991"}],"version-history":[{"count":8,"href":"https:\/\/www.24zabrze.pl\/wiadomosci\/wp-json\/wp\/v2\/posts\/87991\/revisions"}],"predecessor-version":[{"id":87999,"href":"https:\/\/www.24zabrze.pl\/wiadomosci\/wp-json\/wp\/v2\/posts\/87991\/revisions\/87999"}],"wp:featuredmedia":[{"embeddable":true,"href":"https:\/\/www.24zabrze.pl\/wiadomosci\/wp-json\/wp\/v2\/media\/81613"}],"wp:attachment":[{"href":"https:\/\/www.24zabrze.pl\/wiadomosci\/wp-json\/wp\/v2\/media?parent=87991"}],"wp:term":[{"taxonomy":"category","embeddable":true,"href":"https:\/\/www.24zabrze.pl\/wiadomosci\/wp-json\/wp\/v2\/categories?post=87991"},{"taxonomy":"post_tag","embeddable":true,"href":"https:\/\/www.24zabrze.pl\/wiadomosci\/wp-json\/wp\/v2\/tags?post=87991"}],"curies":[{"name":"wp","href":"https:\/\/api.w.org\/{rel}","templated":true}]}}