{"id":87878,"date":"2020-05-19T15:54:20","date_gmt":"2020-05-19T13:54:20","guid":{"rendered":"https:\/\/www.24zabrze.pl\/wiadomosci\/?p=87878"},"modified":"2020-05-19T15:54:20","modified_gmt":"2020-05-19T13:54:20","slug":"men-podalo-terminy-rekrutacji-do-szkol-ponadpodstawowych-do-kiedy-mozna-skladac-wnioski","status":"publish","type":"post","link":"https:\/\/www.24zabrze.pl\/wiadomosci\/men-podalo-terminy-rekrutacji-do-szkol-ponadpodstawowych-do-kiedy-mozna-skladac-wnioski\/","title":{"rendered":"MEN poda\u0142o terminy rekrutacji do szk\u00f3\u0142 ponadpodstawowych. Do kiedy mo\u017cna sk\u0142ada\u0107 wnioski?"},"content":{"rendered":"<div class=\"zabrz-a6-z-nad-leadem-artykulow zabrz-entity-placement\" id=\"zabrz-1576446497\"><div class=\"zabrz-adlabel\"><span style=\"font-size: 9px\">REKLAMA<\/span><\/div><div id=\"zabrz-3962124793\" style=\"margin-bottom: 30px;margin-left: auto;margin-right: auto;text-align: center;\"><a data-no-instant=\"1\" href=\"https:\/\/dom100.eu\/\" rel=\"noopener\" class=\"a2t-link\" target=\"_blank\" aria-label=\"20260415 DOM100 D\"><img loading=\"lazy\" decoding=\"async\" src=\"https:\/\/www.24zabrze.pl\/wiadomosci\/wp-content\/uploads\/2026\/02\/20260415-DOM100-D.jpg\" alt=\"\"  srcset=\"https:\/\/www.24zabrze.pl\/wiadomosci\/wp-content\/uploads\/2026\/02\/20260415-DOM100-D.jpg 750w, https:\/\/www.24zabrze.pl\/wiadomosci\/wp-content\/uploads\/2026\/02\/20260415-DOM100-D-410x109.jpg 410w\" sizes=\"(max-width: 750px) 100vw, 750px\" class=\"no-lazyload\" width=\"750\" height=\"200\"  style=\"display: inline-block; max-width: 100%; height: auto;\" \/><\/a><\/div><\/div><h2>MEN og\u0142osi\u0142o harmonogram rekrutacji do szk\u00f3\u0142 ponadpodstawowych na rok szkolny 2020\/2021, w tym terminy post\u0119powania rekrutacyjnego, sk\u0142adania dokument\u00f3w do klas I szk\u00f3\u0142 ponadpodstawowych i klas wst\u0119pnych szk\u00f3\u0142 ponadpodstawowych.<\/h2>\n<p>Ustalony przez Ministra Edukacji Narodowej harmonogram post\u0119powania rekrutacyjnego do szk\u00f3\u0142 ponadpodstawowych dostosowany zosta\u0142 do zmienionego terminu przeprowadzanych egzamin\u00f3w \u00f3smoklasisty, w tym terminu wydania za\u015bwiadczenia o wyniku tego egzaminu przez okr\u0119gowe komisje egzaminacyjne.<\/p><div class=\"zabrz-a3-z-w-tresci-artykulow zabrz-entity-placement\" id=\"zabrz-1799285827\"><div class=\"zabrz-adlabel\"><span style=\"font-size: 9px\">REKLAMA<\/span><\/div><div id=\"zabrz-3042619192\" style=\"margin-bottom: 40px;margin-left: auto;margin-right: auto;text-align: center;\"><a data-no-instant=\"1\" href=\"https:\/\/ogrodyandersa.pl\/\" rel=\"noopener\" class=\"a2t-link\" target=\"_blank\" aria-label=\"20260415 Ogrody Andersa WYBIERZ MIESZKANIE D\"><img loading=\"lazy\" decoding=\"async\" src=\"https:\/\/www.24zabrze.pl\/wiadomosci\/wp-content\/uploads\/2026\/02\/20260415-Ogrody-Andersa-WYBIERZ-MIESZKANIE-D.jpg\" alt=\"\"  srcset=\"https:\/\/www.24zabrze.pl\/wiadomosci\/wp-content\/uploads\/2026\/02\/20260415-Ogrody-Andersa-WYBIERZ-MIESZKANIE-D.jpg 750w, https:\/\/www.24zabrze.pl\/wiadomosci\/wp-content\/uploads\/2026\/02\/20260415-Ogrody-Andersa-WYBIERZ-MIESZKANIE-D-410x109.jpg 410w\" sizes=\"(max-width: 750px) 100vw, 750px\" class=\"no-lazyload\" width=\"750\" height=\"200\"  style=\"display: inline-block; max-width: 100%; height: auto;\" \/><\/a><\/div><\/div>\n<h4>Wnioski o przyj\u0119cie do szk\u00f3\u0142 ponadpodstawowych<\/h4>\n<p>Wniosek o przyj\u0119cie do szko\u0142y ponadpodstawowej wraz z dokumentami b\u0119dzie mo\u017cna sk\u0142ada\u0107 w dw\u00f3ch etapach:<\/p>\n<p>&#8211; od 15 czerwca do 10 lipca \u2013 termin na z\u0142o\u017cenie wniosku i uzupe\u0142nienie go o \u015bwiadectwo uko\u0144czenia szko\u0142y;<br \/>\n&#8211; od 31 lipca \u2013 do 4 sierpnia \u2013 termin na uzupe\u0142nienie wniosku o za\u015bwiadczenie o wyniku egzaminu \u00f3smoklasisty oraz na zmian\u0119 przez kandydat\u00f3w wniosk\u00f3w o przyj\u0119cie, w tym zamian\u0119 szk\u00f3\u0142, do kt\u00f3rych b\u0119d\u0105 kandydowa\u0107.<\/p>\n<p>Od 15 do 22 czerwca b\u0119dzie mo\u017cna sk\u0142ada\u0107 wnioski do szko\u0142y ponadpodstawowej dwuj\u0119zycznej, oddzia\u0142u dwuj\u0119zycznego, oddzia\u0142u mi\u0119dzynarodowego, oddzia\u0142u przygotowania wojskowego w szkole ponadpodstawowej, oddzia\u0142\u00f3w wymagaj\u0105cych od kandydat\u00f3w szczeg\u00f3lnych indywidualnych predyspozycji, a tak\u017ce szk\u00f3\u0142 i oddzia\u0142\u00f3w prowadz\u0105cych szkolenie sportowe w szko\u0142ach ponadpodstawowych.<\/p>\n<h4>Terminy uzupe\u0142nienia wniosk\u00f3w<\/h4>\n<p>Wniosek o przyj\u0119cie do szko\u0142y ponadpodstawowej nale\u017cy uzupe\u0142ni\u0107:<\/p>\n<p>&#8211; do 10 lipca \u2013 o \u015bwiadectwo uko\u0144czenia szko\u0142y,<br \/>\n&#8211; do 4 sierpnia \u2013 o za\u015bwiadczenie o wynikach egzaminu \u00f3smoklasisty.<\/p>\n<p>Listy kandydat\u00f3w zakwalifikowanych i niezakwalifikowanych og\u0142oszone zostan\u0105 12 sierpnia 2020 r.<\/p>\n<p>W okresie czasowego ograniczenia funkcjonowania jednostek systemu o\u015bwiaty wniosek o przyj\u0119cie do szko\u0142y, w tym wymagane za\u0142\u0105czniki mog\u0105 by\u0107 przesy\u0142ane za pomoc\u0105 \u015brodk\u00f3w komunikacji elektronicznej.<\/p>\n<p>W okresie ograniczenia funkcjonowania jednostek systemu o\u015bwiaty zapoznanie si\u0119 rodzic\u00f3w i uczni\u00f3w z wynikami post\u0119powania rekrutacyjnego w formie list kandydat\u00f3w (zakwalifikowanych i niezakwalifikowanych oraz przyj\u0119tych i nieprzyj\u0119tych) mo\u017ce odbywa\u0107 si\u0119 za pomoc\u0105 stron internetowych tych jednostek.<\/p>\n<h4>Potwierdzenie woli przyj\u0119cia do szko\u0142y ponadpodstawowej<\/h4>\n<p>Od 13 do 18 sierpnia w szkole, do kt\u00f3rej kandydat zosta\u0142 zakwalifikowany, nale\u017cy potwierdzi\u0107 wol\u0119 przyj\u0119cia w postaci przed\u0142o\u017cenia orygina\u0142u \u015bwiadectwa uko\u0144czenia szko\u0142y i orygina\u0142u za\u015bwiadczenia o wynikach egzaminu zewn\u0119trznego. Nale\u017cy to zrobi\u0107, je\u015bli dokumenty te nie zosta\u0142y z\u0142o\u017cone w uzupe\u0142nieniu wniosku o przyj\u0119cie do szko\u0142y ponadpodstawowej. <\/p>\n<p>W przypadku szko\u0142y prowadz\u0105cej kszta\u0142cenie zawodowe chodzi r\u00f3wnie\u017c o za\u015bwiadczenie lekarskie zawieraj\u0105ce orzeczenie o braku przeciwwskaza\u0144 zdrowotnych do podj\u0119cia praktycznej nauki zawodu oraz odpowiednio orzeczenie lekarskie o braku przeciwwskaza\u0144 zdrowotnych do kierowania pojazdami i orzeczenie psychologiczne o braku przeciwwskaza\u0144 psychologicznych do kierowania pojazdem.<\/p>\n<p>W przypadku braku mo\u017cliwo\u015bci przed\u0142o\u017cenia takiego za\u015bwiadczenia lub orzeczenia, rodzic kandydata lub pe\u0142noletni kandydat informuj\u0105 o tym dyrektora szko\u0142y w terminie do 18 sierpnia 2020 r. do godz. 15.00. Nale\u017cy wtedy wskaza\u0107 przyczyn\u0119 niedotrzymania terminu. <\/p>\n<h4>W\u00f3wczas za\u015bwiadczenie lub orzeczenie sk\u0142ada si\u0119 dyrektorowi szko\u0142y, do kt\u00f3rej ucze\u0144 zosta\u0142 przyj\u0119ty, nie p\u00f3\u017aniej ni\u017c do 25 wrze\u015bnia 2020 r.<\/h4>\n<p>Nieprzed\u0142o\u017cenie do 25 wrze\u015bnia 2020 r. za\u015bwiadczenia lub orzeczenia b\u0119dzie r\u00f3wnoznaczne z rezygnacj\u0105 z kontynuowania nauki w szkole, do kt\u00f3rej ucze\u0144 zosta\u0142 przyj\u0119ty. W przypadku szko\u0142y prowadz\u0105cej kszta\u0142cenie zawodowe \u2013 w oddziale realizuj\u0105cym kszta\u0142cenie w zawodzie, do kt\u00f3rego zosta\u0142 przyj\u0119ty.<\/p>\n<p>Listy kandydat\u00f3w przyj\u0119tych i nieprzyj\u0119tych og\u0142oszone b\u0119d\u0105 19 sierpnia 2020 r.<\/p>\n<h4>Dodatkowe rozwi\u0105zania uj\u0119te w harmonogramie<\/h4>\n<p>Harmonogram uwzgl\u0119dnia r\u00f3wnie\u017c terminy przewidziane na czynno\u015bci sprawdzaj\u0105ce, o kt\u00f3rych mowa w art. 150 ust. 7 ustawy z dnia 14 grudnia 2016 r. \u2013 Prawo o\u015bwiatowe oraz czynno\u015bci przewidziane w post\u0119powaniu odwo\u0142awczym, o kt\u00f3rych mowa w art. 158 ust. 6-9 ustawy \u2013 Prawo o\u015bwiatowe.<\/p>\n<p>W post\u0119powaniu rekrutacyjnym do szk\u00f3\u0142 ponadpodstawowych na rok szkolny 2020\/2021 odst\u0105piono od przeprowadzania post\u0119powania uzupe\u0142niaj\u0105cego z uwagi na brak mo\u017cliwo\u015bci przeprowadzenia tego post\u0119powania z zachowaniem terminu przewidzianego w prawie (w art. 161 ust. 2 ustawy \u2013 Prawo o\u015bwiatowe), tj. do ko\u0144ca sierpnia roku poprzedzaj\u0105cego rok szkolny, na kt\u00f3ry jest przeprowadzane post\u0119powanie rekrutacyjne.<\/p>\n<p>W przypadku kandydat\u00f3w do szk\u00f3\u0142 ponadpodstawowych, kt\u00f3rzy nie zostan\u0105 przyj\u0119ci do szk\u00f3\u0142 dla m\u0142odzie\u017cy w post\u0119powaniu rekrutacyjnym na rok szkolny 2020\/2021, o przyj\u0119ciu do tych szk\u00f3\u0142 b\u0119dzie decydowa\u0142 dyrektor szko\u0142y, podobnie jak to by\u0142o w poprzednich latach (na podstawie art. 130 ust. 2 ustawy \u2013 Prawo o\u015bwiatowe).<\/p>\n<p>Za zapewnienie miejsca w szkole ponadpodstawowej wszystkim realizuj\u0105cym obowi\u0105zek nauki dzieciom i m\u0142odzie\u017cy zamieszkuj\u0105cym na obszarze powiatu odpowiada rada powiatu (zgodnie z art. 39 ust. 7 ustawy \u2013 Prawo o\u015bwiatowe).<\/p>\n<p>Terminy post\u0119powania rekrutacyjnego na rok szkolny 2020\/2021 do szk\u00f3\u0142 dla doros\u0142ych, bran\u017cowej szko\u0142y II stopnia oraz szko\u0142y policealnej b\u0119d\u0105 og\u0142aszane przez w\u0142a\u015bciwego kuratora o\u015bwiaty.<\/p>\n<p>(nmm)\/GOV.pl<br \/>\nfot. <a href=\"https:\/\/pl.freepik.com\/darmowe-zdjecie-wektory\/kalendarz\">Kalendarz zdj\u0119cie utworzone przez rawpixel.com &#8211; pl.freepik.com<\/a><\/p>\n","protected":false},"excerpt":{"rendered":"<p>MEN og\u0142osi\u0142o harmonogram rekrutacji do szk\u00f3\u0142 ponadpodstawowych na rok szkolny 2020\/2021, w tym terminy post\u0119powania rekrutacyjnego, sk\u0142adania dokument\u00f3w do klas I szk\u00f3\u0142 ponadpodstawowych i klas wst\u0119pnych szk\u00f3\u0142 ponadpodstawowych. Ustalony przez Ministra Edukacji Narodowej harmonogram post\u0119powania rekrutacyjnego do szk\u00f3\u0142 ponadpodstawowych dostosowany zosta\u0142 do zmienionego terminu przeprowadzanych egzamin\u00f3w \u00f3smoklasisty, w tym terminu wydania za\u015bwiadczenia o wyniku tego [&hellip;]<\/p>\n","protected":false},"author":17,"featured_media":87883,"comment_status":"closed","ping_status":"closed","sticky":false,"template":"","format":"standard","meta":{"_monsterinsights_skip_tracking":false,"_monsterinsights_sitenote_active":false,"_monsterinsights_sitenote_note":"","_monsterinsights_sitenote_category":0,"footnotes":"","_links_to":"","_links_to_target":""},"categories":[8,1],"tags":[],"class_list":["post-87878","post","type-post","status-publish","format-standard","has-post-thumbnail","hentry","category-referendum","category-wszystko"],"_links":{"self":[{"href":"https:\/\/www.24zabrze.pl\/wiadomosci\/wp-json\/wp\/v2\/posts\/87878","targetHints":{"allow":["GET"]}}],"collection":[{"href":"https:\/\/www.24zabrze.pl\/wiadomosci\/wp-json\/wp\/v2\/posts"}],"about":[{"href":"https:\/\/www.24zabrze.pl\/wiadomosci\/wp-json\/wp\/v2\/types\/post"}],"author":[{"embeddable":true,"href":"https:\/\/www.24zabrze.pl\/wiadomosci\/wp-json\/wp\/v2\/users\/17"}],"replies":[{"embeddable":true,"href":"https:\/\/www.24zabrze.pl\/wiadomosci\/wp-json\/wp\/v2\/comments?post=87878"}],"version-history":[{"count":8,"href":"https:\/\/www.24zabrze.pl\/wiadomosci\/wp-json\/wp\/v2\/posts\/87878\/revisions"}],"predecessor-version":[{"id":87888,"href":"https:\/\/www.24zabrze.pl\/wiadomosci\/wp-json\/wp\/v2\/posts\/87878\/revisions\/87888"}],"wp:featuredmedia":[{"embeddable":true,"href":"https:\/\/www.24zabrze.pl\/wiadomosci\/wp-json\/wp\/v2\/media\/87883"}],"wp:attachment":[{"href":"https:\/\/www.24zabrze.pl\/wiadomosci\/wp-json\/wp\/v2\/media?parent=87878"}],"wp:term":[{"taxonomy":"category","embeddable":true,"href":"https:\/\/www.24zabrze.pl\/wiadomosci\/wp-json\/wp\/v2\/categories?post=87878"},{"taxonomy":"post_tag","embeddable":true,"href":"https:\/\/www.24zabrze.pl\/wiadomosci\/wp-json\/wp\/v2\/tags?post=87878"}],"curies":[{"name":"wp","href":"https:\/\/api.w.org\/{rel}","templated":true}]}}