{"id":87722,"date":"2020-05-14T16:02:20","date_gmt":"2020-05-14T14:02:20","guid":{"rendered":"https:\/\/www.24zabrze.pl\/wiadomosci\/?p=87722"},"modified":"2020-05-14T17:37:12","modified_gmt":"2020-05-14T15:37:12","slug":"zabrzanskie-przedszkola-i-zlobki-zostana-otwarte-pozniej-na-biezaco-monitorujemy-sytuacje","status":"publish","type":"post","link":"https:\/\/www.24zabrze.pl\/wiadomosci\/zabrzanskie-przedszkola-i-zlobki-zostana-otwarte-pozniej-na-biezaco-monitorujemy-sytuacje\/","title":{"rendered":"Zabrza\u0144skie przedszkola i \u017c\u0142obki zostan\u0105 otwarte p\u00f3\u017aniej. &#8220;Na bie\u017c\u0105co monitorujemy sytuacj\u0119&#8221;"},"content":{"rendered":"<div class=\"zabrz-a6-z-nad-leadem-artykulow zabrz-entity-placement\" id=\"zabrz-2494333443\"><div class=\"zabrz-adlabel\"><span style=\"font-size: 9px\">REKLAMA<\/span><\/div><div id=\"zabrz-1314906433\" style=\"margin-bottom: 30px;margin-left: auto;margin-right: auto;text-align: center;\"><a data-no-instant=\"1\" href=\"https:\/\/dom100.eu\/\" rel=\"noopener\" class=\"a2t-link\" target=\"_blank\" aria-label=\"20260415 DOM100 D\"><img loading=\"lazy\" decoding=\"async\" src=\"https:\/\/www.24zabrze.pl\/wiadomosci\/wp-content\/uploads\/2026\/02\/20260415-DOM100-D.jpg\" alt=\"\"  srcset=\"https:\/\/www.24zabrze.pl\/wiadomosci\/wp-content\/uploads\/2026\/02\/20260415-DOM100-D.jpg 750w, https:\/\/www.24zabrze.pl\/wiadomosci\/wp-content\/uploads\/2026\/02\/20260415-DOM100-D-410x109.jpg 410w\" sizes=\"(max-width: 750px) 100vw, 750px\" class=\"no-lazyload\" width=\"750\" height=\"200\"  style=\"display: inline-block; max-width: 100%; height: auto;\" \/><\/a><\/div><\/div><h2>Stra\u017cnicy miejscy dor\u0119czyli ju\u017c do przedszkoli i \u017c\u0142obk\u00f3w \u015brodki do dezynfekcji. Plac\u00f3wki mia\u0142y zosta\u0107 zosta\u0107 uruchomione od przysz\u0142ego poniedzia\u0142ku, jednak ze wzgl\u0119du na epidemi\u0119 przesuni\u0119to ten termin, na razie na 24 maja. <\/h2>\n<p>&#8211; <em>Funkcjonariusze Stra\u017cy Miejskiej dostarczyli do plac\u00f3wek opieku\u0144czo-wychowawczych funkcjonuj\u0105cych na terenie naszego miasta \u015brodki dezynfekcji przekazane przez \u015al\u0105ski Urz\u0105d Wojew\u00f3dzki. \u0141\u0105cznie wsparcie otrzyma\u0142o 41 przedszkoli oraz 17 \u017c\u0142obk\u00f3w zlokalizowanych w Zabrzu<\/em> &#8211; dowiadujemy si\u0119 z komunikatu Urz\u0119du Miejskiego. <\/p><div class=\"zabrz-a3-z-w-tresci-artykulow zabrz-entity-placement\" id=\"zabrz-849841520\"><div class=\"zabrz-adlabel\"><span style=\"font-size: 9px\">REKLAMA<\/span><\/div><div id=\"zabrz-2930494760\" style=\"margin-bottom: 40px;margin-left: auto;margin-right: auto;text-align: center;\"><a data-no-instant=\"1\" href=\"https:\/\/ogrodyandersa.pl\/\" rel=\"noopener\" class=\"a2t-link\" target=\"_blank\" aria-label=\"20260415 Ogrody Andersa WYBIERZ MIESZKANIE D\"><img loading=\"lazy\" decoding=\"async\" src=\"https:\/\/www.24zabrze.pl\/wiadomosci\/wp-content\/uploads\/2026\/02\/20260415-Ogrody-Andersa-WYBIERZ-MIESZKANIE-D.jpg\" alt=\"\"  srcset=\"https:\/\/www.24zabrze.pl\/wiadomosci\/wp-content\/uploads\/2026\/02\/20260415-Ogrody-Andersa-WYBIERZ-MIESZKANIE-D.jpg 750w, https:\/\/www.24zabrze.pl\/wiadomosci\/wp-content\/uploads\/2026\/02\/20260415-Ogrody-Andersa-WYBIERZ-MIESZKANIE-D-410x109.jpg 410w\" sizes=\"(max-width: 750px) 100vw, 750px\" class=\"no-lazyload\" width=\"750\" height=\"200\"  style=\"display: inline-block; max-width: 100%; height: auto;\" \/><\/a><\/div><\/div>\n<h4>Mimo zaopatrzenia w niezb\u0119dne preparaty miejskie \u017c\u0142obki i przedszkola nie wznowi\u0105 dzia\u0142ania w najbli\u017cszy poniedzia\u0142ek (<a href=\"https:\/\/www.24zabrze.pl\/wiadomosci\/zabrzanskie-przedszkola-wznowia-dzialanie-podczas-pandemii-kiedy\/\" rel=\"noopener noreferrer\" target=\"_blank\">18 maja, jak podawali\u015bmy wcze\u015bniej<\/a>). <\/h4>\n<p>Jak przekazuje rzecznik magistratu, <strong>Dawid Wowra<\/strong>, termin ten zostanie przesuni\u0119ty na 24 maja, a dalsze decyzje b\u0119d\u0105 zale\u017ca\u0142y od bie\u017c\u0105cej sytuacji epidemiologicznej w mie\u015bcie. Aktualnie w Zabrzu wykryto 114 przypadk\u00f3w zaka\u017cenia koronawirusem.<\/p>\n<p>(nmm)\/UM Zabrze<br \/>\nfot. UM Zabrze<\/p>\n","protected":false},"excerpt":{"rendered":"<p>Stra\u017cnicy miejscy dor\u0119czyli ju\u017c do przedszkoli i \u017c\u0142obk\u00f3w \u015brodki do dezynfekcji. Plac\u00f3wki mia\u0142y zosta\u0107 zosta\u0107 uruchomione od przysz\u0142ego poniedzia\u0142ku, jednak ze wzgl\u0119du na epidemi\u0119 przesuni\u0119to ten termin, na razie na 24 maja. &#8211; Funkcjonariusze Stra\u017cy Miejskiej dostarczyli do plac\u00f3wek opieku\u0144czo-wychowawczych funkcjonuj\u0105cych na terenie naszego miasta \u015brodki dezynfekcji przekazane przez \u015al\u0105ski Urz\u0105d Wojew\u00f3dzki. \u0141\u0105cznie wsparcie otrzyma\u0142o [&hellip;]<\/p>\n","protected":false},"author":17,"featured_media":81613,"comment_status":"closed","ping_status":"closed","sticky":false,"template":"","format":"standard","meta":{"_monsterinsights_skip_tracking":false,"_monsterinsights_sitenote_active":false,"_monsterinsights_sitenote_note":"","_monsterinsights_sitenote_category":0,"footnotes":"","_links_to":"","_links_to_target":""},"categories":[8,1],"tags":[],"class_list":["post-87722","post","type-post","status-publish","format-standard","has-post-thumbnail","hentry","category-referendum","category-wszystko"],"_links":{"self":[{"href":"https:\/\/www.24zabrze.pl\/wiadomosci\/wp-json\/wp\/v2\/posts\/87722","targetHints":{"allow":["GET"]}}],"collection":[{"href":"https:\/\/www.24zabrze.pl\/wiadomosci\/wp-json\/wp\/v2\/posts"}],"about":[{"href":"https:\/\/www.24zabrze.pl\/wiadomosci\/wp-json\/wp\/v2\/types\/post"}],"author":[{"embeddable":true,"href":"https:\/\/www.24zabrze.pl\/wiadomosci\/wp-json\/wp\/v2\/users\/17"}],"replies":[{"embeddable":true,"href":"https:\/\/www.24zabrze.pl\/wiadomosci\/wp-json\/wp\/v2\/comments?post=87722"}],"version-history":[{"count":17,"href":"https:\/\/www.24zabrze.pl\/wiadomosci\/wp-json\/wp\/v2\/posts\/87722\/revisions"}],"predecessor-version":[{"id":87741,"href":"https:\/\/www.24zabrze.pl\/wiadomosci\/wp-json\/wp\/v2\/posts\/87722\/revisions\/87741"}],"wp:featuredmedia":[{"embeddable":true,"href":"https:\/\/www.24zabrze.pl\/wiadomosci\/wp-json\/wp\/v2\/media\/81613"}],"wp:attachment":[{"href":"https:\/\/www.24zabrze.pl\/wiadomosci\/wp-json\/wp\/v2\/media?parent=87722"}],"wp:term":[{"taxonomy":"category","embeddable":true,"href":"https:\/\/www.24zabrze.pl\/wiadomosci\/wp-json\/wp\/v2\/categories?post=87722"},{"taxonomy":"post_tag","embeddable":true,"href":"https:\/\/www.24zabrze.pl\/wiadomosci\/wp-json\/wp\/v2\/tags?post=87722"}],"curies":[{"name":"wp","href":"https:\/\/api.w.org\/{rel}","templated":true}]}}