{"id":86722,"date":"2020-04-01T13:33:38","date_gmt":"2020-04-01T11:33:38","guid":{"rendered":"https:\/\/www.24zabrze.pl\/wiadomosci\/?p=86722"},"modified":"2020-04-01T13:33:38","modified_gmt":"2020-04-01T11:33:38","slug":"prezydent-zabrza-nie-przylaczy-sie-do-samorzadowcow-protestujacych-przeciw-wyborom-10-maja","status":"publish","type":"post","link":"https:\/\/www.24zabrze.pl\/wiadomosci\/prezydent-zabrza-nie-przylaczy-sie-do-samorzadowcow-protestujacych-przeciw-wyborom-10-maja\/","title":{"rendered":"Prezydent Zabrza nie przy\u0142\u0105czy si\u0119 do samorz\u0105dowc\u00f3w protestuj\u0105cych przeciw wyborom 10 maja"},"content":{"rendered":"<div class=\"zabrz-a6-z-nad-leadem-artykulow zabrz-entity-placement\" id=\"zabrz-45119562\"><div class=\"zabrz-adlabel\"><span style=\"font-size: 9px\">REKLAMA<\/span><\/div><div id=\"zabrz-3033770627\" style=\"margin-bottom: 30px;margin-left: auto;margin-right: auto;text-align: center;\"><a data-no-instant=\"1\" href=\"https:\/\/dom100.eu\/\" rel=\"noopener\" class=\"a2t-link\" target=\"_blank\" aria-label=\"20260415 DOM100 D\"><img loading=\"lazy\" decoding=\"async\" src=\"https:\/\/www.24zabrze.pl\/wiadomosci\/wp-content\/uploads\/2026\/02\/20260415-DOM100-D.jpg\" alt=\"\"  srcset=\"https:\/\/www.24zabrze.pl\/wiadomosci\/wp-content\/uploads\/2026\/02\/20260415-DOM100-D.jpg 750w, https:\/\/www.24zabrze.pl\/wiadomosci\/wp-content\/uploads\/2026\/02\/20260415-DOM100-D-410x109.jpg 410w\" sizes=\"(max-width: 750px) 100vw, 750px\" class=\"no-lazyload\" width=\"750\" height=\"200\"  style=\"display: inline-block; max-width: 100%; height: auto;\" \/><\/a><\/div><\/div><h3>Podczas gdy w\u0142odarze innych miast, w tym Gliwic, odmawiaj\u0105 organizacji majowych wybor\u00f3w prezydenckich w trakcie trwaj\u0105cej pandemii koronawirusa, Ma\u0142gorzata Ma\u0144ka-Szulik obwieszcza zupe\u0142nie co\u015b innego.<\/h3>\n<p>&#8211; <em>Jako bezpartyjna prezydent Miasto Zabrze, dzi\u015b koncentruj\u0119 si\u0119 w samorz\u0105dzie na wspieraniu zar\u00f3wno przedsi\u0119biorc\u00f3w, jak i wszystkich mieszka\u0144c\u00f3w miasta. Przed nami natomiast wybory Prezydenta RP. Ich organizacja na terenie gminy jest zadaniem zleconym przez administracj\u0119 rz\u0105dow\u0105 PL<\/em> &#8211; napisa\u0142a prezydent Zabrza w serwisie facebook.com.<\/p><div class=\"zabrz-a3-z-w-tresci-artykulow zabrz-entity-placement\" id=\"zabrz-2656438938\"><div class=\"zabrz-adlabel\"><span style=\"font-size: 9px\">REKLAMA<\/span><\/div><div id=\"zabrz-1670905687\" style=\"margin-bottom: 40px;margin-left: auto;margin-right: auto;text-align: center;\"><a data-no-instant=\"1\" href=\"https:\/\/ogrodyandersa.pl\/\" rel=\"noopener\" class=\"a2t-link\" target=\"_blank\" aria-label=\"20260415 Ogrody Andersa WYBIERZ MIESZKANIE D\"><img loading=\"lazy\" decoding=\"async\" src=\"https:\/\/www.24zabrze.pl\/wiadomosci\/wp-content\/uploads\/2026\/02\/20260415-Ogrody-Andersa-WYBIERZ-MIESZKANIE-D.jpg\" alt=\"\"  srcset=\"https:\/\/www.24zabrze.pl\/wiadomosci\/wp-content\/uploads\/2026\/02\/20260415-Ogrody-Andersa-WYBIERZ-MIESZKANIE-D.jpg 750w, https:\/\/www.24zabrze.pl\/wiadomosci\/wp-content\/uploads\/2026\/02\/20260415-Ogrody-Andersa-WYBIERZ-MIESZKANIE-D-410x109.jpg 410w\" sizes=\"(max-width: 750px) 100vw, 750px\" class=\"no-lazyload\" width=\"750\" height=\"200\"  style=\"display: inline-block; max-width: 100%; height: auto;\" \/><\/a><\/div><\/div>\n<p><iframe loading=\"lazy\" src=\"https:\/\/www.facebook.com\/plugins\/post.php?href=https%3A%2F%2Fwww.facebook.com%2Fpermalink.php%3Fstory_fbid%3D3262804207062939%26id%3D868291693180881&#038;width=500\" width=\"500\" height=\"668\" style=\"border:none;overflow:hidden\" scrolling=\"no\" frameborder=\"0\" allowTransparency=\"true\" allow=\"encrypted-media\"><\/iframe><\/p>\n<p>&#8211; <em>Postanowienie Marsza\u0142ka Sejmu z dnia 5 lutego 2020 r. w sprawie zarz\u0105dzenia wybor\u00f3w Prezydenta RP wyznacza termin wybor\u00f3w, a terminy wykonania poszczeg\u00f3lnych czynno\u015bci wyborczych okre\u015bla kalendarz wyborczy, stanowi\u0105cy za\u0142\u0105cznik do tego postanowienia<\/em> &#8211; czytamy dalej w komunikacie <strong>Ma\u0142gorzaty Ma\u0144ki-Szulik<\/strong>. <\/p>\n<blockquote><p>&#8211; <em>Wierz\u0119, \u017ce rz\u0105d z pe\u0142n\u0105 odpowiedzialno\u015bci\u0105 analizuje sytuacj\u0119 epidemiczn\u0105 w kraju oraz mo\u017cliwo\u015b\u0107 bezpiecznego przeprowadzenia wybor\u00f3w. \u017bycie i zdrowie mieszka\u0144c\u00f3w jest bowiem najwa\u017cniejsze!<\/em><\/p><\/blockquote>\n<p>&#8211; <em>Wa\u017cne, aby wskazuj\u0105c termin przeprowadzenia wybor\u00f3w nie koncentrowa\u0107 si\u0119 na podzia\u0142ach politycznych, lecz przede wszystkim na zapewnieniu bezpiecze\u0144stwa g\u0142osuj\u0105cym<\/em> &#8211; podkre\u015bla w internetowym wpisie.<\/p>\n<p>Prezydent Zabrza sw\u00f3j zamiar organizacji wybor\u00f3w og\u0142osi\u0142a 1 kwietnia, wygl\u0105da na to, \u017ce nie jest to jednak primaaprilisowy \u017cart &#8211; dwa dni wcze\u015bniej Ma\u0142gorzata Ma\u0144ka-Szulik uczestniczy\u0142a w wideokonferencji z premierem <strong>Mateuszem Morawieckim<\/strong>. Oficjalnie tematem wirtualnego spotkania by\u0142a walka z epidemi\u0105 oraz sytuacja w kraju. <\/p>\n<p><iframe loading=\"lazy\" src=\"https:\/\/www.facebook.com\/plugins\/post.php?href=https%3A%2F%2Fwww.facebook.com%2Fpermalink.php%3Fstory_fbid%3D3258935164116510%26id%3D868291693180881&#038;width=500\" width=\"500\" height=\"403\" style=\"border:none;overflow:hidden\" scrolling=\"no\" frameborder=\"0\" allowTransparency=\"true\" allow=\"encrypted-media\"><\/iframe><\/p>\n<p>Jak poinformowa\u0142 szef KPRM <strong>Micha\u0142 Dworczyk<\/strong>, wideokonferencja premiera z samorz\u0105dowcami dotyczy\u0142a m.in. przeprowadzenia majowych wybor\u00f3w prezydenckich. Minister zaznaczy\u0142, \u017ce rz\u0105d pracuje nad tym, \u017ceby wybory te odby\u0142y si\u0119 10 maja. (<a href=\"https:\/\/www.premier.gov.pl\/wydarzenia\/aktualnosci\/kprm-konsultacje-rzadowe-w-zwiazku-z-koronawirusem.html\" rel=\"noopener noreferrer\" target=\"_blank\">za premier.gov.pl<\/a>)<\/p>\n<p>(nmm)\/Ma\u0142gorzata Ma\u0144ka-Szulik\/fb<br \/>\nfot. arch. 24gliwice.pl<\/p>\n","protected":false},"excerpt":{"rendered":"<p>Podczas gdy w\u0142odarze innych miast, w tym Gliwic, odmawiaj\u0105 organizacji majowych wybor\u00f3w prezydenckich w trakcie trwaj\u0105cej pandemii koronawirusa, Ma\u0142gorzata Ma\u0144ka-Szulik obwieszcza zupe\u0142nie co\u015b innego. &#8211; Jako bezpartyjna prezydent Miasto Zabrze, dzi\u015b koncentruj\u0119 si\u0119 w samorz\u0105dzie na wspieraniu zar\u00f3wno przedsi\u0119biorc\u00f3w, jak i wszystkich mieszka\u0144c\u00f3w miasta. Przed nami natomiast wybory Prezydenta RP. Ich organizacja na terenie gminy [&hellip;]<\/p>\n","protected":false},"author":17,"featured_media":83459,"comment_status":"closed","ping_status":"closed","sticky":false,"template":"","format":"standard","meta":{"_monsterinsights_skip_tracking":false,"_monsterinsights_sitenote_active":false,"_monsterinsights_sitenote_note":"","_monsterinsights_sitenote_category":0,"footnotes":"","_links_to":"","_links_to_target":""},"categories":[8,9,1],"tags":[2410],"class_list":["post-86722","post","type-post","status-publish","format-standard","has-post-thumbnail","hentry","category-referendum","category-stronaglowna","category-wszystko","tag-malgorzata-manka-szulik"],"_links":{"self":[{"href":"https:\/\/www.24zabrze.pl\/wiadomosci\/wp-json\/wp\/v2\/posts\/86722","targetHints":{"allow":["GET"]}}],"collection":[{"href":"https:\/\/www.24zabrze.pl\/wiadomosci\/wp-json\/wp\/v2\/posts"}],"about":[{"href":"https:\/\/www.24zabrze.pl\/wiadomosci\/wp-json\/wp\/v2\/types\/post"}],"author":[{"embeddable":true,"href":"https:\/\/www.24zabrze.pl\/wiadomosci\/wp-json\/wp\/v2\/users\/17"}],"replies":[{"embeddable":true,"href":"https:\/\/www.24zabrze.pl\/wiadomosci\/wp-json\/wp\/v2\/comments?post=86722"}],"version-history":[{"count":14,"href":"https:\/\/www.24zabrze.pl\/wiadomosci\/wp-json\/wp\/v2\/posts\/86722\/revisions"}],"predecessor-version":[{"id":86736,"href":"https:\/\/www.24zabrze.pl\/wiadomosci\/wp-json\/wp\/v2\/posts\/86722\/revisions\/86736"}],"wp:featuredmedia":[{"embeddable":true,"href":"https:\/\/www.24zabrze.pl\/wiadomosci\/wp-json\/wp\/v2\/media\/83459"}],"wp:attachment":[{"href":"https:\/\/www.24zabrze.pl\/wiadomosci\/wp-json\/wp\/v2\/media?parent=86722"}],"wp:term":[{"taxonomy":"category","embeddable":true,"href":"https:\/\/www.24zabrze.pl\/wiadomosci\/wp-json\/wp\/v2\/categories?post=86722"},{"taxonomy":"post_tag","embeddable":true,"href":"https:\/\/www.24zabrze.pl\/wiadomosci\/wp-json\/wp\/v2\/tags?post=86722"}],"curies":[{"name":"wp","href":"https:\/\/api.w.org\/{rel}","templated":true}]}}