{"id":86475,"date":"2020-03-21T17:22:21","date_gmt":"2020-03-21T16:22:21","guid":{"rendered":"https:\/\/www.24zabrze.pl\/wiadomosci\/?p=86475"},"modified":"2020-03-21T17:22:21","modified_gmt":"2020-03-21T16:22:21","slug":"od-poniedzialku-tramwaje-beda-kursowac-jak-w-soboty-ograniczenie-wprowadzono-w-zwiazku-z-epidemia","status":"publish","type":"post","link":"https:\/\/www.24zabrze.pl\/wiadomosci\/od-poniedzialku-tramwaje-beda-kursowac-jak-w-soboty-ograniczenie-wprowadzono-w-zwiazku-z-epidemia\/","title":{"rendered":"Od poniedzia\u0142ku tramwaje b\u0119d\u0105 kursowa\u0107 jak w soboty. Ograniczenie wprowadzono w zwi\u0105zku z epidemi\u0105"},"content":{"rendered":"<div class=\"zabrz-a6-z-nad-leadem-artykulow zabrz-entity-placement\" id=\"zabrz-3300375637\"><div class=\"zabrz-adlabel\"><span style=\"font-size: 9px\">REKLAMA<\/span><\/div><div id=\"zabrz-1597995791\" style=\"margin-bottom: 30px;margin-left: auto;margin-right: auto;text-align: center;\"><a data-no-instant=\"1\" href=\"https:\/\/dom100.eu\/\" rel=\"noopener\" class=\"a2t-link\" target=\"_blank\" aria-label=\"20260415 DOM100 D\"><img loading=\"lazy\" decoding=\"async\" src=\"https:\/\/www.24zabrze.pl\/wiadomosci\/wp-content\/uploads\/2026\/02\/20260415-DOM100-D.jpg\" alt=\"\"  srcset=\"https:\/\/www.24zabrze.pl\/wiadomosci\/wp-content\/uploads\/2026\/02\/20260415-DOM100-D.jpg 750w, https:\/\/www.24zabrze.pl\/wiadomosci\/wp-content\/uploads\/2026\/02\/20260415-DOM100-D-410x109.jpg 410w\" sizes=\"(max-width: 750px) 100vw, 750px\" class=\"no-lazyload\" width=\"750\" height=\"200\"  style=\"display: inline-block; max-width: 100%; height: auto;\" \/><\/a><\/div><\/div><h3>Zarz\u0105d Transportu Metropolitalnego przekaza\u0142, i\u017c od poniedzia\u0142ku, 23 marca, w zwi\u0105zku z zagro\u017ceniem epidemicznym, nast\u0105pi\u0105 zmiany w komunikacji tramwajowej.<\/h3>\n<p>Polega\u0107 b\u0119d\u0105 one na wprowadzeniu sobotnich rozk\u0142ad\u00f3w jazdy w dni robocze; wprowadzeniu niedzielnych rozk\u0142ad\u00f3w jazdy w weekendy; zawieszeniu linii tramwajowych nr 23 oraz 30.<\/p><div class=\"zabrz-a3-z-w-tresci-artykulow zabrz-entity-placement\" id=\"zabrz-1275686221\"><div class=\"zabrz-adlabel\"><span style=\"font-size: 9px\">REKLAMA<\/span><\/div><div id=\"zabrz-1050493577\" style=\"margin-bottom: 40px;margin-left: auto;margin-right: auto;text-align: center;\"><a data-no-instant=\"1\" href=\"https:\/\/ogrodyandersa.pl\/\" rel=\"noopener\" class=\"a2t-link\" target=\"_blank\" aria-label=\"20260415 Ogrody Andersa WYBIERZ MIESZKANIE D\"><img loading=\"lazy\" decoding=\"async\" src=\"https:\/\/www.24zabrze.pl\/wiadomosci\/wp-content\/uploads\/2026\/02\/20260415-Ogrody-Andersa-WYBIERZ-MIESZKANIE-D.jpg\" alt=\"\"  srcset=\"https:\/\/www.24zabrze.pl\/wiadomosci\/wp-content\/uploads\/2026\/02\/20260415-Ogrody-Andersa-WYBIERZ-MIESZKANIE-D.jpg 750w, https:\/\/www.24zabrze.pl\/wiadomosci\/wp-content\/uploads\/2026\/02\/20260415-Ogrody-Andersa-WYBIERZ-MIESZKANIE-D-410x109.jpg 410w\" sizes=\"(max-width: 750px) 100vw, 750px\" class=\"no-lazyload\" width=\"750\" height=\"200\"  style=\"display: inline-block; max-width: 100%; height: auto;\" \/><\/a><\/div><\/div>\n<blockquote><p><em>UWAGA! W szczytach komunikacyjnych (porannym i popo\u0142udniowym), mo\u017cliwie du\u017ca cz\u0119\u015b\u0107 po\u0142\u0105cze\u0144 tramwajowych b\u0119dzie obs\u0142ugiwana du\u017cymi pojazdami<\/em><\/p><\/blockquote>\n<p>&#8211; przekazuje organizator transportu w Metropolii.<\/p>\n<p>Obowi\u0105zywanie zmienionych rozk\u0142ad\u00f3w jazdy w komunikacji tramwajowej b\u0119dzie wa\u017cne DO ODWO\u0141ANIA. Dotyczy linii nr: <strong>1, 3, 4, 5,<\/strong> 6, 7, 9, 13, 14, 15, 16, <strong>17<\/strong>, 19, 20, 21, 22, 24, 26, 27, 40, 42, 43 oraz 49.<\/p>\n<p><a href=\"https:\/\/rj.metropoliaztm.pl\/rozklady\/\" rel=\"noopener noreferrer\" target=\"_blank\">Rozk\u0142ady jazdy tramwaj\u00f3w po zmianie mo\u017cna sprawdzi\u0107 tutaj.<\/a><br \/>\n(ZTM)<\/p>\n","protected":false},"excerpt":{"rendered":"<p>Zarz\u0105d Transportu Metropolitalnego przekaza\u0142, i\u017c od poniedzia\u0142ku, 23 marca, w zwi\u0105zku z zagro\u017ceniem epidemicznym, nast\u0105pi\u0105 zmiany w komunikacji tramwajowej. Polega\u0107 b\u0119d\u0105 one na wprowadzeniu sobotnich rozk\u0142ad\u00f3w jazdy w dni robocze; wprowadzeniu niedzielnych rozk\u0142ad\u00f3w jazdy w weekendy; zawieszeniu linii tramwajowych nr 23 oraz 30. UWAGA! W szczytach komunikacyjnych (porannym i popo\u0142udniowym), mo\u017cliwie du\u017ca cz\u0119\u015b\u0107 po\u0142\u0105cze\u0144 tramwajowych [&hellip;]<\/p>\n","protected":false},"author":17,"featured_media":83974,"comment_status":"closed","ping_status":"closed","sticky":false,"template":"","format":"standard","meta":{"_monsterinsights_skip_tracking":false,"_monsterinsights_sitenote_active":false,"_monsterinsights_sitenote_note":"","_monsterinsights_sitenote_category":0,"footnotes":"","_links_to":"","_links_to_target":""},"categories":[8,1],"tags":[],"class_list":["post-86475","post","type-post","status-publish","format-standard","has-post-thumbnail","hentry","category-referendum","category-wszystko"],"_links":{"self":[{"href":"https:\/\/www.24zabrze.pl\/wiadomosci\/wp-json\/wp\/v2\/posts\/86475","targetHints":{"allow":["GET"]}}],"collection":[{"href":"https:\/\/www.24zabrze.pl\/wiadomosci\/wp-json\/wp\/v2\/posts"}],"about":[{"href":"https:\/\/www.24zabrze.pl\/wiadomosci\/wp-json\/wp\/v2\/types\/post"}],"author":[{"embeddable":true,"href":"https:\/\/www.24zabrze.pl\/wiadomosci\/wp-json\/wp\/v2\/users\/17"}],"replies":[{"embeddable":true,"href":"https:\/\/www.24zabrze.pl\/wiadomosci\/wp-json\/wp\/v2\/comments?post=86475"}],"version-history":[{"count":5,"href":"https:\/\/www.24zabrze.pl\/wiadomosci\/wp-json\/wp\/v2\/posts\/86475\/revisions"}],"predecessor-version":[{"id":86480,"href":"https:\/\/www.24zabrze.pl\/wiadomosci\/wp-json\/wp\/v2\/posts\/86475\/revisions\/86480"}],"wp:featuredmedia":[{"embeddable":true,"href":"https:\/\/www.24zabrze.pl\/wiadomosci\/wp-json\/wp\/v2\/media\/83974"}],"wp:attachment":[{"href":"https:\/\/www.24zabrze.pl\/wiadomosci\/wp-json\/wp\/v2\/media?parent=86475"}],"wp:term":[{"taxonomy":"category","embeddable":true,"href":"https:\/\/www.24zabrze.pl\/wiadomosci\/wp-json\/wp\/v2\/categories?post=86475"},{"taxonomy":"post_tag","embeddable":true,"href":"https:\/\/www.24zabrze.pl\/wiadomosci\/wp-json\/wp\/v2\/tags?post=86475"}],"curies":[{"name":"wp","href":"https:\/\/api.w.org\/{rel}","templated":true}]}}