{"id":86462,"date":"2020-03-21T17:00:35","date_gmt":"2020-03-21T16:00:35","guid":{"rendered":"https:\/\/www.24zabrze.pl\/wiadomosci\/?p=86462"},"modified":"2020-03-21T17:00:35","modified_gmt":"2020-03-21T16:00:35","slug":"koleje-slaskie-zmieniaja-rozklad-jazdy-w-zwiazku-z-koronawirusem-czesc-pociagow-odwolana","status":"publish","type":"post","link":"https:\/\/www.24zabrze.pl\/wiadomosci\/koleje-slaskie-zmieniaja-rozklad-jazdy-w-zwiazku-z-koronawirusem-czesc-pociagow-odwolana\/","title":{"rendered":"Koleje \u015al\u0105skie zmieniaj\u0105 rozk\u0142ad jazdy w zwi\u0105zku z koronawirusem. Cz\u0119\u015b\u0107 poci\u0105g\u00f3w odwo\u0142ana"},"content":{"rendered":"<div class=\"zabrz-a6-z-nad-leadem-artykulow zabrz-entity-placement\" id=\"zabrz-1837986982\"><div class=\"zabrz-adlabel\"><span style=\"font-size: 9px\">REKLAMA<\/span><\/div><div id=\"zabrz-1322824039\" style=\"margin-bottom: 30px;margin-left: auto;margin-right: auto;text-align: center;\"><a data-no-instant=\"1\" href=\"https:\/\/dom100.eu\/\" rel=\"noopener\" class=\"a2t-link\" target=\"_blank\" aria-label=\"20260415 DOM100 D\"><img loading=\"lazy\" decoding=\"async\" src=\"https:\/\/www.24zabrze.pl\/wiadomosci\/wp-content\/uploads\/2026\/02\/20260415-DOM100-D.jpg\" alt=\"\"  srcset=\"https:\/\/www.24zabrze.pl\/wiadomosci\/wp-content\/uploads\/2026\/02\/20260415-DOM100-D.jpg 750w, https:\/\/www.24zabrze.pl\/wiadomosci\/wp-content\/uploads\/2026\/02\/20260415-DOM100-D-410x109.jpg 410w\" sizes=\"(max-width: 750px) 100vw, 750px\" class=\"no-lazyload\" width=\"750\" height=\"200\"  style=\"display: inline-block; max-width: 100%; height: auto;\" \/><\/a><\/div><\/div><h3>Koleje \u015al\u0105skie od poniedzia\u0142ku, 23 marca, wprowadzaj\u0105 ograniczenia w rozk\u0142adzie jazdy z uwagi na zagro\u017cenie epidemiczne. <\/h3>\n<p>Zmieniony rozk\u0142ad jazdy b\u0119dzie obowi\u0105zywa\u0142 od poniedzia\u0142ku do odwo\u0142ania. W weekend \u2013 tj. 21.03-22.03 \u2013 poci\u0105gi kursuj\u0105 jeszcze wed\u0142ug standardowego rozk\u0142adu jazdy na weekend. W kolejnych weekendach b\u0119dzie jednak te\u017c obowi\u0105zywa\u0107 zmieniony rozk\u0142ad jazdy. <\/p><div class=\"zabrz-a3-z-w-tresci-artykulow zabrz-entity-placement\" id=\"zabrz-2287499188\"><div class=\"zabrz-adlabel\"><span style=\"font-size: 9px\">REKLAMA<\/span><\/div><div id=\"zabrz-2558943373\" style=\"margin-bottom: 40px;margin-left: auto;margin-right: auto;text-align: center;\"><a data-no-instant=\"1\" href=\"https:\/\/ogrodyandersa.pl\/\" rel=\"noopener\" class=\"a2t-link\" target=\"_blank\" aria-label=\"20260415 Ogrody Andersa WYBIERZ MIESZKANIE D\"><img loading=\"lazy\" decoding=\"async\" src=\"https:\/\/www.24zabrze.pl\/wiadomosci\/wp-content\/uploads\/2026\/02\/20260415-Ogrody-Andersa-WYBIERZ-MIESZKANIE-D.jpg\" alt=\"\"  srcset=\"https:\/\/www.24zabrze.pl\/wiadomosci\/wp-content\/uploads\/2026\/02\/20260415-Ogrody-Andersa-WYBIERZ-MIESZKANIE-D.jpg 750w, https:\/\/www.24zabrze.pl\/wiadomosci\/wp-content\/uploads\/2026\/02\/20260415-Ogrody-Andersa-WYBIERZ-MIESZKANIE-D-410x109.jpg 410w\" sizes=\"(max-width: 750px) 100vw, 750px\" class=\"no-lazyload\" width=\"750\" height=\"200\"  style=\"display: inline-block; max-width: 100%; height: auto;\" \/><\/a><\/div><\/div>\n<h3>Cz\u0119\u015b\u0107 kurs\u00f3w b\u0119dzie odwo\u0142ana w ca\u0142o\u015bci, cz\u0119\u015b\u0107 natomiast b\u0119dzie obowi\u0105zywa\u0107 w skr\u00f3conych relacjach. W niekt\u00f3rych przypadkach zmienione zostan\u0105 dotychczasowe godziny kursowania.<\/h3>\n<p>Co istotne, zmiany wprowadzone s\u0105 w tzw. godzinach pozaszczytowych oraz w przypadku kr\u00f3tszych relacji. Oznacza to, \u017ce nadal bez problemu b\u0119dzie mo\u017cna korzysta\u0107 z najwa\u017cniejszych kurs\u00f3w, kt\u00f3re zapewniaj\u0105 np. dojazd i powr\u00f3t z pracy.<\/p>\n<p>&#8211; <em>W zwi\u0105zku z zagro\u017ceniem epidemicznym od d\u0142u\u017cszego czasu staramy si\u0119 robi\u0107 wszystko, co w naszej mocy, \u017ceby zapewni\u0107 naszym podr\u00f3\u017cnym maksimum bezpiecze\u0144stwa \u2013 s\u0105 to zar\u00f3wno dzia\u0142ania w obr\u0119bie np. wzmo\u017conego czyszczenia naszych poci\u0105g\u00f3w, jak i z zakresu obs\u0142ugi podr\u00f3\u017cnych. Przez d\u0142u\u017cszy czas monitorowali\u015bmy zainteresowanie poszczeg\u00f3lnymi kursami, tak aby ewentualne ograniczenia nie dotkn\u0119\u0142y w znacznym stopniu naszych podr\u00f3\u017cnych<\/em> &#8211; przekazuj\u0105 Koleje \u015al\u0105skie.<\/p>\n<p>&#8211; <em>Z uwagi m.in. na ograniczenie dzia\u0142alno\u015bci uczelni i szk\u00f3\u0142 oraz przej\u015bcie wielu os\u00f3b na prac\u0119 zdaln\u0105 obserwujemy wyra\u017ane zmniejszenie we frekwencji na pok\u0142adach swoich poci\u0105g\u00f3w. W zwi\u0105zku z tym ograniczenie po\u0142\u0105cze\u0144 nie powinno w \u017cadnym stopniu wp\u0142yn\u0105\u0107 na komfort podr\u00f3\u017cnych<\/em> &#8211; dodaje przewo\u017anik. <\/p>\n<p>Szczeg\u00f3\u0142y dotycz\u0105ce odwo\u0142anych lub skr\u00f3conych kurs\u00f3w mo\u017cna znale\u017a\u0107 w poni\u017cej zamieszczonych tabelach. <\/p>\n<h3>S\u0105 to zmiany dotycz\u0105ce kurs\u00f3w w dni robocze. O zmianach rozk\u0142adu na weekendy Koleje \u015al\u0105skie przeka\u017c\u0105 informacj\u0119 w nieco p\u00f3\u017aniejszym terminie.<\/h3>\n<p>Sp\u00f3\u0142ka stworzy\u0142a te\u017c <a href=\"https:\/\/www.kolejeslaskie.com\/koronawirus\/\" rel=\"noopener noreferrer\" target=\"_blank\">specjaln\u0105 podstron\u0119,<\/a> na kt\u00f3rej mo\u017cna znale\u017a\u0107 wszystkie istotne informacje dotycz\u0105ce podr\u00f3\u017cowania i funkcjonowania przewo\u017anika oraz jego dzia\u0142a\u0144 podj\u0119tych w zwi\u0105zku z zagro\u017ceniem Koronawirusem.<\/p>\n<p><a href=\"https:\/\/www.24zabrze.pl\/wiadomosci\/wp-content\/uploads\/2020\/03\/poci\u0105gi-odwo\u0142ane-od-23.03.2020-1.pdf\">Poci\u0105gi-odwo\u0142ane-od-23.03.2020-1<\/a><\/p>\n<p><a href=\"https:\/\/www.24zabrze.pl\/wiadomosci\/wp-content\/uploads\/2020\/03\/Pociagi-ze-zmienion\u0105-relacj\u0105-od-23.03.2020.pdf\">Pociagi-ze-zmienion\u0105-relacj\u0105-od-23.03.2020<\/a><\/p>\n<p>(mat. pras.)<br \/>\nfot. arch. 24zabrze.pl<\/p>\n","protected":false},"excerpt":{"rendered":"<p>Koleje \u015al\u0105skie od poniedzia\u0142ku, 23 marca, wprowadzaj\u0105 ograniczenia w rozk\u0142adzie jazdy z uwagi na zagro\u017cenie epidemiczne. Zmieniony rozk\u0142ad jazdy b\u0119dzie obowi\u0105zywa\u0142 od poniedzia\u0142ku do odwo\u0142ania. W weekend \u2013 tj. 21.03-22.03 \u2013 poci\u0105gi kursuj\u0105 jeszcze wed\u0142ug standardowego rozk\u0142adu jazdy na weekend. W kolejnych weekendach b\u0119dzie jednak te\u017c obowi\u0105zywa\u0107 zmieniony rozk\u0142ad jazdy. Cz\u0119\u015b\u0107 kurs\u00f3w b\u0119dzie odwo\u0142ana w [&hellip;]<\/p>\n","protected":false},"author":17,"featured_media":77013,"comment_status":"closed","ping_status":"closed","sticky":false,"template":"","format":"standard","meta":{"_monsterinsights_skip_tracking":false,"_monsterinsights_sitenote_active":false,"_monsterinsights_sitenote_note":"","_monsterinsights_sitenote_category":0,"footnotes":"","_links_to":"","_links_to_target":""},"categories":[8,1],"tags":[],"class_list":["post-86462","post","type-post","status-publish","format-standard","has-post-thumbnail","hentry","category-referendum","category-wszystko"],"_links":{"self":[{"href":"https:\/\/www.24zabrze.pl\/wiadomosci\/wp-json\/wp\/v2\/posts\/86462","targetHints":{"allow":["GET"]}}],"collection":[{"href":"https:\/\/www.24zabrze.pl\/wiadomosci\/wp-json\/wp\/v2\/posts"}],"about":[{"href":"https:\/\/www.24zabrze.pl\/wiadomosci\/wp-json\/wp\/v2\/types\/post"}],"author":[{"embeddable":true,"href":"https:\/\/www.24zabrze.pl\/wiadomosci\/wp-json\/wp\/v2\/users\/17"}],"replies":[{"embeddable":true,"href":"https:\/\/www.24zabrze.pl\/wiadomosci\/wp-json\/wp\/v2\/comments?post=86462"}],"version-history":[{"count":10,"href":"https:\/\/www.24zabrze.pl\/wiadomosci\/wp-json\/wp\/v2\/posts\/86462\/revisions"}],"predecessor-version":[{"id":86474,"href":"https:\/\/www.24zabrze.pl\/wiadomosci\/wp-json\/wp\/v2\/posts\/86462\/revisions\/86474"}],"wp:featuredmedia":[{"embeddable":true,"href":"https:\/\/www.24zabrze.pl\/wiadomosci\/wp-json\/wp\/v2\/media\/77013"}],"wp:attachment":[{"href":"https:\/\/www.24zabrze.pl\/wiadomosci\/wp-json\/wp\/v2\/media?parent=86462"}],"wp:term":[{"taxonomy":"category","embeddable":true,"href":"https:\/\/www.24zabrze.pl\/wiadomosci\/wp-json\/wp\/v2\/categories?post=86462"},{"taxonomy":"post_tag","embeddable":true,"href":"https:\/\/www.24zabrze.pl\/wiadomosci\/wp-json\/wp\/v2\/tags?post=86462"}],"curies":[{"name":"wp","href":"https:\/\/api.w.org\/{rel}","templated":true}]}}