{"id":85349,"date":"2020-02-03T14:56:46","date_gmt":"2020-02-03T13:56:46","guid":{"rendered":"https:\/\/www.24zabrze.pl\/wiadomosci\/?p=85349"},"modified":"2020-02-03T14:58:08","modified_gmt":"2020-02-03T13:58:08","slug":"zabrzanskie-ateny-rozdane-kto-zostal-wyrozniony-w-2020-roku","status":"publish","type":"post","link":"https:\/\/www.24zabrze.pl\/wiadomosci\/zabrzanskie-ateny-rozdane-kto-zostal-wyrozniony-w-2020-roku\/","title":{"rendered":"&#8220;Zabrza\u0144skie Ateny&#8221; rozdane. Kto zosta\u0142 wyr\u00f3\u017cniony w 2020 roku?"},"content":{"rendered":"<div class=\"zabrz-a6-z-nad-leadem-artykulow zabrz-entity-placement\" id=\"zabrz-3114053356\"><div class=\"zabrz-adlabel\"><span style=\"font-size: 9px\">REKLAMA<\/span><\/div><div id=\"zabrz-86871481\" style=\"margin-bottom: 30px;margin-left: auto;margin-right: auto;text-align: center;\"><a data-no-instant=\"1\" href=\"https:\/\/dom100.eu\/\" rel=\"noopener\" class=\"a2t-link\" target=\"_blank\" aria-label=\"20260415 DOM100 D\"><img loading=\"lazy\" decoding=\"async\" src=\"https:\/\/www.24zabrze.pl\/wiadomosci\/wp-content\/uploads\/2026\/02\/20260415-DOM100-D.jpg\" alt=\"\"  srcset=\"https:\/\/www.24zabrze.pl\/wiadomosci\/wp-content\/uploads\/2026\/02\/20260415-DOM100-D.jpg 750w, https:\/\/www.24zabrze.pl\/wiadomosci\/wp-content\/uploads\/2026\/02\/20260415-DOM100-D-410x109.jpg 410w\" sizes=\"(max-width: 750px) 100vw, 750px\" class=\"no-lazyload\" width=\"750\" height=\"200\"  style=\"display: inline-block; max-width: 100%; height: auto;\" \/><\/a><\/div><\/div><h3>W Hotelu Diament wr\u0119czono w sobot\u0119 statuetki &#8220;Zabrza\u0144ska Atena&#8221;. Wyr\u00f3\u017cnienia te, przyznawane przez prezydent Zabrza Ma\u0142gorzat\u0119 Ma\u0144k\u0119-Szulik, otrzymuj\u0105 osoby i instytucje, kt\u00f3rych dzia\u0142alno\u015b\u0107 przyczynia si\u0119 do rozwoju miasta.<\/h3>\n<p>Statuetki &#8211; zaprojektowane przez prof. <strong>Krzysztofa Nitscha<\/strong> &#8211; przyznawane s\u0105 od 2012 roku w dw\u00f3ch kategoriach: Medycyna i Nauka oraz Gospodarka i Przedsi\u0119biorczo\u015b\u0107. Odbieraj\u0105 je osoby, kt\u00f3rych zaanga\u017cowanie przyczynia si\u0119 do wzmacniania potencja\u0142u Zabrza. <\/p><div class=\"zabrz-a3-z-w-tresci-artykulow zabrz-entity-placement\" id=\"zabrz-3647190778\"><div class=\"zabrz-adlabel\"><span style=\"font-size: 9px\">REKLAMA<\/span><\/div><div id=\"zabrz-331362427\" style=\"margin-bottom: 40px;margin-left: auto;margin-right: auto;text-align: center;\"><a data-no-instant=\"1\" href=\"https:\/\/ogrodyandersa.pl\/\" rel=\"noopener\" class=\"a2t-link\" target=\"_blank\" aria-label=\"20260415 Ogrody Andersa WYBIERZ MIESZKANIE D\"><img loading=\"lazy\" decoding=\"async\" src=\"https:\/\/www.24zabrze.pl\/wiadomosci\/wp-content\/uploads\/2026\/02\/20260415-Ogrody-Andersa-WYBIERZ-MIESZKANIE-D.jpg\" alt=\"\"  srcset=\"https:\/\/www.24zabrze.pl\/wiadomosci\/wp-content\/uploads\/2026\/02\/20260415-Ogrody-Andersa-WYBIERZ-MIESZKANIE-D.jpg 750w, https:\/\/www.24zabrze.pl\/wiadomosci\/wp-content\/uploads\/2026\/02\/20260415-Ogrody-Andersa-WYBIERZ-MIESZKANIE-D-410x109.jpg 410w\" sizes=\"(max-width: 750px) 100vw, 750px\" class=\"no-lazyload\" width=\"750\" height=\"200\"  style=\"display: inline-block; max-width: 100%; height: auto;\" \/><\/a><\/div><\/div>\n<h3>W ten spos\u00f3b w\u0142adze miasta chc\u0105 podzi\u0119kowa\u0107 za podejmowanie ambitnych wyzwa\u0144 i realizowanie przedsi\u0119wzi\u0119\u0107 s\u0142u\u017c\u0105cych mieszka\u0144com.<\/h3>\n<p>W tym roku w kategorii Medycyna i Nauka wr\u0119czono dwie statuetki. Odebrali je prof. dr hab. in\u017c. <strong>Arkadiusz M\u0119\u017cyk<\/strong> &#8211; rektor Politechniki \u015al\u0105skiej oraz prof. dr hab. n. med. <strong>Tomasz Szczepa\u0144ski<\/strong> &#8211; ordynator Oddzia\u0142u Hematologii i Onkologii Dzieci\u0119cej Samodzielnego Publicznego Szpitala Klinicznego nr 1 im. prof. <strong>Stanis\u0142awa Szyszko<\/strong> \u015al\u0105skiego Uniwersytetu Medycznego w Katowicach. Z kolei w kategorii Gospodarka i Przedsi\u0119biorczo\u015b\u0107 wyr\u00f3\u017cnione zosta\u0142y firmy: TDJ Sp. z o.o. oraz VAN PUR S.A. Browar w Zabrzu.<\/p>\n<p><iframe loading=\"lazy\" src=\"https:\/\/www.facebook.com\/plugins\/post.php?href=https%3A%2F%2Fwww.facebook.com%2FFbZabrze%2Fposts%2F2844375388956038&#038;width=500\" width=\"500\" height=\"738\" style=\"border:none;overflow:hidden\" scrolling=\"no\" frameborder=\"0\" allowTransparency=\"true\" allow=\"encrypted-media\"><\/iframe><\/p>\n<p>Wydarzenie u\u015bwietni\u0142 wyst\u0119p duetu, kt\u00f3ry po\u0142\u0105czy\u0142 talent muzyczny i pasj\u0119 do muzyki: <strong>\u00c1d\u00e1m J\u00e1vorkai<\/strong> \u2013 w\u0119gierski wiolonczelista oraz <strong>Clara Biermasz-J\u00e1vorkai<\/strong> urodzona w Holandii pianistka, a w uroczysto\u015bci wzi\u0119\u0142o udzia\u0142 wielu znamienitych go\u015bci.<\/p>\n<h4>Laureaci \u201eZabrza\u0144skiej Ateny\u201d w poprzednich latach:<\/h4>\n<p><strong>2019<\/strong><br \/>\n&#8211; prof. <strong>Krzysztof Wodarski<\/strong>, dziekan Wydzia\u0142u Organizacji i Zarz\u0105dzania Politechniki \u015al\u0105skiej<br \/>\n&#8211; prof. <strong>Maciej Misio\u0142ek<\/strong>, dziekan Wydzia\u0142u Lekarskiego \u015al\u0105skiego Uniwersytetu Medycznego<br \/>\n&#8211; <strong>Bogdan Kmiecik<\/strong>, prezes NMC Polska.<\/p>\n<p><strong>2018 rok<\/strong><br \/>\n&#8211; prof. <strong>Przemys\u0142aw Ja\u0142owiecki<\/strong>, rektor \u015al\u0105skiego Uniwersytetu Medycznego<br \/>\n&#8211; Katowicka Specjalna Strefa Ekonomiczna<br \/>\n&#8211; Firma VOIGT Sp. z o.o.<br \/>\n&#8211; <strong>Wojciech Dzwonkowski<\/strong> (Inter Ikea Centre Group Poland S.A.)<\/p>\n<p><strong>2017 rok<\/strong><br \/>\n&#8211; Fortum S. A.<br \/>\n&#8211; Artifex Mundi<br \/>\n&#8211; prof. <strong>Marek Gzik<\/strong>, dziekan Wydzia\u0142u In\u017cynierii Biomedycznej Politechniki \u015al\u0105skiej<\/p>\n<p><strong>2016 rok<\/strong><br \/>\n&#8211; Zak\u0142ady Urz\u0105dze\u0144 Komputerowych ELZAB S.A<br \/>\n&#8211; prof. <strong>Andrzej Karbownik<\/strong>, Politechnika \u015al\u0105ska<\/p>\n<p><strong>2015 rok<\/strong><br \/>\n&#8211; Zarys International Sp. z o.o.<br \/>\n&#8211; Mostostal Zabrze S.A.<br \/>\n&#8211; prof. <strong>Jan Marciniak<\/strong>, Politechnika \u015al\u0105ska<\/p>\n<p><strong>2014 rok<\/strong><br \/>\n&#8211; Hotele Diament S.A.<br \/>\n&#8211; prof. <strong>Bogus\u0142aw Maciejewski<\/strong><br \/>\n&#8211; Instytut Techniki i Aparatury Medycznej w Zabrzu<\/p>\n<p><strong>2013 rok<\/strong><br \/>\n&#8211; Kopex S.A.<br \/>\n&#8211; Centrum Materia\u0142\u00f3w Polimerowych i W\u0119glowych PAN<br \/>\n&#8211; Jastrz\u0119bska Sp\u00f3\u0142ka W\u0119glowa S.A.<\/p>\n<p><strong>2012 rok<\/strong><br \/>\n&#8211; prof. <strong>Marian Zembala<\/strong>, \u015al\u0105skie Centrum Chor\u00f3b Serca<br \/>\n&#8211; Instytut Chemicznej Przer\u00f3bki W\u0119gla<br \/>\n&#8211; Kompania W\u0119glowa S.A.<br \/>\n&#8211; DB Schenker.<\/p>\n<p>(\u017cms)\/UM Zabrze<br \/>\nfot. Miasto Zabrze\/fb<\/p>\n","protected":false},"excerpt":{"rendered":"<p>W Hotelu Diament wr\u0119czono w sobot\u0119 statuetki &#8220;Zabrza\u0144ska Atena&#8221;. Wyr\u00f3\u017cnienia te, przyznawane przez prezydent Zabrza Ma\u0142gorzat\u0119 Ma\u0144k\u0119-Szulik, otrzymuj\u0105 osoby i instytucje, kt\u00f3rych dzia\u0142alno\u015b\u0107 przyczynia si\u0119 do rozwoju miasta. Statuetki &#8211; zaprojektowane przez prof. Krzysztofa Nitscha &#8211; przyznawane s\u0105 od 2012 roku w dw\u00f3ch kategoriach: Medycyna i Nauka oraz Gospodarka i Przedsi\u0119biorczo\u015b\u0107. Odbieraj\u0105 je osoby, kt\u00f3rych [&hellip;]<\/p>\n","protected":false},"author":17,"featured_media":85353,"comment_status":"closed","ping_status":"closed","sticky":false,"template":"","format":"standard","meta":{"_monsterinsights_skip_tracking":false,"_monsterinsights_sitenote_active":false,"_monsterinsights_sitenote_note":"","_monsterinsights_sitenote_category":0,"footnotes":"","_links_to":"","_links_to_target":""},"categories":[8,1],"tags":[],"class_list":["post-85349","post","type-post","status-publish","format-standard","has-post-thumbnail","hentry","category-referendum","category-wszystko"],"_links":{"self":[{"href":"https:\/\/www.24zabrze.pl\/wiadomosci\/wp-json\/wp\/v2\/posts\/85349","targetHints":{"allow":["GET"]}}],"collection":[{"href":"https:\/\/www.24zabrze.pl\/wiadomosci\/wp-json\/wp\/v2\/posts"}],"about":[{"href":"https:\/\/www.24zabrze.pl\/wiadomosci\/wp-json\/wp\/v2\/types\/post"}],"author":[{"embeddable":true,"href":"https:\/\/www.24zabrze.pl\/wiadomosci\/wp-json\/wp\/v2\/users\/17"}],"replies":[{"embeddable":true,"href":"https:\/\/www.24zabrze.pl\/wiadomosci\/wp-json\/wp\/v2\/comments?post=85349"}],"version-history":[{"count":7,"href":"https:\/\/www.24zabrze.pl\/wiadomosci\/wp-json\/wp\/v2\/posts\/85349\/revisions"}],"predecessor-version":[{"id":85358,"href":"https:\/\/www.24zabrze.pl\/wiadomosci\/wp-json\/wp\/v2\/posts\/85349\/revisions\/85358"}],"wp:featuredmedia":[{"embeddable":true,"href":"https:\/\/www.24zabrze.pl\/wiadomosci\/wp-json\/wp\/v2\/media\/85353"}],"wp:attachment":[{"href":"https:\/\/www.24zabrze.pl\/wiadomosci\/wp-json\/wp\/v2\/media?parent=85349"}],"wp:term":[{"taxonomy":"category","embeddable":true,"href":"https:\/\/www.24zabrze.pl\/wiadomosci\/wp-json\/wp\/v2\/categories?post=85349"},{"taxonomy":"post_tag","embeddable":true,"href":"https:\/\/www.24zabrze.pl\/wiadomosci\/wp-json\/wp\/v2\/tags?post=85349"}],"curies":[{"name":"wp","href":"https:\/\/api.w.org\/{rel}","templated":true}]}}