{"id":85034,"date":"2020-01-22T11:36:12","date_gmt":"2020-01-22T10:36:12","guid":{"rendered":"http:\/\/www.24zabrze.pl\/wiadomosci\/?p=85034"},"modified":"2020-01-22T13:41:25","modified_gmt":"2020-01-22T12:41:25","slug":"greta-thunberg-w-zabrzanskiej-kopalni-rzecznik-wzz-sierpien-80-oburzony-zdrada","status":"publish","type":"post","link":"https:\/\/www.24zabrze.pl\/wiadomosci\/greta-thunberg-w-zabrzanskiej-kopalni-rzecznik-wzz-sierpien-80-oburzony-zdrada\/","title":{"rendered":"Greta Thunberg w zabrza\u0144skiej kopalni. Rzecznik WZZ &#8220;Sierpie\u0144 80&#8221; oburzony: &#8220;Zdrada&#8221;"},"content":{"rendered":"<div class=\"zabrz-a6-z-nad-leadem-artykulow zabrz-entity-placement\" id=\"zabrz-1960352379\"><div class=\"zabrz-adlabel\"><span style=\"font-size: 9px\">REKLAMA<\/span><\/div><div id=\"zabrz-3670798517\" style=\"margin-bottom: 30px;margin-left: auto;margin-right: auto;text-align: center;\"><a data-no-instant=\"1\" href=\"https:\/\/dom100.eu\/\" rel=\"noopener\" class=\"a2t-link\" target=\"_blank\" aria-label=\"20260415 DOM100 D\"><img loading=\"lazy\" decoding=\"async\" src=\"https:\/\/www.24zabrze.pl\/wiadomosci\/wp-content\/uploads\/2026\/02\/20260415-DOM100-D.jpg\" alt=\"\"  srcset=\"https:\/\/www.24zabrze.pl\/wiadomosci\/wp-content\/uploads\/2026\/02\/20260415-DOM100-D.jpg 750w, https:\/\/www.24zabrze.pl\/wiadomosci\/wp-content\/uploads\/2026\/02\/20260415-DOM100-D-410x109.jpg 410w\" sizes=\"(max-width: 750px) 100vw, 750px\" class=\"no-lazyload\" width=\"750\" height=\"200\"  style=\"display: inline-block; max-width: 100%; height: auto;\" \/><\/a><\/div><\/div><h3>Informacja o wizycie znanej szwedzkiej aktywistki wyp\u0142yn\u0119\u0142a dopiero teraz, okazuje si\u0119, \u017ce kilka dni temu Zabrze odwiedzi\u0142a Greta Thunberg. Wraz z g\u00f3rnikami z KWK Makoszowy wizytowa\u0142a likwidowany zak\u0142ad g\u00f3rniczy, a tak\u017ce zabytkow\u0105 Kopalni\u0119 Guido.<\/h3>\n<p>Zdj\u0119cia z wizyty pojawi\u0142y si\u0119 w\u0142a\u015bnie w serwisie facebook.<\/p><div class=\"zabrz-a3-z-w-tresci-artykulow zabrz-entity-placement\" id=\"zabrz-223640108\"><div class=\"zabrz-adlabel\"><span style=\"font-size: 9px\">REKLAMA<\/span><\/div><div id=\"zabrz-611457051\" style=\"margin-bottom: 40px;margin-left: auto;margin-right: auto;text-align: center;\"><a data-no-instant=\"1\" href=\"https:\/\/ogrodyandersa.pl\/\" rel=\"noopener\" class=\"a2t-link\" target=\"_blank\" aria-label=\"20260415 Ogrody Andersa WYBIERZ MIESZKANIE D\"><img loading=\"lazy\" decoding=\"async\" src=\"https:\/\/www.24zabrze.pl\/wiadomosci\/wp-content\/uploads\/2026\/02\/20260415-Ogrody-Andersa-WYBIERZ-MIESZKANIE-D.jpg\" alt=\"\"  srcset=\"https:\/\/www.24zabrze.pl\/wiadomosci\/wp-content\/uploads\/2026\/02\/20260415-Ogrody-Andersa-WYBIERZ-MIESZKANIE-D.jpg 750w, https:\/\/www.24zabrze.pl\/wiadomosci\/wp-content\/uploads\/2026\/02\/20260415-Ogrody-Andersa-WYBIERZ-MIESZKANIE-D-410x109.jpg 410w\" sizes=\"(max-width: 750px) 100vw, 750px\" class=\"no-lazyload\" width=\"750\" height=\"200\"  style=\"display: inline-block; max-width: 100%; height: auto;\" \/><\/a><\/div><\/div>\n<p>Greta Thunberg to urodzona w 2003 roku, budz\u0105ca wiele kontrowersji szwedzka aktywistka klimatyczna. Jak mo\u017cna dowiedzie\u0107 si\u0119 z medi\u00f3w, ostatnio pojawi\u0142a si\u0119 w Polsce, gdzie widziano j\u0105 m.in. w Be\u0142chatowie. Tam na terenie elektrowni (wed\u0142ug <a href=\"https:\/\/dzienniklodzki.pl\/greta-thunberg-w-elektrowni-belchatow-chciala-nagrac-film-aktywistka-nie-otrzymala-zgody-co-greta-thunberg-robila-w-polsce\/ar\/c1-14724644\" rel=\"noopener noreferrer\" target=\"_blank\">Dziennika \u0141\u00f3dzkiego<\/a>) chcia\u0142a nakr\u0119ci\u0107 film. Pr\u00f3by te mia\u0142y zako\u0144czy\u0107 si\u0119 pora\u017ck\u0105, ze wzgl\u0119du na odmow\u0119 sp\u00f3\u0142ki Skarbu Pa\u0144stwa. P\u00f3\u017aniej Thunberg odwiedzi\u0142a taras widokowy w gminie Kleszcz\u00f3w. W ubieg\u0142ym tygodniu zawita\u0142a tak\u017ce do Zabrza, gdzie jej celem by\u0142a Kopalnia Guido oraz KWK Makoszowy. Opublikowanie zdj\u0119\u0107 z tej wizyty spowodowa\u0142o szybk\u0105 reakcj\u0119 \u015brodowiska g\u00f3rniczego.<\/p>\n<p><iframe loading=\"lazy\" src=\"https:\/\/www.facebook.com\/plugins\/post.php?href=https%3A%2F%2Fwww.facebook.com%2Fphoto.php%3Ffbid%3D1274360386286287%26set%3Da.103064016749269%26type%3D3&#038;width=500\" width=\"500\" height=\"380\" style=\"border:none;overflow:hidden\" scrolling=\"no\" frameborder=\"0\" allowTransparency=\"true\" allow=\"encrypted-media\"><\/iframe><\/p>\n<p>&#8211; <em>Zdrada! W czasie, gdy trwa walka o polski w\u0119giel i polskie kopalnie, funkcyjny dzia\u0142acz Zwi\u0105zku Zawodowego G\u00f3rnik\u00f3w w Polsce (ZZGwP) Jerzy Hubka robi sobie focie z Greci\u0105 przy KWK &#8220;Makoszowy&#8221; i w zabytkowej kopalni &#8220;Guido&#8221;<\/em> &#8211; napisa\u0142 w reakcji na zdj\u0119cia w portalu spo\u0142eczno\u015bciowym <strong>Patryk Kosela<\/strong>, rzecznik Komisji Krajowej WZZ &#8220;Sierpie\u0144 80&#8221;.<\/p>\n<p><iframe loading=\"lazy\" src=\"https:\/\/www.facebook.com\/plugins\/post.php?href=https%3A%2F%2Fwww.facebook.com%2Fpatryk.kosela%2Fposts%2F3595067660534019&#038;width=500\" width=\"500\" height=\"795\" style=\"border:none;overflow:hidden\" scrolling=\"no\" frameborder=\"0\" allowTransparency=\"true\" allow=\"encrypted-media\"><\/iframe><\/p>\n<p>&#8211; <em>Kopalnia &#8220;Makoszowy&#8221; (Hubka by\u0142 na niej wiceprzewodnicz\u0105cym ZZG) zosta\u0142a zlikwidowana dlatego mi\u0119dzy innymi, \u017ce &#8220;zwi\u0105zkowcy&#8221; pokroju tego pana prze\u015bcigali si\u0119 w zakusach na przej\u0119cie kopalni. Jedni woleli sp\u00f3\u0142k\u0119 pracownicz\u0105, inni sp\u00f3\u0142dzielni\u0119 pracy. W efekcie, walki o kopalni\u0119 nie by\u0142o i kopalni\u0119 oddano do likwidacji. Dzi\u015b razem z Gret\u0105 Thunberg chc\u0105 po\u0142o\u017cy\u0107 ca\u0142e polskie g\u00f3rnictwo w\u0119glowe<\/em> &#8211; kontynuuje Kosela. <\/p>\n<h3>Do sprawy odni\u00f3s\u0142 si\u0119 wywo\u0142any we wpisie rzecznika &#8220;Sierpnia 80&#8221;, <strong>Jerzy Hubka<\/strong>. Potwierdza on, \u017ce wizyta mia\u0142a miejsce. <\/h3>\n<p>&nbsp;<br \/>\n&#8211; <em>A i owszem, spotkali\u015bmy si\u0119 z Gret\u0105 Thumberg na kopalni Makoszowy, a potem byli\u015bmy na kopalni Guido wraz z ekip\u0105 telewizyjn\u0105 BBC, aby Greta zobaczy\u0142a cho\u0107 namiastk\u0119 do\u0142u kopalni. Przekazali\u015bmy Jej, \u017ce G\u00f3rnicy nie boj\u0105 si\u0119 zmian i przeobra\u017ce\u0144,wszak pod warunkiem, \u017ce rozmawia si\u0119 z nimi uczciwie i prowadzi rzetelny dialog i wypracowuje konkretny kompromis. Podkre\u015blili\u015bmy, \u017ce kopalnie nie generuj\u0105 dwutlenku w\u0119gla CO2 i mo\u017cna je z powodzeniem wyposa\u017cy\u0107 w nowoczesne technologie z po\u017cytkiem dla \u015brodowiska jednocze\u015bnie nie trac\u0105c miejsc pracy<\/em> &#8211; przekaza\u0142 Hubka. <\/p>\n<p><iframe loading=\"lazy\" src=\"https:\/\/www.facebook.com\/plugins\/post.php?href=https%3A%2F%2Fwww.facebook.com%2Fpermalink.php%3Fstory_fbid%3D1274365639619095%26id%3D100011370122038&#038;width=500\" width=\"500\" height=\"783\" style=\"border:none;overflow:hidden\" scrolling=\"no\" frameborder=\"0\" allowTransparency=\"true\" allow=\"encrypted-media\"><\/iframe><\/p>\n<p>Nie wiadomo, czy Gret\u0119 Thunberg przekona\u0142y argumenty g\u00f3rnik\u00f3w. <\/p>\n<p>(\u017cms)<\/p>\n","protected":false},"excerpt":{"rendered":"<p>Informacja o wizycie znanej szwedzkiej aktywistki wyp\u0142yn\u0119\u0142a dopiero teraz, okazuje si\u0119, \u017ce kilka dni temu Zabrze odwiedzi\u0142a Greta Thunberg. Wraz z g\u00f3rnikami z KWK Makoszowy wizytowa\u0142a likwidowany zak\u0142ad g\u00f3rniczy, a tak\u017ce zabytkow\u0105 Kopalni\u0119 Guido. Zdj\u0119cia z wizyty pojawi\u0142y si\u0119 w\u0142a\u015bnie w serwisie facebook. Greta Thunberg to urodzona w 2003 roku, budz\u0105ca wiele kontrowersji szwedzka aktywistka [&hellip;]<\/p>\n","protected":false},"author":17,"featured_media":85056,"comment_status":"closed","ping_status":"closed","sticky":false,"template":"","format":"standard","meta":{"_monsterinsights_skip_tracking":false,"_monsterinsights_sitenote_active":false,"_monsterinsights_sitenote_note":"","_monsterinsights_sitenote_category":0,"footnotes":"","_links_to":"","_links_to_target":""},"categories":[8,9,1],"tags":[],"class_list":["post-85034","post","type-post","status-publish","format-standard","has-post-thumbnail","hentry","category-referendum","category-stronaglowna","category-wszystko"],"_links":{"self":[{"href":"https:\/\/www.24zabrze.pl\/wiadomosci\/wp-json\/wp\/v2\/posts\/85034","targetHints":{"allow":["GET"]}}],"collection":[{"href":"https:\/\/www.24zabrze.pl\/wiadomosci\/wp-json\/wp\/v2\/posts"}],"about":[{"href":"https:\/\/www.24zabrze.pl\/wiadomosci\/wp-json\/wp\/v2\/types\/post"}],"author":[{"embeddable":true,"href":"https:\/\/www.24zabrze.pl\/wiadomosci\/wp-json\/wp\/v2\/users\/17"}],"replies":[{"embeddable":true,"href":"https:\/\/www.24zabrze.pl\/wiadomosci\/wp-json\/wp\/v2\/comments?post=85034"}],"version-history":[{"count":0,"href":"https:\/\/www.24zabrze.pl\/wiadomosci\/wp-json\/wp\/v2\/posts\/85034\/revisions"}],"wp:featuredmedia":[{"embeddable":true,"href":"https:\/\/www.24zabrze.pl\/wiadomosci\/wp-json\/wp\/v2\/media\/85056"}],"wp:attachment":[{"href":"https:\/\/www.24zabrze.pl\/wiadomosci\/wp-json\/wp\/v2\/media?parent=85034"}],"wp:term":[{"taxonomy":"category","embeddable":true,"href":"https:\/\/www.24zabrze.pl\/wiadomosci\/wp-json\/wp\/v2\/categories?post=85034"},{"taxonomy":"post_tag","embeddable":true,"href":"https:\/\/www.24zabrze.pl\/wiadomosci\/wp-json\/wp\/v2\/tags?post=85034"}],"curies":[{"name":"wp","href":"https:\/\/api.w.org\/{rel}","templated":true}]}}