{"id":83825,"date":"2019-11-13T01:17:16","date_gmt":"2019-11-13T00:17:16","guid":{"rendered":"http:\/\/www.24zabrze.pl\/wiadomosci\/?p=83825"},"modified":"2019-11-13T01:17:16","modified_gmt":"2019-11-13T00:17:16","slug":"trwaja-prace-nad-pomnikiem-prof-religi-zaprezentowano-prototyp-w-skali-110","status":"publish","type":"post","link":"https:\/\/www.24zabrze.pl\/wiadomosci\/trwaja-prace-nad-pomnikiem-prof-religi-zaprezentowano-prototyp-w-skali-110\/","title":{"rendered":"Trwaj\u0105 prace nad pomnikiem prof. Religi. Zaprezentowano prototyp w skali 1:10"},"content":{"rendered":"<div class=\"zabrz-a6-z-nad-leadem-artykulow zabrz-entity-placement\" id=\"zabrz-1408713445\"><div class=\"zabrz-adlabel\"><span style=\"font-size: 9px\">REKLAMA<\/span><\/div><div id=\"zabrz-2165219294\" style=\"margin-bottom: 30px;margin-left: auto;margin-right: auto;text-align: center;\"><a data-no-instant=\"1\" href=\"https:\/\/dom100.eu\/\" rel=\"noopener\" class=\"a2t-link\" target=\"_blank\" aria-label=\"20260415 DOM100 D\"><img loading=\"lazy\" decoding=\"async\" src=\"https:\/\/www.24zabrze.pl\/wiadomosci\/wp-content\/uploads\/2026\/02\/20260415-DOM100-D.jpg\" alt=\"\"  srcset=\"https:\/\/www.24zabrze.pl\/wiadomosci\/wp-content\/uploads\/2026\/02\/20260415-DOM100-D.jpg 750w, https:\/\/www.24zabrze.pl\/wiadomosci\/wp-content\/uploads\/2026\/02\/20260415-DOM100-D-410x109.jpg 410w\" sizes=\"(max-width: 750px) 100vw, 750px\" class=\"no-lazyload\" width=\"750\" height=\"200\"  style=\"display: inline-block; max-width: 100%; height: auto;\" \/><\/a><\/div><\/div><h3>Prace, zmierzaj\u0105ce do postawienia w naszym mie\u015bcie pomnika upami\u0119tniaj\u0105cego wybitnego kardiochirurga, jakim by\u0142 prof. Zbigniew Religa, dobiegaj\u0105 ko\u0144ca.<\/h3>\n<p> 6 listopada odby\u0142o si\u0119 wyjazdowe posiedzenie Komisji Kultury i Dziedzictwa Rady Miasta Zabrze. Radni go\u015bcili w pracowni <strong>prof. Krzysztofa Nitscha<\/strong>, gdzie obejrzeli wykonany z gipsu prototyp pomnika prof. Zbigniewa Religi w skali 1:10.<\/p><div class=\"zabrz-a3-z-w-tresci-artykulow zabrz-entity-placement\" id=\"zabrz-1138955274\"><div class=\"zabrz-adlabel\"><span style=\"font-size: 9px\">REKLAMA<\/span><\/div><div id=\"zabrz-178486280\" style=\"margin-bottom: 40px;margin-left: auto;margin-right: auto;text-align: center;\"><a data-no-instant=\"1\" href=\"https:\/\/ogrodyandersa.pl\/\" rel=\"noopener\" class=\"a2t-link\" target=\"_blank\" aria-label=\"20260415 Ogrody Andersa WYBIERZ MIESZKANIE D\"><img loading=\"lazy\" decoding=\"async\" src=\"https:\/\/www.24zabrze.pl\/wiadomosci\/wp-content\/uploads\/2026\/02\/20260415-Ogrody-Andersa-WYBIERZ-MIESZKANIE-D.jpg\" alt=\"\"  srcset=\"https:\/\/www.24zabrze.pl\/wiadomosci\/wp-content\/uploads\/2026\/02\/20260415-Ogrody-Andersa-WYBIERZ-MIESZKANIE-D.jpg 750w, https:\/\/www.24zabrze.pl\/wiadomosci\/wp-content\/uploads\/2026\/02\/20260415-Ogrody-Andersa-WYBIERZ-MIESZKANIE-D-410x109.jpg 410w\" sizes=\"(max-width: 750px) 100vw, 750px\" class=\"no-lazyload\" width=\"750\" height=\"200\"  style=\"display: inline-block; max-width: 100%; height: auto;\" \/><\/a><\/div><\/div>\n<p>W marcu 2016 r. w zabrza\u0144skim Ratuszu zaprezentowano mieszka\u0144com szesna\u015bcie odlanych w br\u0105zie, pokrytych patyn\u0105 modeli pomnika. Modele te stanowi\u0105 \u201eEtiud\u0119 kompozycyjn\u0105 pomnika profesora Zbigniewa Religi\u201d.<\/p>\n<p>Miasto og\u0142osi\u0142o konkurs na wyb\u00f3r najlepszej koncepcji. Ka\u017cdy m\u00f3g\u0142 na \u017cywo obejrze\u0107 modele zaprezentowane w Ratuszu lub przejrze\u0107 galeri\u0119 utworzon\u0105 na stronie internetowej www.um.zabrze.pl i zdecydowa\u0107, kt\u00f3ry z nich powinien stan\u0105\u0107 w centrum Zabrza.<\/p>\n<p>G\u0142os mieszka\u0144c\u00f3w zosta\u0142 potraktowany jako konsultacje spo\u0142eczne i wzi\u0119ty pod uwag\u0119 przy ostatecznym wyborze. <\/p>\n<h4>Zdecydowano te\u017c, gdzie pomnik b\u0119dzie sta\u0142 \u2013 w pobli\u017cu Ratusza, u zbiegu ulic Powsta\u0144c\u00f3w \u015al\u0105skich i Religi.<\/h4>\n<p>W 2017 i 2018 trwa\u0142y prace koncepcyjne. Powsta\u0142 prototyp pomnika. Wykonano te\u017c pr\u00f3b\u0119 dotycz\u0105c\u0105 usytuowania go w terenie. (WKS Zabrze)<\/p>\n","protected":false},"excerpt":{"rendered":"<p>Prace, zmierzaj\u0105ce do postawienia w naszym mie\u015bcie pomnika upami\u0119tniaj\u0105cego wybitnego kardiochirurga, jakim by\u0142 prof. Zbigniew Religa, dobiegaj\u0105 ko\u0144ca. 6 listopada odby\u0142o si\u0119 wyjazdowe posiedzenie Komisji Kultury i Dziedzictwa Rady Miasta Zabrze. Radni go\u015bcili w pracowni prof. Krzysztofa Nitscha, gdzie obejrzeli wykonany z gipsu prototyp pomnika prof. Zbigniewa Religi w skali 1:10. W marcu 2016 r. [&hellip;]<\/p>\n","protected":false},"author":4,"featured_media":83826,"comment_status":"closed","ping_status":"closed","sticky":false,"template":"","format":"standard","meta":{"_monsterinsights_skip_tracking":false,"_monsterinsights_sitenote_active":false,"_monsterinsights_sitenote_note":"","_monsterinsights_sitenote_category":0,"footnotes":"","_links_to":"","_links_to_target":""},"categories":[8,1],"tags":[],"class_list":["post-83825","post","type-post","status-publish","format-standard","has-post-thumbnail","hentry","category-referendum","category-wszystko"],"_links":{"self":[{"href":"https:\/\/www.24zabrze.pl\/wiadomosci\/wp-json\/wp\/v2\/posts\/83825","targetHints":{"allow":["GET"]}}],"collection":[{"href":"https:\/\/www.24zabrze.pl\/wiadomosci\/wp-json\/wp\/v2\/posts"}],"about":[{"href":"https:\/\/www.24zabrze.pl\/wiadomosci\/wp-json\/wp\/v2\/types\/post"}],"author":[{"embeddable":true,"href":"https:\/\/www.24zabrze.pl\/wiadomosci\/wp-json\/wp\/v2\/users\/4"}],"replies":[{"embeddable":true,"href":"https:\/\/www.24zabrze.pl\/wiadomosci\/wp-json\/wp\/v2\/comments?post=83825"}],"version-history":[{"count":1,"href":"https:\/\/www.24zabrze.pl\/wiadomosci\/wp-json\/wp\/v2\/posts\/83825\/revisions"}],"predecessor-version":[{"id":83827,"href":"https:\/\/www.24zabrze.pl\/wiadomosci\/wp-json\/wp\/v2\/posts\/83825\/revisions\/83827"}],"wp:featuredmedia":[{"embeddable":true,"href":"https:\/\/www.24zabrze.pl\/wiadomosci\/wp-json\/wp\/v2\/media\/83826"}],"wp:attachment":[{"href":"https:\/\/www.24zabrze.pl\/wiadomosci\/wp-json\/wp\/v2\/media?parent=83825"}],"wp:term":[{"taxonomy":"category","embeddable":true,"href":"https:\/\/www.24zabrze.pl\/wiadomosci\/wp-json\/wp\/v2\/categories?post=83825"},{"taxonomy":"post_tag","embeddable":true,"href":"https:\/\/www.24zabrze.pl\/wiadomosci\/wp-json\/wp\/v2\/tags?post=83825"}],"curies":[{"name":"wp","href":"https:\/\/api.w.org\/{rel}","templated":true}]}}