{"id":83195,"date":"2019-09-26T17:14:04","date_gmt":"2019-09-26T16:14:04","guid":{"rendered":"http:\/\/www.24zabrze.pl\/wiadomosci\/?p=83195"},"modified":"2019-09-26T17:14:04","modified_gmt":"2019-09-26T16:14:04","slug":"premier-mateusz-morawiecki-odwiedzil-zabrze-wizytowal-slaskie-centrum-chorob-serca","status":"publish","type":"post","link":"https:\/\/www.24zabrze.pl\/wiadomosci\/premier-mateusz-morawiecki-odwiedzil-zabrze-wizytowal-slaskie-centrum-chorob-serca\/","title":{"rendered":"Premier Mateusz Morawiecki odwiedzi\u0142 Zabrze. Wizytowa\u0142 \u015al\u0105skie Centrum Chor\u00f3b Serca"},"content":{"rendered":"<div class=\"zabrz-a6-z-nad-leadem-artykulow zabrz-entity-placement\" id=\"zabrz-988019990\"><div class=\"zabrz-adlabel\"><span style=\"font-size: 9px\">REKLAMA<\/span><\/div><div id=\"zabrz-3260123938\" style=\"margin-bottom: 30px;margin-left: auto;margin-right: auto;text-align: center;\"><a data-no-instant=\"1\" href=\"https:\/\/dom100.eu\/\" rel=\"noopener\" class=\"a2t-link\" target=\"_blank\" aria-label=\"20260415 DOM100 D\"><img loading=\"lazy\" decoding=\"async\" src=\"https:\/\/www.24zabrze.pl\/wiadomosci\/wp-content\/uploads\/2026\/02\/20260415-DOM100-D.jpg\" alt=\"\"  srcset=\"https:\/\/www.24zabrze.pl\/wiadomosci\/wp-content\/uploads\/2026\/02\/20260415-DOM100-D.jpg 750w, https:\/\/www.24zabrze.pl\/wiadomosci\/wp-content\/uploads\/2026\/02\/20260415-DOM100-D-410x109.jpg 410w\" sizes=\"(max-width: 750px) 100vw, 750px\" class=\"no-lazyload\" width=\"750\" height=\"200\"  style=\"display: inline-block; max-width: 100%; height: auto;\" \/><\/a><\/div><\/div><h3>Zabrze odwiedzi\u0142 w czwartek premier Mateusz Morawiecki. Spotkanie, kt\u00f3re odby\u0142o si\u0119 w \u015al\u0105skim Centrum Chor\u00f3b Serca po\u015bwi\u0119cone by\u0142o dokonaniom medycyny na \u015al\u0105sku. Nasz region zdecydowanie ma si\u0119 czym pochwali\u0107 w tej materii.<\/h3>\n<p>W spotkaniu udzia\u0142 wzi\u0119li m.in.: wojewoda \u015bl\u0105ski <strong>Jaros\u0142aw Wieczorek<\/strong>, marsza\u0142ek wojew\u00f3dztwa \u015bl\u0105skiego <strong>Jakub Che\u0142stowski<\/strong>, wicemarsza\u0142ek wojew\u00f3dztwa \u015bl\u0105skiego <strong>Dariusz Starzycki<\/strong>, przewodnicz\u0105cy Sejmiku Wojew\u00f3dztwa \u015al\u0105skiego <strong>Jan Kawulok<\/strong>, prezydent Zabrza <strong>Ma\u0142gorzata Ma\u0144ka-Szulik<\/strong>, dyrektor \u015al\u0105skiego Centrum Chor\u00f3b Serca prof. <strong>Marian Zembala<\/strong>, prezes zarz\u0105du \u015al\u0105skiego Parku Technologii Medycznych Kardio-Med Silesia <strong>Adam Konka<\/strong>, przedstawiciele uczelni wy\u017cszych, instytucji i o\u015brodk\u00f3w medycznych z terenu wojew\u00f3dztwa \u015bl\u0105skiego.<\/p><div class=\"zabrz-a3-z-w-tresci-artykulow zabrz-entity-placement\" id=\"zabrz-3266390293\"><div class=\"zabrz-adlabel\"><span style=\"font-size: 9px\">REKLAMA<\/span><\/div><div id=\"zabrz-2591999148\" style=\"margin-bottom: 40px;margin-left: auto;margin-right: auto;text-align: center;\"><a data-no-instant=\"1\" href=\"https:\/\/ogrodyandersa.pl\/\" rel=\"noopener\" class=\"a2t-link\" target=\"_blank\" aria-label=\"20260415 Ogrody Andersa WYBIERZ MIESZKANIE D\"><img loading=\"lazy\" decoding=\"async\" src=\"https:\/\/www.24zabrze.pl\/wiadomosci\/wp-content\/uploads\/2026\/02\/20260415-Ogrody-Andersa-WYBIERZ-MIESZKANIE-D.jpg\" alt=\"\"  srcset=\"https:\/\/www.24zabrze.pl\/wiadomosci\/wp-content\/uploads\/2026\/02\/20260415-Ogrody-Andersa-WYBIERZ-MIESZKANIE-D.jpg 750w, https:\/\/www.24zabrze.pl\/wiadomosci\/wp-content\/uploads\/2026\/02\/20260415-Ogrody-Andersa-WYBIERZ-MIESZKANIE-D-410x109.jpg 410w\" sizes=\"(max-width: 750px) 100vw, 750px\" class=\"no-lazyload\" width=\"750\" height=\"200\"  style=\"display: inline-block; max-width: 100%; height: auto;\" \/><\/a><\/div><\/div>\n<h3>Prof. Marian Zembala opowiedzia\u0142 o dzia\u0142alno\u015bci \u015al\u0105skiego Centrum Chor\u00f3b Serca w Zabrzu \u2013 uznanego szpitala kardiologiczno-kardiochirurgicznego, nale\u017c\u0105cego do wiod\u0105cych o\u015brodk\u00f3w w Polsce.<\/h3>\n<p>Podkre\u015bli\u0142, \u017ce za wysoki poziom us\u0142ug, jakie oferuje Centrum, odpowiada wiele czynnik\u00f3w, w tym m.in. zesp\u00f3\u0142 sk\u0142adaj\u0105cy si\u0119 z utalentowanych, \u015bwietnie wyszkolonych lekarzy, piel\u0119gniarek oraz personelu medycznego, dla kt\u00f3rych pacjent jest zawsze najwa\u017cniejszy; bardzo dobre warunki por\u00f3wnywalne z najlepszymi europejskimi oraz \u015bwiatowymi o\u015brodkami; najnowocze\u015bniejszy sprz\u0119t medyczny czy te\u017c nowoczesna organizacja procesu diagnostycznego i leczenia. To w\u0142a\u015bnie tutaj dokonano pierwszego w Polsce przeszczepu serca u osoby doros\u0142ej i u dziecka.<\/p>\n<p>Podczas spotkania \u015bl\u0105scy lekarze przedstawili premierowi osi\u0105gni\u0119cia swoich zespo\u0142\u00f3w. Opr\u00f3cz wysokiej pozycji \u015aCCS m\u00f3wiono r\u00f3wnie\u017c m.in. o pionierskich metodach leczenia stosowanych w Centrum Onkologii w Gliwicach czy 160 operacjach na p\u0142odach z przepuklin\u0105 oponowo-rdzeniow\u0105, przeprowadzonych w Bytomiu. <\/p>\n<p>(\u017cms)\/UM Zabrze<br \/>\nfot. \u015al\u0105ski Urz\u0105d Wojew\u00f3dzki<\/p>\n","protected":false},"excerpt":{"rendered":"<p>Zabrze odwiedzi\u0142 w czwartek premier Mateusz Morawiecki. Spotkanie, kt\u00f3re odby\u0142o si\u0119 w \u015al\u0105skim Centrum Chor\u00f3b Serca po\u015bwi\u0119cone by\u0142o dokonaniom medycyny na \u015al\u0105sku. Nasz region zdecydowanie ma si\u0119 czym pochwali\u0107 w tej materii. W spotkaniu udzia\u0142 wzi\u0119li m.in.: wojewoda \u015bl\u0105ski Jaros\u0142aw Wieczorek, marsza\u0142ek wojew\u00f3dztwa \u015bl\u0105skiego Jakub Che\u0142stowski, wicemarsza\u0142ek wojew\u00f3dztwa \u015bl\u0105skiego Dariusz Starzycki, przewodnicz\u0105cy Sejmiku Wojew\u00f3dztwa \u015al\u0105skiego [&hellip;]<\/p>\n","protected":false},"author":17,"featured_media":83197,"comment_status":"closed","ping_status":"closed","sticky":false,"template":"","format":"standard","meta":{"_monsterinsights_skip_tracking":false,"_monsterinsights_sitenote_active":false,"_monsterinsights_sitenote_note":"","_monsterinsights_sitenote_category":0,"footnotes":"","_links_to":"","_links_to_target":""},"categories":[8,1],"tags":[],"class_list":["post-83195","post","type-post","status-publish","format-standard","has-post-thumbnail","hentry","category-referendum","category-wszystko"],"_links":{"self":[{"href":"https:\/\/www.24zabrze.pl\/wiadomosci\/wp-json\/wp\/v2\/posts\/83195","targetHints":{"allow":["GET"]}}],"collection":[{"href":"https:\/\/www.24zabrze.pl\/wiadomosci\/wp-json\/wp\/v2\/posts"}],"about":[{"href":"https:\/\/www.24zabrze.pl\/wiadomosci\/wp-json\/wp\/v2\/types\/post"}],"author":[{"embeddable":true,"href":"https:\/\/www.24zabrze.pl\/wiadomosci\/wp-json\/wp\/v2\/users\/17"}],"replies":[{"embeddable":true,"href":"https:\/\/www.24zabrze.pl\/wiadomosci\/wp-json\/wp\/v2\/comments?post=83195"}],"version-history":[{"count":2,"href":"https:\/\/www.24zabrze.pl\/wiadomosci\/wp-json\/wp\/v2\/posts\/83195\/revisions"}],"predecessor-version":[{"id":83198,"href":"https:\/\/www.24zabrze.pl\/wiadomosci\/wp-json\/wp\/v2\/posts\/83195\/revisions\/83198"}],"wp:featuredmedia":[{"embeddable":true,"href":"https:\/\/www.24zabrze.pl\/wiadomosci\/wp-json\/wp\/v2\/media\/83197"}],"wp:attachment":[{"href":"https:\/\/www.24zabrze.pl\/wiadomosci\/wp-json\/wp\/v2\/media?parent=83195"}],"wp:term":[{"taxonomy":"category","embeddable":true,"href":"https:\/\/www.24zabrze.pl\/wiadomosci\/wp-json\/wp\/v2\/categories?post=83195"},{"taxonomy":"post_tag","embeddable":true,"href":"https:\/\/www.24zabrze.pl\/wiadomosci\/wp-json\/wp\/v2\/tags?post=83195"}],"curies":[{"name":"wp","href":"https:\/\/api.w.org\/{rel}","templated":true}]}}