{"id":83002,"date":"2019-09-09T20:57:38","date_gmt":"2019-09-09T19:57:38","guid":{"rendered":"http:\/\/www.24zabrze.pl\/wiadomosci\/?p=83002"},"modified":"2019-09-09T20:57:38","modified_gmt":"2019-09-09T19:57:38","slug":"wojewoda-dzieli-srodki-na-przebudowy-drog-11-milionow-zlotych-wlasnie-trafilo-do-zabrza","status":"publish","type":"post","link":"https:\/\/www.24zabrze.pl\/wiadomosci\/wojewoda-dzieli-srodki-na-przebudowy-drog-11-milionow-zlotych-wlasnie-trafilo-do-zabrza\/","title":{"rendered":"Wojewoda dzieli \u015brodki na przebudowy dr\u00f3g. 11 milion\u00f3w z\u0142otych w\u0142a\u015bnie trafi\u0142o do Zabrza"},"content":{"rendered":"<div class=\"zabrz-a6-z-nad-leadem-artykulow zabrz-entity-placement\" id=\"zabrz-4071606766\"><div class=\"zabrz-adlabel\"><span style=\"font-size: 9px\">REKLAMA<\/span><\/div><div id=\"zabrz-1549804770\" style=\"margin-bottom: 30px;margin-left: auto;margin-right: auto;text-align: center;\"><a data-no-instant=\"1\" href=\"https:\/\/dom100.eu\/\" rel=\"noopener\" class=\"a2t-link\" target=\"_blank\" aria-label=\"20260415 DOM100 D\"><img loading=\"lazy\" decoding=\"async\" src=\"https:\/\/www.24zabrze.pl\/wiadomosci\/wp-content\/uploads\/2026\/02\/20260415-DOM100-D.jpg\" alt=\"\"  srcset=\"https:\/\/www.24zabrze.pl\/wiadomosci\/wp-content\/uploads\/2026\/02\/20260415-DOM100-D.jpg 750w, https:\/\/www.24zabrze.pl\/wiadomosci\/wp-content\/uploads\/2026\/02\/20260415-DOM100-D-410x109.jpg 410w\" sizes=\"(max-width: 750px) 100vw, 750px\" class=\"no-lazyload\" width=\"750\" height=\"200\"  style=\"display: inline-block; max-width: 100%; height: auto;\" \/><\/a><\/div><\/div><h3>U zbiegu ulic Roosevelta i Pi\u0142sudskiego powstanie rondo. Zabrze pozyska\u0142o na ten cel ponad 11 mln z\u0142 dofinansowania w ramach Funduszu Dr\u00f3g Samorz\u0105dowych. Symboliczny czek opiewaj\u0105cy na t\u0119 kwot\u0119 przekaza\u0142 osobi\u015bcie wojewoda Jaros\u0142aw Wieczorek.<\/h3>\n<p>W spotkaniu, kt\u00f3re odby\u0142o si\u0119 w poniedzia\u0142ek w zabrza\u0144skim magistracie, opr\u00f3cz prezydent <strong>Ma\u0142gorzaty Ma\u0144ki-Szulik<\/strong> i wojewody, udzia\u0142 wzi\u0119li r\u00f3wnie\u017c: zast\u0119pca prezydenta Miasta Zabrze <strong>Krzysztof Lewandowski<\/strong>, radna Sejmiku Wojew\u00f3dztwa \u015al\u0105skiego <strong>Alina Nowak<\/strong>, radny Sejmiku Wojew\u00f3dztwa \u015al\u0105skiego<strong> Bart\u0142omiej Kowalski<\/strong>, pose\u0142 na Sejm RP <strong>Jaros\u0142aw Gonciarz<\/strong>, pose\u0142 na Sejm RP <strong>Wojciech Szarama<\/strong>, dyrektor Miejskiego Zarz\u0105du Dr\u00f3g i Infrastruktury Informatycznej w Zabrzu <strong>Danuta Bochy\u0144ska-Podloch<\/strong> oraz naczelnik Wydzia\u0142u Realizacji Projekt\u00f3w UM w Zabrzu <strong>Gra\u017cyna Szczepa\u0144ska-Wabnic<\/strong>. Kwota, kt\u00f3r\u0105 pozyska\u0142o Zabrze z Funduszu Dr\u00f3g Samorz\u0105dowych pozwoli na kontynuacj\u0119 wa\u017cnych dla miasta i regionu inwestycji drogowych. <\/p><div class=\"zabrz-a3-z-w-tresci-artykulow zabrz-entity-placement\" id=\"zabrz-672005739\"><div class=\"zabrz-adlabel\"><span style=\"font-size: 9px\">REKLAMA<\/span><\/div><div id=\"zabrz-2764609572\" style=\"margin-bottom: 40px;margin-left: auto;margin-right: auto;text-align: center;\"><a data-no-instant=\"1\" href=\"https:\/\/ogrodyandersa.pl\/\" rel=\"noopener\" class=\"a2t-link\" target=\"_blank\" aria-label=\"20260415 Ogrody Andersa WYBIERZ MIESZKANIE D\"><img loading=\"lazy\" decoding=\"async\" src=\"https:\/\/www.24zabrze.pl\/wiadomosci\/wp-content\/uploads\/2026\/02\/20260415-Ogrody-Andersa-WYBIERZ-MIESZKANIE-D.jpg\" alt=\"\"  srcset=\"https:\/\/www.24zabrze.pl\/wiadomosci\/wp-content\/uploads\/2026\/02\/20260415-Ogrody-Andersa-WYBIERZ-MIESZKANIE-D.jpg 750w, https:\/\/www.24zabrze.pl\/wiadomosci\/wp-content\/uploads\/2026\/02\/20260415-Ogrody-Andersa-WYBIERZ-MIESZKANIE-D-410x109.jpg 410w\" sizes=\"(max-width: 750px) 100vw, 750px\" class=\"no-lazyload\" width=\"750\" height=\"200\"  style=\"display: inline-block; max-width: 100%; height: auto;\" \/><\/a><\/div><\/div>\n<h3>Dofinansowanie przeznaczone zostanie na budow\u0119 ronda przy skrzy\u017cowaniu ul. Pi\u0142sudskiego i Roosevelta.<\/h3>\n<p>&#8211; To bardzo wa\u017cna, wr\u0119cz priorytetowa inwestycja dla mieszka\u0144c\u00f3w naszego miasta. Po sze\u015bciu podej\u015bciach uda\u0142o si\u0119 nam pozyska\u0107 \u015brodki, kt\u00f3re pozwol\u0105 na wykonanie ronda przy skrzy\u017cowaniu ulic Pi\u0142sudskiego i Roosevelta \u2013 komentuje prezydent Zabrza Ma\u0142gorzata Ma\u0144ka-Szulik. \u2013 Monta\u017c finansowy, kt\u00f3ry miasto przygotowuje realizuj\u0105c zadania inwestycyjne jest bardzo subtelnie tworzony, st\u0105d te\u017c te \u015brodki maj\u0105 dla nas olbrzymie znaczenie.<\/p>\n<p>Zabrze konsekwentnie modernizuje sw\u00f3j uk\u0142ad komunikacyjny. Trwa w\u0142a\u015bnie przebudowa ulicy Pi\u0142sudskiego &#8211; to jedna z najwa\u017cniejszych inwestycji drogowych, jakie zrealizowane zostan\u0105 w Zabrzu w najbli\u017cszym czasie. <\/p>\n<h3>Pierwszy etap modernizacji ul. Pi\u0142sudskiego, od ul. Roosevelta do wiaduktu przy II LO, to koszt 8,2 mln z\u0142 brutto.<\/h3>\n<p>Ekipy budowlane pojawiaj\u0105 si\u0119, lub wkr\u00f3tce pojawi\u0105, r\u00f3wnie\u017c w innych cz\u0119\u015bciach miasta. Niedawno oddano do u\u017cytku ul. Neptuna, a aktualnie trwa m.in. budowa ul. Jowisza i ul. Lawendowej. W sierpniu oddano do u\u017cytku wiadukt nad ul. Hagera, kt\u00f3rego gruntowny remont kosztowa\u0142 4,3 mln z\u0142 brutto, z czego 1 mln z\u0142 stanowi\u0142o pozyskane przez miasto dofinansowanie z bud\u017cetu pa\u0144stwa. To kontynuacja trwaj\u0105cych ju\u017c od lat przedsi\u0119wzi\u0119\u0107, dzi\u0119ki kt\u00f3rym poruszanie si\u0119 samochodem po Zabrzu stanie si\u0119 bezpieczne i wygodne.<\/p>\n<p>(\u017cms)\/UM Zabrze<br \/>\nfot. scr. Google Maps<\/p>\n<p><iframe loading=\"lazy\" src=\"https:\/\/www.google.com\/maps\/embed?pb=!4v1568036193635!6m8!1m7!1sPbKUjbS_2z2T4SQ3O03xXA!2m2!1d50.29492406623901!2d18.76525675326664!3f167.09551803297728!4f4.131649196012049!5f0.7820865974627469\" width=\"810\" height=\"455\" frameborder=\"0\" style=\"border:0;\" allowfullscreen=\"\"><\/iframe><\/p>\n","protected":false},"excerpt":{"rendered":"<p>U zbiegu ulic Roosevelta i Pi\u0142sudskiego powstanie rondo. Zabrze pozyska\u0142o na ten cel ponad 11 mln z\u0142 dofinansowania w ramach Funduszu Dr\u00f3g Samorz\u0105dowych. Symboliczny czek opiewaj\u0105cy na t\u0119 kwot\u0119 przekaza\u0142 osobi\u015bcie wojewoda Jaros\u0142aw Wieczorek. W spotkaniu, kt\u00f3re odby\u0142o si\u0119 w poniedzia\u0142ek w zabrza\u0144skim magistracie, opr\u00f3cz prezydent Ma\u0142gorzaty Ma\u0144ki-Szulik i wojewody, udzia\u0142 wzi\u0119li r\u00f3wnie\u017c: zast\u0119pca prezydenta [&hellip;]<\/p>\n","protected":false},"author":17,"featured_media":83006,"comment_status":"closed","ping_status":"closed","sticky":false,"template":"","format":"standard","meta":{"_monsterinsights_skip_tracking":false,"_monsterinsights_sitenote_active":false,"_monsterinsights_sitenote_note":"","_monsterinsights_sitenote_category":0,"footnotes":"","_links_to":"","_links_to_target":""},"categories":[8,9,1],"tags":[],"class_list":["post-83002","post","type-post","status-publish","format-standard","has-post-thumbnail","hentry","category-referendum","category-stronaglowna","category-wszystko"],"_links":{"self":[{"href":"https:\/\/www.24zabrze.pl\/wiadomosci\/wp-json\/wp\/v2\/posts\/83002","targetHints":{"allow":["GET"]}}],"collection":[{"href":"https:\/\/www.24zabrze.pl\/wiadomosci\/wp-json\/wp\/v2\/posts"}],"about":[{"href":"https:\/\/www.24zabrze.pl\/wiadomosci\/wp-json\/wp\/v2\/types\/post"}],"author":[{"embeddable":true,"href":"https:\/\/www.24zabrze.pl\/wiadomosci\/wp-json\/wp\/v2\/users\/17"}],"replies":[{"embeddable":true,"href":"https:\/\/www.24zabrze.pl\/wiadomosci\/wp-json\/wp\/v2\/comments?post=83002"}],"version-history":[{"count":6,"href":"https:\/\/www.24zabrze.pl\/wiadomosci\/wp-json\/wp\/v2\/posts\/83002\/revisions"}],"predecessor-version":[{"id":83009,"href":"https:\/\/www.24zabrze.pl\/wiadomosci\/wp-json\/wp\/v2\/posts\/83002\/revisions\/83009"}],"wp:featuredmedia":[{"embeddable":true,"href":"https:\/\/www.24zabrze.pl\/wiadomosci\/wp-json\/wp\/v2\/media\/83006"}],"wp:attachment":[{"href":"https:\/\/www.24zabrze.pl\/wiadomosci\/wp-json\/wp\/v2\/media?parent=83002"}],"wp:term":[{"taxonomy":"category","embeddable":true,"href":"https:\/\/www.24zabrze.pl\/wiadomosci\/wp-json\/wp\/v2\/categories?post=83002"},{"taxonomy":"post_tag","embeddable":true,"href":"https:\/\/www.24zabrze.pl\/wiadomosci\/wp-json\/wp\/v2\/tags?post=83002"}],"curies":[{"name":"wp","href":"https:\/\/api.w.org\/{rel}","templated":true}]}}