{"id":81990,"date":"2019-03-07T00:52:54","date_gmt":"2019-03-06T23:52:54","guid":{"rendered":"http:\/\/www.24zabrze.pl\/wiadomosci\/?p=81990"},"modified":"2019-03-07T00:52:54","modified_gmt":"2019-03-06T23:52:54","slug":"w-zabrzu-powstanie-osrodek-readaptacyjny-dla-bylych-wiezniow-to-pierwsza-taka-placowka-w-polsce","status":"publish","type":"post","link":"https:\/\/www.24zabrze.pl\/wiadomosci\/w-zabrzu-powstanie-osrodek-readaptacyjny-dla-bylych-wiezniow-to-pierwsza-taka-placowka-w-polsce\/","title":{"rendered":"W Zabrzu powstanie O\u015brodek Readaptacyjny dla by\u0142ych wi\u0119\u017ani\u00f3w. To pierwsza taka plac\u00f3wka w Polsce"},"content":{"rendered":"<div class=\"zabrz-a6-z-nad-leadem-artykulow zabrz-entity-placement\" id=\"zabrz-3222157189\"><div class=\"zabrz-adlabel\"><span style=\"font-size: 9px\">REKLAMA<\/span><\/div><div id=\"zabrz-448471856\" style=\"margin-bottom: 30px;margin-left: auto;margin-right: auto;text-align: center;\"><a data-no-instant=\"1\" href=\"https:\/\/dom100.eu\/\" rel=\"noopener\" class=\"a2t-link\" target=\"_blank\" aria-label=\"20260415 DOM100 D\"><img loading=\"lazy\" decoding=\"async\" src=\"https:\/\/www.24zabrze.pl\/wiadomosci\/wp-content\/uploads\/2026\/02\/20260415-DOM100-D.jpg\" alt=\"\"  srcset=\"https:\/\/www.24zabrze.pl\/wiadomosci\/wp-content\/uploads\/2026\/02\/20260415-DOM100-D.jpg 750w, https:\/\/www.24zabrze.pl\/wiadomosci\/wp-content\/uploads\/2026\/02\/20260415-DOM100-D-410x109.jpg 410w\" sizes=\"(max-width: 750px) 100vw, 750px\" class=\"no-lazyload\" width=\"750\" height=\"200\"  style=\"display: inline-block; max-width: 100%; height: auto;\" \/><\/a><\/div><\/div><h3>W zabrza\u0144skim ratuszu podpisano porozumienie, na mocy kt\u00f3rego powstanie Spo\u0142eczny O\u015brodek Readaptacyjny dla by\u0142ych wi\u0119\u017ani\u00f3w. Ma on pomaga\u0107 im wr\u00f3ci\u0107 do spo\u0142ecze\u0144stwa i by\u0107 inspiracj\u0105 dla powstania podobnych plac\u00f3wek w ca\u0142ej Polsce.<\/h3>\n<p>Porozumienie o partnerstwie na rzecz rozwoju tej plac\u00f3wki w Zabrzu podpisali przedstawiciele Fundacji Rozwoju Katolickiego Uniwersytetu Lubelskiego, Fundacji Pomost oraz w\u0142adze samorz\u0105dowe reprezentowane przez cz\u0142onk\u00f3w Zarz\u0105du Wojew\u00f3dztwa \u015al\u0105skiego <strong>Izabel\u0119 Domoga\u0142\u0119 i Micha\u0142a Wosia<\/strong> oraz prezydent Zabrza <strong>Ma\u0142gorzat\u0119 Ma\u0144k\u0119-Szulik<\/strong>.<\/p><div class=\"zabrz-a3-z-w-tresci-artykulow zabrz-entity-placement\" id=\"zabrz-999450735\"><div class=\"zabrz-adlabel\"><span style=\"font-size: 9px\">REKLAMA<\/span><\/div><div id=\"zabrz-1285285366\" style=\"margin-bottom: 40px;margin-left: auto;margin-right: auto;text-align: center;\"><a data-no-instant=\"1\" href=\"https:\/\/ogrodyandersa.pl\/\" rel=\"noopener\" class=\"a2t-link\" target=\"_blank\" aria-label=\"20260415 Ogrody Andersa WYBIERZ MIESZKANIE D\"><img loading=\"lazy\" decoding=\"async\" src=\"https:\/\/www.24zabrze.pl\/wiadomosci\/wp-content\/uploads\/2026\/02\/20260415-Ogrody-Andersa-WYBIERZ-MIESZKANIE-D.jpg\" alt=\"\"  srcset=\"https:\/\/www.24zabrze.pl\/wiadomosci\/wp-content\/uploads\/2026\/02\/20260415-Ogrody-Andersa-WYBIERZ-MIESZKANIE-D.jpg 750w, https:\/\/www.24zabrze.pl\/wiadomosci\/wp-content\/uploads\/2026\/02\/20260415-Ogrody-Andersa-WYBIERZ-MIESZKANIE-D-410x109.jpg 410w\" sizes=\"(max-width: 750px) 100vw, 750px\" class=\"no-lazyload\" width=\"750\" height=\"200\"  style=\"display: inline-block; max-width: 100%; height: auto;\" \/><\/a><\/div><\/div>\n<p><em>\u201eJestem dumna, \u017ce Wojew\u00f3dztwo \u015al\u0105skie mo\u017ce by\u0107 partnerem tego projektu. Dla nas liczy si\u0119 efektywno\u015b\u0107, a ta w przypadku zabrza\u0144skiego o\u015brodka, prowadzonego przez fundacj\u0119 Pomost, wynosi 70 procent. Tyle os\u00f3b maj\u0105cych konflikt z prawem wraca na w\u0142a\u015bciw\u0105 drog\u0119. To jest projekt, kt\u00f3ry powinni\u015bmy pokazywa\u0107 jako przyk\u0142ad innowacyjnych rozwi\u0105za\u0144 i premiowa\u0107 podobne rozwi\u0105zania w nowej perspektywie unijnego finansowania\u201d<\/em> \u2013 m\u00f3wi\u0142a w trakcie uroczystego podpisania porozumienia cz\u0142onek Zarz\u0105du Wojew\u00f3dztwa \u015al\u0105skiego Izabela Domoga\u0142a.<\/p>\n<p>Celem g\u0142\u00f3wnym porozumienia jest wsparcie rozwoju zabrza\u0144skiego o\u015brodka i zapewnienie mu stabilnego finansowania, a w szerszym kontek\u015bcie wzmocnienie procesu readaptacji spo\u0142eczno-zawodowej podopiecznych Spo\u0142ecznego O\u015brodka Readaptacyjnego (SOR) oraz doskonalenie wiedzy i do\u015bwiadczenia pracownik\u00f3w w zakresie profesjonalnych dzia\u0142a\u0144 i udzielanej pomocy by\u0142ym wi\u0119\u017aniom i ich rodzinom.<\/p>\n<p><em>\u201eZdajemy sobie spraw\u0119, jak istotne jest wsparcie kompleksowe i wsp\u00f3\u0142praca instytucji w pomocy by\u0142ym wi\u0119\u017aniom i ich powrocie na dobr\u0105 \u015bcie\u017ck\u0119. Mam nadziej\u0119, \u017ce ten wz\u00f3r b\u0119dzie powielany na ca\u0142y kraj, a mog\u0119 zapewni\u0107, \u017ce projekt mo\u017ce liczy\u0107 na przychylno\u015b\u0107 ze strony ministra sprawiedliwo\u015bci. Praca z wi\u0119\u017aniami jest niezwykle trudna, tym bardziej cieszy zaanga\u017cowanie s\u0142u\u017cby wi\u0119ziennej. Ta inicjatywa jest po prostu skuteczna\u201d<\/em> \u2013 t\u0142umaczy\u0142 Micha\u0142 Wo\u015b, cz\u0142onek Zarz\u0105du Wojew\u00f3dztwa \u015al\u0105skiego.<\/p>\n[perfectpullquote align=&#8221;full&#8221; bordertop=&#8221;false&#8221; cite=&#8221;&#8221; link=&#8221;&#8221; color=&#8221;&#8221; class=&#8221;&#8221; size=&#8221;&#8221;]Spo\u0142eczny O\u015brodek Readaptacyjny w Zabrzu to pierwsza taka plac\u00f3wka w Polsce. Projekt ma by\u0107 realizowany na bazie do\u015bwiadcze\u0144 Fundacji Pomost z Zabrza, kt\u00f3ra ma ogromne do\u015bwiadczenie w pracy z wi\u0119\u017aniami.[\/perfectpullquote]\n<p>Docelowo w ca\u0142ym kraju ma powsta\u0107 16 takich o\u015brodk\u00f3w prowadzonych w ka\u017cdym z wojew\u00f3dztw przez organizacje pozarz\u0105dowe we wsp\u00f3\u0142pracy z Fundacj\u0105 Katolickiego Uniwersytetu Lubelskiego na zasadzie franczyzy spo\u0142ecznej. W Zabrzu mo\u017ce dzia\u0142a\u0107 tak\u017ce centrum szkoleniowe i doradcze w zakresie readaptacji.<\/p>\n<p>\u201ePokonali\u015bmy d\u0142ug\u0105 drog\u0119, tworz\u0105c ca\u0142\u0105 metodologi\u0119 pracy z osobami, kt\u00f3re mia\u0142y konflikt z prawem i kt\u00f3ra okaza\u0142a si\u0119 skuteczna. Uda\u0142o nam si\u0119 stworzy\u0107 system ukierunkowany na prac\u0119 z wi\u0119\u017aniami, kt\u00f3ry dzia\u0142a i przynosi dobre efekty. My\u015blimy o tym bardziej kompleksowo, mamy ambicj\u0119, by stworzy\u0107 tak\u017ce zaw\u00f3d specjalisty adaptacji i kszta\u0142ci\u0107 w tym kierunku\u201d \u2013 t\u0142umaczy\u0142 prezes Fundacji Pomost <strong>Edward Szeliga<\/strong>.<\/p>\n<p>(\u017cms)\/\u015bl\u0105skie.pl<br \/>\nfot. BP Tomasz \u017bak\/\u015bl\u0105skie.pl<\/p>\n","protected":false},"excerpt":{"rendered":"<p>W zabrza\u0144skim ratuszu podpisano porozumienie, na mocy kt\u00f3rego powstanie Spo\u0142eczny O\u015brodek Readaptacyjny dla by\u0142ych wi\u0119\u017ani\u00f3w. Ma on pomaga\u0107 im wr\u00f3ci\u0107 do spo\u0142ecze\u0144stwa i by\u0107 inspiracj\u0105 dla powstania podobnych plac\u00f3wek w ca\u0142ej Polsce. Porozumienie o partnerstwie na rzecz rozwoju tej plac\u00f3wki w Zabrzu podpisali przedstawiciele Fundacji Rozwoju Katolickiego Uniwersytetu Lubelskiego, Fundacji Pomost oraz w\u0142adze samorz\u0105dowe reprezentowane [&hellip;]<\/p>\n","protected":false},"author":17,"featured_media":81995,"comment_status":"closed","ping_status":"closed","sticky":false,"template":"","format":"standard","meta":{"_monsterinsights_skip_tracking":false,"_monsterinsights_sitenote_active":false,"_monsterinsights_sitenote_note":"","_monsterinsights_sitenote_category":0,"footnotes":"","_links_to":"","_links_to_target":""},"categories":[5,8,1],"tags":[2410],"class_list":["post-81990","post","type-post","status-publish","format-standard","has-post-thumbnail","hentry","category-prawo","category-referendum","category-wszystko","tag-malgorzata-manka-szulik"],"_links":{"self":[{"href":"https:\/\/www.24zabrze.pl\/wiadomosci\/wp-json\/wp\/v2\/posts\/81990","targetHints":{"allow":["GET"]}}],"collection":[{"href":"https:\/\/www.24zabrze.pl\/wiadomosci\/wp-json\/wp\/v2\/posts"}],"about":[{"href":"https:\/\/www.24zabrze.pl\/wiadomosci\/wp-json\/wp\/v2\/types\/post"}],"author":[{"embeddable":true,"href":"https:\/\/www.24zabrze.pl\/wiadomosci\/wp-json\/wp\/v2\/users\/17"}],"replies":[{"embeddable":true,"href":"https:\/\/www.24zabrze.pl\/wiadomosci\/wp-json\/wp\/v2\/comments?post=81990"}],"version-history":[{"count":5,"href":"https:\/\/www.24zabrze.pl\/wiadomosci\/wp-json\/wp\/v2\/posts\/81990\/revisions"}],"predecessor-version":[{"id":81996,"href":"https:\/\/www.24zabrze.pl\/wiadomosci\/wp-json\/wp\/v2\/posts\/81990\/revisions\/81996"}],"wp:featuredmedia":[{"embeddable":true,"href":"https:\/\/www.24zabrze.pl\/wiadomosci\/wp-json\/wp\/v2\/media\/81995"}],"wp:attachment":[{"href":"https:\/\/www.24zabrze.pl\/wiadomosci\/wp-json\/wp\/v2\/media?parent=81990"}],"wp:term":[{"taxonomy":"category","embeddable":true,"href":"https:\/\/www.24zabrze.pl\/wiadomosci\/wp-json\/wp\/v2\/categories?post=81990"},{"taxonomy":"post_tag","embeddable":true,"href":"https:\/\/www.24zabrze.pl\/wiadomosci\/wp-json\/wp\/v2\/tags?post=81990"}],"curies":[{"name":"wp","href":"https:\/\/api.w.org\/{rel}","templated":true}]}}