{"id":81860,"date":"2019-02-04T01:52:41","date_gmt":"2019-02-04T00:52:41","guid":{"rendered":"http:\/\/www.24zabrze.pl\/wiadomosci\/?p=81860"},"modified":"2019-02-04T01:52:41","modified_gmt":"2019-02-04T00:52:41","slug":"rowery-elektryczne-dla-urzednikow-policjantow-i-straznikow-miejskich-w-metropolii-10-trafi-do-zabrza","status":"publish","type":"post","link":"https:\/\/www.24zabrze.pl\/wiadomosci\/rowery-elektryczne-dla-urzednikow-policjantow-i-straznikow-miejskich-w-metropolii-10-trafi-do-zabrza\/","title":{"rendered":"Rowery elektryczne dla urz\u0119dnik\u00f3w, policjant\u00f3w i stra\u017cnik\u00f3w miejskich w Metropolii. 10 trafi do Zabrza"},"content":{"rendered":"<div class=\"zabrz-a6-z-nad-leadem-artykulow zabrz-entity-placement\" id=\"zabrz-1396753049\"><div class=\"zabrz-adlabel\"><span style=\"font-size: 9px\">REKLAMA<\/span><\/div><div id=\"zabrz-1182609062\" style=\"margin-bottom: 30px;margin-left: auto;margin-right: auto;text-align: center;\"><a data-no-instant=\"1\" href=\"https:\/\/dom100.eu\/\" rel=\"noopener\" class=\"a2t-link\" target=\"_blank\" aria-label=\"20260415 DOM100 D\"><img loading=\"lazy\" decoding=\"async\" src=\"https:\/\/www.24zabrze.pl\/wiadomosci\/wp-content\/uploads\/2026\/02\/20260415-DOM100-D.jpg\" alt=\"\"  srcset=\"https:\/\/www.24zabrze.pl\/wiadomosci\/wp-content\/uploads\/2026\/02\/20260415-DOM100-D.jpg 750w, https:\/\/www.24zabrze.pl\/wiadomosci\/wp-content\/uploads\/2026\/02\/20260415-DOM100-D-410x109.jpg 410w\" sizes=\"(max-width: 750px) 100vw, 750px\" class=\"no-lazyload\" width=\"750\" height=\"200\"  style=\"display: inline-block; max-width: 100%; height: auto;\" \/><\/a><\/div><\/div><h3>230 rower\u00f3w elektrycznych trafi do miast i gmin G\u00f3rno\u015bl\u0105sko-Zag\u0142\u0119biowskiej Metropolii. B\u0119d\u0105 s\u0142u\u017cy\u0107 urz\u0119dnikom, stra\u017cnikom miejskim oraz policjantom. Wszystko po to, aby promowa\u0107 zr\u00f3wnowa\u017con\u0105 mobilno\u015b\u0107 miejsk\u0105 i zdrowe nawyki.<\/h3>\n<p>Rowery maj\u0105 trafi\u0107 do gmin Metropolii jeszcze w tym roku. Kwota, jak\u0105 GZM planuje przeznaczy\u0107 na ten cel, wyniesie ok. 2 mln z\u0142.<\/p><div class=\"zabrz-a3-z-w-tresci-artykulow zabrz-entity-placement\" id=\"zabrz-2941880852\"><div class=\"zabrz-adlabel\"><span style=\"font-size: 9px\">REKLAMA<\/span><\/div><div id=\"zabrz-3487746767\" style=\"margin-bottom: 40px;margin-left: auto;margin-right: auto;text-align: center;\"><a data-no-instant=\"1\" href=\"https:\/\/ogrodyandersa.pl\/\" rel=\"noopener\" class=\"a2t-link\" target=\"_blank\" aria-label=\"20260415 Ogrody Andersa WYBIERZ MIESZKANIE D\"><img loading=\"lazy\" decoding=\"async\" src=\"https:\/\/www.24zabrze.pl\/wiadomosci\/wp-content\/uploads\/2026\/02\/20260415-Ogrody-Andersa-WYBIERZ-MIESZKANIE-D.jpg\" alt=\"\"  srcset=\"https:\/\/www.24zabrze.pl\/wiadomosci\/wp-content\/uploads\/2026\/02\/20260415-Ogrody-Andersa-WYBIERZ-MIESZKANIE-D.jpg 750w, https:\/\/www.24zabrze.pl\/wiadomosci\/wp-content\/uploads\/2026\/02\/20260415-Ogrody-Andersa-WYBIERZ-MIESZKANIE-D-410x109.jpg 410w\" sizes=\"(max-width: 750px) 100vw, 750px\" class=\"no-lazyload\" width=\"750\" height=\"200\"  style=\"display: inline-block; max-width: 100%; height: auto;\" \/><\/a><\/div><\/div>\n<p>Zasi\u0119g jazdy ze wspomaganiem do 60 km; bateria litowo-jonowa o pojemno\u015bci 500 Wh; waga nieprzekraczaj\u0105ca 33 kg; sakwy na baga\u017c oraz zapi\u0119cie rowerowe w formie blokady. To tylko kilka z wymaga\u0144, jakie musi spe\u0142ni\u0107 230 rower\u00f3w elektrycznych, kt\u00f3re jeszcze w tym roku maj\u0105 trafi\u0107 do urz\u0119dnik\u00f3w, policjant\u00f3w i stra\u017cnik\u00f3w miejskich z G\u00f3rno\u015bl\u0105sko-Zag\u0142\u0119biowskiej Metropolii.<\/p>\n<p>We wtorek (29 stycznia) Zgromadzenie GZM przyj\u0119\u0142o uchwa\u0142\u0119 w tej sprawie. Elektryczne rowery zostan\u0105 przekazane do 41 miast i gmin w ramach programu \u201eRowerem lub na kole\u201d, kt\u00f3rego celem jest zmiana nawyk\u00f3w transportowych.<\/p>\n<blockquote><p>Popularyzowanie rower\u00f3w jako r\u00f3wnorz\u0119dnego \u015brodka transportu stanowi jeden z element\u00f3w naszych dzia\u0142a\u0144 strategicznych do 2022 roku<\/p><\/blockquote>\n<p>\u2013 m\u00f3wi <strong>Karolina Wadowska<\/strong>, cz\u0142onek zarz\u0105du GZM.<\/p>\n<p>\u2013 Rowery zakupione przez Metropoli\u0119 zostan\u0105 przekazane gminom w oparciu o wnioski ws. udzielenia pomocy rzeczowej. Z rower\u00f3w b\u0119d\u0105 korzystali zar\u00f3wno urz\u0119dnicy, jak i przedstawiciele stra\u017cy miejskich czy policji. Chcemy w ten spos\u00f3b promowa\u0107 zr\u00f3wnowa\u017con\u0105 mobilno\u015b\u0107 miejsk\u0105 oraz zdrowe nawyki \u2013 dodaje.<\/p>\n<p><strong>Marcin Dworak<\/strong>, metropolitalny oficer rowerowy zauwa\u017ca, \u017ce \u015brednia odleg\u0142o\u015b\u0107 pokonywania przez mieszka\u0144c\u00f3w Metropolii w ramach podr\u00f3\u017cy obligatoryjnych, czyli z domu do pracy lub szko\u0142y i z powrotem, wynosi ok. 5,2 km.<\/p>\n<p>&#8211; Podr\u00f3\u017ce s\u0142u\u017cbowe nie powinny by\u0107 d\u0142u\u017csze, zatem s\u0142u\u017cbowy rower ze wspomaganiem elektrycznym wydaje si\u0119 idealnym rozwi\u0105zaniem. Zamawiamy rowery miejskie z pe\u0142nymi b\u0142otnikami, kt\u00f3re pozwalaj\u0105 na podr\u00f3\u017cowanie w pozycji wyprostowanej, w stroju oficjalnym. Dla mnie jazda na tego typu rowerze, to wysi\u0142ek na poziomie troch\u0119 szybszego marszu \u2013 m\u00f3wi Dworak.<\/p>\n[perfectpullquote align=&#8221;full&#8221; bordertop=&#8221;false&#8221; cite=&#8221;&#8221; link=&#8221;&#8221; color=&#8221;&#8221; class=&#8221;&#8221; size=&#8221;&#8221;]Najwi\u0119cej rower\u00f3w elektrycznych, bo 11, trafi do Katowic, natomiast po 10 do Bytomia, Gliwic, Zabrza i Sosnowca. Urz\u0119dnicy i przedstawiciele s\u0142u\u017cb mundurowych b\u0119d\u0105 z nich korzysta\u0107 jeszcze w tym roku.[\/perfectpullquote]\n<p>Dodajmy, \u017ce program \u201eRowerem lub na kole\u201d, to nie jedyne dzia\u0142anie Metropolii w zakresie polityki rowerowej. W\u015br\u00f3d nich znalaz\u0142o si\u0119 m.in. zaktualizowanie \u201eStandard\u00f3w i wytycznych kszta\u0142towania infrastruktury rowerowej\u201d. Celem tego dokumentu jest ujednolicenie standard\u00f3w, jakie powinny spe\u0142nia\u0107 drogi rowerowe w Metropolii. Chodzi tu m.in. o szeroko\u015b\u0107 jezdni czy rodzaj stosowanej nawierzchni.<\/p>\n<p>W minionym roku opracowane zosta\u0142o r\u00f3wnie\u017c \u201eStudium tras rowerowych\u201d, w kt\u00f3rym zaprezentowano \u201erowerowy uk\u0142ad krwiono\u015bny\u201d Metropolii, czyli propozycj\u0119 przebiegu ponad 1500 km dr\u00f3g rowerowych.<\/p>\n<p>Ponadto Metropolia planuje uruchomi\u0107 wypo\u017cyczalni\u0119 rower\u00f3w miejskich, kt\u00f3rej celem jest poszerzenie oferty transportowej i poprawa mobilno\u015b\u0107 jej mieszka\u0144c\u00f3w. W programie dzia\u0142a\u0144 strategicznych do roku 2022, na uruchomienie programu pilota\u017cowego Roweru Metropolitalnego przewidziano 23 mln z\u0142otych.<\/p>\n<p>fot. zdj. pogl\u0105dowe<\/p>\n","protected":false},"excerpt":{"rendered":"<p>230 rower\u00f3w elektrycznych trafi do miast i gmin G\u00f3rno\u015bl\u0105sko-Zag\u0142\u0119biowskiej Metropolii. B\u0119d\u0105 s\u0142u\u017cy\u0107 urz\u0119dnikom, stra\u017cnikom miejskim oraz policjantom. Wszystko po to, aby promowa\u0107 zr\u00f3wnowa\u017con\u0105 mobilno\u015b\u0107 miejsk\u0105 i zdrowe nawyki. Rowery maj\u0105 trafi\u0107 do gmin Metropolii jeszcze w tym roku. Kwota, jak\u0105 GZM planuje przeznaczy\u0107 na ten cel, wyniesie ok. 2 mln z\u0142. Zasi\u0119g jazdy ze wspomaganiem [&hellip;]<\/p>\n","protected":false},"author":4,"featured_media":81862,"comment_status":"closed","ping_status":"closed","sticky":false,"template":"","format":"standard","meta":{"_monsterinsights_skip_tracking":false,"_monsterinsights_sitenote_active":false,"_monsterinsights_sitenote_note":"","_monsterinsights_sitenote_category":0,"footnotes":"","_links_to":"","_links_to_target":""},"categories":[8,1],"tags":[],"class_list":["post-81860","post","type-post","status-publish","format-standard","has-post-thumbnail","hentry","category-referendum","category-wszystko"],"_links":{"self":[{"href":"https:\/\/www.24zabrze.pl\/wiadomosci\/wp-json\/wp\/v2\/posts\/81860","targetHints":{"allow":["GET"]}}],"collection":[{"href":"https:\/\/www.24zabrze.pl\/wiadomosci\/wp-json\/wp\/v2\/posts"}],"about":[{"href":"https:\/\/www.24zabrze.pl\/wiadomosci\/wp-json\/wp\/v2\/types\/post"}],"author":[{"embeddable":true,"href":"https:\/\/www.24zabrze.pl\/wiadomosci\/wp-json\/wp\/v2\/users\/4"}],"replies":[{"embeddable":true,"href":"https:\/\/www.24zabrze.pl\/wiadomosci\/wp-json\/wp\/v2\/comments?post=81860"}],"version-history":[{"count":2,"href":"https:\/\/www.24zabrze.pl\/wiadomosci\/wp-json\/wp\/v2\/posts\/81860\/revisions"}],"predecessor-version":[{"id":81863,"href":"https:\/\/www.24zabrze.pl\/wiadomosci\/wp-json\/wp\/v2\/posts\/81860\/revisions\/81863"}],"wp:featuredmedia":[{"embeddable":true,"href":"https:\/\/www.24zabrze.pl\/wiadomosci\/wp-json\/wp\/v2\/media\/81862"}],"wp:attachment":[{"href":"https:\/\/www.24zabrze.pl\/wiadomosci\/wp-json\/wp\/v2\/media?parent=81860"}],"wp:term":[{"taxonomy":"category","embeddable":true,"href":"https:\/\/www.24zabrze.pl\/wiadomosci\/wp-json\/wp\/v2\/categories?post=81860"},{"taxonomy":"post_tag","embeddable":true,"href":"https:\/\/www.24zabrze.pl\/wiadomosci\/wp-json\/wp\/v2\/tags?post=81860"}],"curies":[{"name":"wp","href":"https:\/\/api.w.org\/{rel}","templated":true}]}}