{"id":81560,"date":"2018-12-04T01:47:12","date_gmt":"2018-12-04T00:47:12","guid":{"rendered":"http:\/\/www.24zabrze.pl\/wiadomosci\/?p=81560"},"modified":"2018-12-04T01:47:12","modified_gmt":"2018-12-04T00:47:12","slug":"borys-borowka-z-pis-zostal-wiceprezydentem-zabrza","status":"publish","type":"post","link":"https:\/\/www.24zabrze.pl\/wiadomosci\/borys-borowka-z-pis-zostal-wiceprezydentem-zabrza\/","title":{"rendered":"Borys Bor\u00f3wka z PiS zosta\u0142 wiceprezydentem Zabrza"},"content":{"rendered":"<div class=\"zabrz-a6-z-nad-leadem-artykulow zabrz-entity-placement\" id=\"zabrz-3123048276\"><div class=\"zabrz-adlabel\"><span style=\"font-size: 9px\">REKLAMA<\/span><\/div><div id=\"zabrz-3057486605\" style=\"margin-bottom: 30px;margin-left: auto;margin-right: auto;text-align: center;\"><a data-no-instant=\"1\" href=\"https:\/\/dom100.eu\/\" rel=\"noopener\" class=\"a2t-link\" target=\"_blank\" aria-label=\"20260415 DOM100 D\"><img loading=\"lazy\" decoding=\"async\" src=\"https:\/\/www.24zabrze.pl\/wiadomosci\/wp-content\/uploads\/2026\/02\/20260415-DOM100-D.jpg\" alt=\"\"  srcset=\"https:\/\/www.24zabrze.pl\/wiadomosci\/wp-content\/uploads\/2026\/02\/20260415-DOM100-D.jpg 750w, https:\/\/www.24zabrze.pl\/wiadomosci\/wp-content\/uploads\/2026\/02\/20260415-DOM100-D-410x109.jpg 410w\" sizes=\"(max-width: 750px) 100vw, 750px\" class=\"no-lazyload\" width=\"750\" height=\"200\"  style=\"display: inline-block; max-width: 100%; height: auto;\" \/><\/a><\/div><\/div><h3>By\u0142y konkurent Ma\u0142gorzaty Ma\u0144ki-Szulik w wyborach prezydenckich zosta\u0142 jednym z trzech wiceprezydent\u00f3w Zabrza.<\/h3>\n<p>To efekt koalicji w Radzie Miasta, zawartej przez Skutecznych dla Zabrza oraz Prawo i Sprawiedliwo\u015b\u0107. Pozostali wiceprezydenci to <strong>Krzysztof Lewandowski<\/strong> i <strong>Katarzyna Dzi\u00f3ba<\/strong>. <\/p><div class=\"zabrz-a3-z-w-tresci-artykulow zabrz-entity-placement\" id=\"zabrz-2125767672\"><div class=\"zabrz-adlabel\"><span style=\"font-size: 9px\">REKLAMA<\/span><\/div><div id=\"zabrz-3998652292\" style=\"margin-bottom: 40px;margin-left: auto;margin-right: auto;text-align: center;\"><a data-no-instant=\"1\" href=\"https:\/\/ogrodyandersa.pl\/\" rel=\"noopener\" class=\"a2t-link\" target=\"_blank\" aria-label=\"20260415 Ogrody Andersa WYBIERZ MIESZKANIE D\"><img loading=\"lazy\" decoding=\"async\" src=\"https:\/\/www.24zabrze.pl\/wiadomosci\/wp-content\/uploads\/2026\/02\/20260415-Ogrody-Andersa-WYBIERZ-MIESZKANIE-D.jpg\" alt=\"\"  srcset=\"https:\/\/www.24zabrze.pl\/wiadomosci\/wp-content\/uploads\/2026\/02\/20260415-Ogrody-Andersa-WYBIERZ-MIESZKANIE-D.jpg 750w, https:\/\/www.24zabrze.pl\/wiadomosci\/wp-content\/uploads\/2026\/02\/20260415-Ogrody-Andersa-WYBIERZ-MIESZKANIE-D-410x109.jpg 410w\" sizes=\"(max-width: 750px) 100vw, 750px\" class=\"no-lazyload\" width=\"750\" height=\"200\"  style=\"display: inline-block; max-width: 100%; height: auto;\" \/><\/a><\/div><\/div>\n<p>Dotychczasowemu wiceprezydentowi <strong>Januszowi Pawluchowi<\/strong> powierzono zadania Dyrektora Biura Prezydenta Miasta.<\/p>\n","protected":false},"excerpt":{"rendered":"<p>By\u0142y konkurent Ma\u0142gorzaty Ma\u0144ki-Szulik w wyborach prezydenckich zosta\u0142 jednym z trzech wiceprezydent\u00f3w Zabrza. To efekt koalicji w Radzie Miasta, zawartej przez Skutecznych dla Zabrza oraz Prawo i Sprawiedliwo\u015b\u0107. Pozostali wiceprezydenci to Krzysztof Lewandowski i Katarzyna Dzi\u00f3ba. Dotychczasowemu wiceprezydentowi Januszowi Pawluchowi powierzono zadania Dyrektora Biura Prezydenta Miasta.<\/p>\n","protected":false},"author":4,"featured_media":81563,"comment_status":"closed","ping_status":"closed","sticky":false,"template":"","format":"standard","meta":{"_monsterinsights_skip_tracking":false,"_monsterinsights_sitenote_active":false,"_monsterinsights_sitenote_note":"","_monsterinsights_sitenote_category":0,"footnotes":"","_links_to":"","_links_to_target":""},"categories":[8,1],"tags":[],"class_list":["post-81560","post","type-post","status-publish","format-standard","has-post-thumbnail","hentry","category-referendum","category-wszystko"],"_links":{"self":[{"href":"https:\/\/www.24zabrze.pl\/wiadomosci\/wp-json\/wp\/v2\/posts\/81560","targetHints":{"allow":["GET"]}}],"collection":[{"href":"https:\/\/www.24zabrze.pl\/wiadomosci\/wp-json\/wp\/v2\/posts"}],"about":[{"href":"https:\/\/www.24zabrze.pl\/wiadomosci\/wp-json\/wp\/v2\/types\/post"}],"author":[{"embeddable":true,"href":"https:\/\/www.24zabrze.pl\/wiadomosci\/wp-json\/wp\/v2\/users\/4"}],"replies":[{"embeddable":true,"href":"https:\/\/www.24zabrze.pl\/wiadomosci\/wp-json\/wp\/v2\/comments?post=81560"}],"version-history":[{"count":3,"href":"https:\/\/www.24zabrze.pl\/wiadomosci\/wp-json\/wp\/v2\/posts\/81560\/revisions"}],"predecessor-version":[{"id":81564,"href":"https:\/\/www.24zabrze.pl\/wiadomosci\/wp-json\/wp\/v2\/posts\/81560\/revisions\/81564"}],"wp:featuredmedia":[{"embeddable":true,"href":"https:\/\/www.24zabrze.pl\/wiadomosci\/wp-json\/wp\/v2\/media\/81563"}],"wp:attachment":[{"href":"https:\/\/www.24zabrze.pl\/wiadomosci\/wp-json\/wp\/v2\/media?parent=81560"}],"wp:term":[{"taxonomy":"category","embeddable":true,"href":"https:\/\/www.24zabrze.pl\/wiadomosci\/wp-json\/wp\/v2\/categories?post=81560"},{"taxonomy":"post_tag","embeddable":true,"href":"https:\/\/www.24zabrze.pl\/wiadomosci\/wp-json\/wp\/v2\/tags?post=81560"}],"curies":[{"name":"wp","href":"https:\/\/api.w.org\/{rel}","templated":true}]}}