{"id":81557,"date":"2018-12-04T00:36:40","date_gmt":"2018-12-03T23:36:40","guid":{"rendered":"http:\/\/www.24zabrze.pl\/wiadomosci\/?p=81557"},"modified":"2018-12-04T00:36:40","modified_gmt":"2018-12-03T23:36:40","slug":"juz-wiosna-mieszkancy-odczuja-efekty-tych-prac-i-to-doslownie","status":"publish","type":"post","link":"https:\/\/www.24zabrze.pl\/wiadomosci\/juz-wiosna-mieszkancy-odczuja-efekty-tych-prac-i-to-doslownie\/","title":{"rendered":"Ju\u017c wiosn\u0105 mieszka\u0144cy odczuj\u0105 efekty tych prac. I to dos\u0142ownie"},"content":{"rendered":"<div class=\"zabrz-a6-z-nad-leadem-artykulow zabrz-entity-placement\" id=\"zabrz-2622655649\"><div class=\"zabrz-adlabel\"><span style=\"font-size: 9px\">REKLAMA<\/span><\/div><div id=\"zabrz-856093069\" style=\"margin-bottom: 30px;margin-left: auto;margin-right: auto;text-align: center;\"><a data-no-instant=\"1\" href=\"https:\/\/dom100.eu\/\" rel=\"noopener\" class=\"a2t-link\" target=\"_blank\" aria-label=\"20260415 DOM100 D\"><img loading=\"lazy\" decoding=\"async\" src=\"https:\/\/www.24zabrze.pl\/wiadomosci\/wp-content\/uploads\/2026\/02\/20260415-DOM100-D.jpg\" alt=\"\"  srcset=\"https:\/\/www.24zabrze.pl\/wiadomosci\/wp-content\/uploads\/2026\/02\/20260415-DOM100-D.jpg 750w, https:\/\/www.24zabrze.pl\/wiadomosci\/wp-content\/uploads\/2026\/02\/20260415-DOM100-D-410x109.jpg 410w\" sizes=\"(max-width: 750px) 100vw, 750px\" class=\"no-lazyload\" width=\"750\" height=\"200\"  style=\"display: inline-block; max-width: 100%; height: auto;\" \/><\/a><\/div><\/div><h3>Pe\u0142n\u0105 par\u0105 id\u0105 prace zwi\u0105zane z hermetyzacj\u0105  Regionalnej Instalacji Przetwarzania Odpad\u00f3w Komunalnych w Zabrzu. Budowane s\u0105 nowe tunele kompostownicze, powstaj\u0105 prefabrykowane elementy poszczeg\u00f3lnych obiekt\u00f3w oraz sie\u0107 kanalizacyjna.<\/h3>\n<p> Efekty prowadzonych rob\u00f3t mieszka\u0144cy odczuj\u0105 ju\u017c wiosn\u0105.<\/p><div class=\"zabrz-a3-z-w-tresci-artykulow zabrz-entity-placement\" id=\"zabrz-1094292277\"><div class=\"zabrz-adlabel\"><span style=\"font-size: 9px\">REKLAMA<\/span><\/div><div id=\"zabrz-1224110939\" style=\"margin-bottom: 40px;margin-left: auto;margin-right: auto;text-align: center;\"><a data-no-instant=\"1\" href=\"https:\/\/ogrodyandersa.pl\/\" rel=\"noopener\" class=\"a2t-link\" target=\"_blank\" aria-label=\"20260415 Ogrody Andersa WYBIERZ MIESZKANIE D\"><img loading=\"lazy\" decoding=\"async\" src=\"https:\/\/www.24zabrze.pl\/wiadomosci\/wp-content\/uploads\/2026\/02\/20260415-Ogrody-Andersa-WYBIERZ-MIESZKANIE-D.jpg\" alt=\"\"  srcset=\"https:\/\/www.24zabrze.pl\/wiadomosci\/wp-content\/uploads\/2026\/02\/20260415-Ogrody-Andersa-WYBIERZ-MIESZKANIE-D.jpg 750w, https:\/\/www.24zabrze.pl\/wiadomosci\/wp-content\/uploads\/2026\/02\/20260415-Ogrody-Andersa-WYBIERZ-MIESZKANIE-D-410x109.jpg 410w\" sizes=\"(max-width: 750px) 100vw, 750px\" class=\"no-lazyload\" width=\"750\" height=\"200\"  style=\"display: inline-block; max-width: 100%; height: auto;\" \/><\/a><\/div><\/div>\n<p>\u2013 Przykry zapach zniknie, a ca\u0142a inwestycja nie spowoduje jakiegokolwiek zwi\u0119kszenia ilo\u015bci przetwarzanych odpad\u00f3w \u2013 podkre\u015bla <strong>Pawe\u0142 Szewczyk<\/strong>, prezes sp\u00f3\u0142ki FCC Polska, kt\u00f3ra jest w\u0142a\u015bcicielem Regionalnej Instalacji Przetwarzania Odpad\u00f3w Komunalnych przy ul. Cmentarnej.<\/p>\n<p>Hermetyzacja obiektu ruszy\u0142a we wrze\u015bniu. Realizacja projektu to efekt dzia\u0142a\u0144 podejmowanych wsp\u00f3lnie przez sp\u00f3\u0142k\u0119 FCC oraz zabrza\u0144ski samorz\u0105d. <\/p>\n<p>\u2013 Naszym celem jest zniwelowanie uci\u0105\u017cliwego zapachu. Aby jednak modernizacja zak\u0142adu sta\u0142a si\u0119 mo\u017cliwa, nale\u017ca\u0142o pokona\u0107 d\u0142ug\u0105 drog\u0119 uzyskiwania wymaganych prawem decyzji i pozwole\u0144 \u2013 podkre\u015bla prezydent Zabrza <strong>Ma\u0142gorzata Ma\u0144ka-Szulik<\/strong>, kt\u00f3ra ju\u017c w styczniu 2017 r. powo\u0142a\u0142a zesp\u00f3\u0142 do wsp\u00f3\u0142pracy przy realizacji projektu modernizacji Zak\u0142adu Segregacji i Kompostowni Odpad\u00f3w w Zabrzu przy ul. Cmentarnej.<\/p>\n<p>Przypomnijmy, \u017ce zgod\u0119 na powstanie w Zabrzu Regionalnej Instalacji Przetwarzania Odpad\u00f3w Komunalnych wyda\u0142 marsza\u0142ek wojew\u00f3dztwa. Konsekwencje tej decyzji mieszka\u0144cy szybko odczuli na w\u0142asnej na sk\u00f3rze. Pochodz\u0105ce z obiektu nieprzyjemne zapachy mocno uprzykrzy\u0142y im \u017cycie.<br \/>\nDzi\u0119ki realizowanemu obecnie projektowi ca\u0142y proces zwi\u0105zany z przetwarzaniem odpad\u00f3w odbywa\u0107 si\u0119 b\u0119dzie w zamkni\u0119tej hali. Powietrze zostanie poprzez system podci\u015bnienia zamkni\u0119te w halach i nie b\u0119dzie emitowane do atmosfery. <\/p>\n<p>W obiekcie pojawi si\u0119 r\u00f3wnie\u017c biofiltr, kt\u00f3ry b\u0119dzie oczyszcza\u0142 powietrze w taki spos\u00f3b, by nie mia\u0142o ono \u017cadnych uci\u0105\u017cliwo\u015bci zapachowych.<br \/>\n\u2013 M\u00f3wimy o rozwi\u0105zaniach, kt\u00f3re ju\u017c dzia\u0142aj\u0105 w Europie i si\u0119 sprawdzi\u0142y. Dlatego jestem absolutnie przekonany, \u017ce sprawdz\u0105 si\u0119 r\u00f3wnie\u017c w Zabrzu, a uci\u0105\u017cliwo\u015b\u0107 zwi\u0105zana z przykrym zapachem zniknie \u2013 m\u00f3wi <strong>Bj\u00f6rn Mittendorfer<\/strong>, dyrektor generalny FCC Environment CEE Group.<br \/>\nWarto\u015b\u0107 inwestycji, kt\u00f3ra ma si\u0119 zako\u0144czy\u0107 do czerwca przysz\u0142ego roku, si\u0119ga 15 mln z\u0142. Prace w ca\u0142o\u015bci zostan\u0105 sfinansowane ze \u015brodk\u00f3w Grupy FCC Environment CEE.\t(hm)<\/p>\n<h4>Takie s\u0105 liczby:<\/h4>\n<p>15 mln z\u0142 to koszt modernizacji zak\u0142adu<br \/>\n2 lata trwa\u0142o uzyskanie wszystkich dokument\u00f3w umo\u017cliwiaj\u0105cych<br \/>\nrozpocz\u0119cie prac<br \/>\n10 miesi\u0119cy to szacowany czas realizacji inwestycji<\/p>\n","protected":false},"excerpt":{"rendered":"<p>Pe\u0142n\u0105 par\u0105 id\u0105 prace zwi\u0105zane z hermetyzacj\u0105 Regionalnej Instalacji Przetwarzania Odpad\u00f3w Komunalnych w Zabrzu. Budowane s\u0105 nowe tunele kompostownicze, powstaj\u0105 prefabrykowane elementy poszczeg\u00f3lnych obiekt\u00f3w oraz sie\u0107 kanalizacyjna. Efekty prowadzonych rob\u00f3t mieszka\u0144cy odczuj\u0105 ju\u017c wiosn\u0105. \u2013 Przykry zapach zniknie, a ca\u0142a inwestycja nie spowoduje jakiegokolwiek zwi\u0119kszenia ilo\u015bci przetwarzanych odpad\u00f3w \u2013 podkre\u015bla Pawe\u0142 Szewczyk, prezes sp\u00f3\u0142ki FCC [&hellip;]<\/p>\n","protected":false},"author":4,"featured_media":81559,"comment_status":"closed","ping_status":"closed","sticky":false,"template":"","format":"standard","meta":{"_monsterinsights_skip_tracking":false,"_monsterinsights_sitenote_active":false,"_monsterinsights_sitenote_note":"","_monsterinsights_sitenote_category":0,"footnotes":"","_links_to":"","_links_to_target":""},"categories":[8,9,1],"tags":[],"class_list":["post-81557","post","type-post","status-publish","format-standard","has-post-thumbnail","hentry","category-referendum","category-stronaglowna","category-wszystko"],"_links":{"self":[{"href":"https:\/\/www.24zabrze.pl\/wiadomosci\/wp-json\/wp\/v2\/posts\/81557","targetHints":{"allow":["GET"]}}],"collection":[{"href":"https:\/\/www.24zabrze.pl\/wiadomosci\/wp-json\/wp\/v2\/posts"}],"about":[{"href":"https:\/\/www.24zabrze.pl\/wiadomosci\/wp-json\/wp\/v2\/types\/post"}],"author":[{"embeddable":true,"href":"https:\/\/www.24zabrze.pl\/wiadomosci\/wp-json\/wp\/v2\/users\/4"}],"replies":[{"embeddable":true,"href":"https:\/\/www.24zabrze.pl\/wiadomosci\/wp-json\/wp\/v2\/comments?post=81557"}],"version-history":[{"count":1,"href":"https:\/\/www.24zabrze.pl\/wiadomosci\/wp-json\/wp\/v2\/posts\/81557\/revisions"}],"predecessor-version":[{"id":81558,"href":"https:\/\/www.24zabrze.pl\/wiadomosci\/wp-json\/wp\/v2\/posts\/81557\/revisions\/81558"}],"wp:featuredmedia":[{"embeddable":true,"href":"https:\/\/www.24zabrze.pl\/wiadomosci\/wp-json\/wp\/v2\/media\/81559"}],"wp:attachment":[{"href":"https:\/\/www.24zabrze.pl\/wiadomosci\/wp-json\/wp\/v2\/media?parent=81557"}],"wp:term":[{"taxonomy":"category","embeddable":true,"href":"https:\/\/www.24zabrze.pl\/wiadomosci\/wp-json\/wp\/v2\/categories?post=81557"},{"taxonomy":"post_tag","embeddable":true,"href":"https:\/\/www.24zabrze.pl\/wiadomosci\/wp-json\/wp\/v2\/tags?post=81557"}],"curies":[{"name":"wp","href":"https:\/\/api.w.org\/{rel}","templated":true}]}}