{"id":81479,"date":"2018-11-05T01:49:50","date_gmt":"2018-11-05T00:49:50","guid":{"rendered":"http:\/\/www.24zabrze.pl\/wiadomosci\/?p=81479"},"modified":"2019-01-16T14:45:39","modified_gmt":"2019-01-16T13:45:39","slug":"wybory-prezydenckie-w-zabrzu-wygrala-malgorzata-manka-szulik","status":"publish","type":"post","link":"https:\/\/www.24zabrze.pl\/wiadomosci\/wybory-prezydenckie-w-zabrzu-wygrala-malgorzata-manka-szulik\/","title":{"rendered":"Wybory prezydenckie w Zabrzu wygra\u0142a Ma\u0142gorzata Ma\u0144ka-Szulik"},"content":{"rendered":"<div class=\"zabrz-a6-z-nad-leadem-artykulow zabrz-entity-placement\" id=\"zabrz-3360255793\"><div class=\"zabrz-adlabel\"><span style=\"font-size: 9px\">REKLAMA<\/span><\/div><div id=\"zabrz-3425114848\" style=\"margin-bottom: 30px;margin-left: auto;margin-right: auto;text-align: center;\"><a data-no-instant=\"1\" href=\"https:\/\/dom100.eu\/\" rel=\"noopener\" class=\"a2t-link\" target=\"_blank\" aria-label=\"20260415 DOM100 D\"><img loading=\"lazy\" decoding=\"async\" src=\"https:\/\/www.24zabrze.pl\/wiadomosci\/wp-content\/uploads\/2026\/02\/20260415-DOM100-D.jpg\" alt=\"\"  srcset=\"https:\/\/www.24zabrze.pl\/wiadomosci\/wp-content\/uploads\/2026\/02\/20260415-DOM100-D.jpg 750w, https:\/\/www.24zabrze.pl\/wiadomosci\/wp-content\/uploads\/2026\/02\/20260415-DOM100-D-410x109.jpg 410w\" sizes=\"(max-width: 750px) 100vw, 750px\" class=\"no-lazyload\" width=\"750\" height=\"200\"  style=\"display: inline-block; max-width: 100%; height: auto;\" \/><\/a><\/div><\/div><h3>Nie b\u0119dzie zmiany na fotelu prezydenta Zabrza.<\/h3>\n<p>Wynik niedzielnych wybor\u00f3w przyni\u00f3s\u0142 kolejne zwyci\u0119stwo dotychczasowej, bezpartyjnej prezydent <strong>Ma\u0142gorzacie Ma\u0144ce-Szulik<\/strong>, kt\u00f3ra z 51,59% g\u0142os\u00f3w otrzyma\u0142a mandat do sprawowania funkcji prezydenta na nast\u0119pne 5 lat.<\/p><div class=\"zabrz-a3-z-w-tresci-artykulow zabrz-entity-placement\" id=\"zabrz-4190203480\"><div class=\"zabrz-adlabel\"><span style=\"font-size: 9px\">REKLAMA<\/span><\/div><div id=\"zabrz-2201756582\" style=\"margin-bottom: 40px;margin-left: auto;margin-right: auto;text-align: center;\"><a data-no-instant=\"1\" href=\"https:\/\/ogrodyandersa.pl\/\" rel=\"noopener\" class=\"a2t-link\" target=\"_blank\" aria-label=\"20260415 Ogrody Andersa WYBIERZ MIESZKANIE D\"><img loading=\"lazy\" decoding=\"async\" src=\"https:\/\/www.24zabrze.pl\/wiadomosci\/wp-content\/uploads\/2026\/02\/20260415-Ogrody-Andersa-WYBIERZ-MIESZKANIE-D.jpg\" alt=\"\"  srcset=\"https:\/\/www.24zabrze.pl\/wiadomosci\/wp-content\/uploads\/2026\/02\/20260415-Ogrody-Andersa-WYBIERZ-MIESZKANIE-D.jpg 750w, https:\/\/www.24zabrze.pl\/wiadomosci\/wp-content\/uploads\/2026\/02\/20260415-Ogrody-Andersa-WYBIERZ-MIESZKANIE-D-410x109.jpg 410w\" sizes=\"(max-width: 750px) 100vw, 750px\" class=\"no-lazyload\" width=\"750\" height=\"200\"  style=\"display: inline-block; max-width: 100%; height: auto;\" \/><\/a><\/div><\/div>\n<p><em>&#8220;Dzi\u0119kuj\u0119 za okazane zaufanie. W spos\u00f3b szczeg\u00f3lny chc\u0119 si\u0119 uk\u0142oni\u0107 tym wszystkim, kt\u00f3rzy oddali na mnie g\u0142os. Za udzia\u0142 w wyborach dzi\u0119kuj\u0119 pozosta\u0142ym i zapewniam, \u017ce b\u0119d\u0119 pracowa\u0142a \u017ceby przekona\u0107 ich do mojego programu. Jestem wdzi\u0119czna wszystkim, kt\u00f3rzy pracowali w moim sztabie wyborczym. Zw\u0142aszcza w ostatnich tygodniach zaanga\u017cowa\u0142o si\u0119 wiele os\u00f3b dla kt\u00f3rych sprawy Zabrza nie s\u0105 oboj\u0119tne&#8221;<\/em> &#8211; napisa\u0142a na swoim profilu Facebook Ma\u0142gorzata Ma\u0144ka-Szulik.<\/p>\n<p><iframe loading=\"lazy\" src=\"https:\/\/www.facebook.com\/plugins\/post.php?href=https%3A%2F%2Fwww.facebook.com%2Fpermalink.php%3Fstory_fbid%3D2309745745702128%26id%3D868291693180881&#038;width=500\" width=\"500\" height=\"268\" style=\"border:none;overflow:hidden\" scrolling=\"no\" frameborder=\"0\" allowTransparency=\"true\" allow=\"encrypted-media\"><\/iframe><\/p>\n<p>Popierana przez Platform\u0119 Obywatelsk\u0105 i Nowoczesn\u0105, <strong>Agnieszka Rupniewska<\/strong> uzyska\u0142a 48,41% g\u0142os\u00f3w. Frekwencja wynios\u0142a 36,11%.<\/p>\n","protected":false},"excerpt":{"rendered":"<p>Nie b\u0119dzie zmiany na fotelu prezydenta Zabrza. Wynik niedzielnych wybor\u00f3w przyni\u00f3s\u0142 kolejne zwyci\u0119stwo dotychczasowej, bezpartyjnej prezydent Ma\u0142gorzacie Ma\u0144ce-Szulik, kt\u00f3ra z 51,59% g\u0142os\u00f3w otrzyma\u0142a mandat do sprawowania funkcji prezydenta na nast\u0119pne 5 lat. &#8220;Dzi\u0119kuj\u0119 za okazane zaufanie. W spos\u00f3b szczeg\u00f3lny chc\u0119 si\u0119 uk\u0142oni\u0107 tym wszystkim, kt\u00f3rzy oddali na mnie g\u0142os. Za udzia\u0142 w wyborach dzi\u0119kuj\u0119 pozosta\u0142ym [&hellip;]<\/p>\n","protected":false},"author":4,"featured_media":81485,"comment_status":"closed","ping_status":"closed","sticky":false,"template":"","format":"standard","meta":{"_monsterinsights_skip_tracking":false,"_monsterinsights_sitenote_active":false,"_monsterinsights_sitenote_note":"","_monsterinsights_sitenote_category":0,"footnotes":"","_links_to":"","_links_to_target":""},"categories":[8,9,1],"tags":[],"class_list":["post-81479","post","type-post","status-publish","format-standard","has-post-thumbnail","hentry","category-referendum","category-stronaglowna","category-wszystko"],"_links":{"self":[{"href":"https:\/\/www.24zabrze.pl\/wiadomosci\/wp-json\/wp\/v2\/posts\/81479","targetHints":{"allow":["GET"]}}],"collection":[{"href":"https:\/\/www.24zabrze.pl\/wiadomosci\/wp-json\/wp\/v2\/posts"}],"about":[{"href":"https:\/\/www.24zabrze.pl\/wiadomosci\/wp-json\/wp\/v2\/types\/post"}],"author":[{"embeddable":true,"href":"https:\/\/www.24zabrze.pl\/wiadomosci\/wp-json\/wp\/v2\/users\/4"}],"replies":[{"embeddable":true,"href":"https:\/\/www.24zabrze.pl\/wiadomosci\/wp-json\/wp\/v2\/comments?post=81479"}],"version-history":[{"count":6,"href":"https:\/\/www.24zabrze.pl\/wiadomosci\/wp-json\/wp\/v2\/posts\/81479\/revisions"}],"predecessor-version":[{"id":81487,"href":"https:\/\/www.24zabrze.pl\/wiadomosci\/wp-json\/wp\/v2\/posts\/81479\/revisions\/81487"}],"wp:featuredmedia":[{"embeddable":true,"href":"https:\/\/www.24zabrze.pl\/wiadomosci\/wp-json\/wp\/v2\/media\/81485"}],"wp:attachment":[{"href":"https:\/\/www.24zabrze.pl\/wiadomosci\/wp-json\/wp\/v2\/media?parent=81479"}],"wp:term":[{"taxonomy":"category","embeddable":true,"href":"https:\/\/www.24zabrze.pl\/wiadomosci\/wp-json\/wp\/v2\/categories?post=81479"},{"taxonomy":"post_tag","embeddable":true,"href":"https:\/\/www.24zabrze.pl\/wiadomosci\/wp-json\/wp\/v2\/tags?post=81479"}],"curies":[{"name":"wp","href":"https:\/\/api.w.org\/{rel}","templated":true}]}}