{"id":81414,"date":"2018-10-19T02:09:49","date_gmt":"2018-10-19T00:09:49","guid":{"rendered":"http:\/\/www.24zabrze.pl\/wiadomosci\/?p=81414"},"modified":"2018-10-27T01:02:08","modified_gmt":"2018-10-26T23:02:08","slug":"kzk-gop-mzk-tychy-oraz-mzkp-tarnowskie-gory-integruja-sie-skorzystaja-pasazerowie","status":"publish","type":"post","link":"https:\/\/www.24zabrze.pl\/wiadomosci\/kzk-gop-mzk-tychy-oraz-mzkp-tarnowskie-gory-integruja-sie-skorzystaja-pasazerowie\/","title":{"rendered":"KZK GOP, MZK Tychy oraz MZKP Tarnowskie G\u00f3ry integruj\u0105 si\u0119. Skorzystaj\u0105 pasa\u017cerowie"},"content":{"rendered":"<div class=\"zabrz-a6-z-nad-leadem-artykulow zabrz-entity-placement\" id=\"zabrz-1393944685\"><div class=\"zabrz-adlabel\"><span style=\"font-size: 9px\">REKLAMA<\/span><\/div><div id=\"zabrz-2245115399\" style=\"margin-bottom: 30px;margin-left: auto;margin-right: auto;text-align: center;\"><a data-no-instant=\"1\" href=\"https:\/\/dom100.eu\/\" rel=\"noopener\" class=\"a2t-link\" target=\"_blank\" aria-label=\"20260415 DOM100 D\"><img loading=\"lazy\" decoding=\"async\" src=\"https:\/\/www.24zabrze.pl\/wiadomosci\/wp-content\/uploads\/2026\/02\/20260415-DOM100-D.jpg\" alt=\"\"  srcset=\"https:\/\/www.24zabrze.pl\/wiadomosci\/wp-content\/uploads\/2026\/02\/20260415-DOM100-D.jpg 750w, https:\/\/www.24zabrze.pl\/wiadomosci\/wp-content\/uploads\/2026\/02\/20260415-DOM100-D-410x109.jpg 410w\" sizes=\"(max-width: 750px) 100vw, 750px\" class=\"no-lazyload\" width=\"750\" height=\"200\"  style=\"display: inline-block; max-width: 100%; height: auto;\" \/><\/a><\/div><\/div><h3>Metropolia coraz bli\u017cej zintegrowania transportu publicznego. Zgromadzenie wyrazi\u0142o zgod\u0119 na przej\u0119cie KZK GOP, MZK Tychy i MZKP Tarnowskie G\u00f3ry.<\/h3>\n<p>Zamiast trzech organizator\u00f3w transportu publicznego \u2013 jeden, Zarz\u0105d Transportu Metropolitalnego, od kt\u00f3rego b\u0119dzie zale\u017ce\u0107 m.in. tworzenie i modyfikowanie rozk\u0142ad\u00f3w jazdy czy ustalanie przebiegu linii. Pe\u0142na integracja transportu publicznego w GZM jest ju\u017c coraz bli\u017cej.<\/p><div class=\"zabrz-a3-z-w-tresci-artykulow zabrz-entity-placement\" id=\"zabrz-2011754534\"><div class=\"zabrz-adlabel\"><span style=\"font-size: 9px\">REKLAMA<\/span><\/div><div id=\"zabrz-2359335751\" style=\"margin-bottom: 40px;margin-left: auto;margin-right: auto;text-align: center;\"><a data-no-instant=\"1\" href=\"https:\/\/ogrodyandersa.pl\/\" rel=\"noopener\" class=\"a2t-link\" target=\"_blank\" aria-label=\"20260415 Ogrody Andersa WYBIERZ MIESZKANIE D\"><img loading=\"lazy\" decoding=\"async\" src=\"https:\/\/www.24zabrze.pl\/wiadomosci\/wp-content\/uploads\/2026\/02\/20260415-Ogrody-Andersa-WYBIERZ-MIESZKANIE-D.jpg\" alt=\"\"  srcset=\"https:\/\/www.24zabrze.pl\/wiadomosci\/wp-content\/uploads\/2026\/02\/20260415-Ogrody-Andersa-WYBIERZ-MIESZKANIE-D.jpg 750w, https:\/\/www.24zabrze.pl\/wiadomosci\/wp-content\/uploads\/2026\/02\/20260415-Ogrody-Andersa-WYBIERZ-MIESZKANIE-D-410x109.jpg 410w\" sizes=\"(max-width: 750px) 100vw, 750px\" class=\"no-lazyload\" width=\"750\" height=\"200\"  style=\"display: inline-block; max-width: 100%; height: auto;\" \/><\/a><\/div><\/div>\n[perfectpullquote align=&#8221;full&#8221; bordertop=&#8221;false&#8221; cite=&#8221;&#8221; link=&#8221;&#8221; color=&#8221;&#8221; class=&#8221;&#8221; size=&#8221;&#8221;]W poniedzia\u0142ek (15 pa\u017adziernika) Zgromadzenie Metropolii wyrazi\u0142o zgod\u0119 na przej\u0119cie wszelkich praw i obowi\u0105zk\u00f3w KZK GOP, MZK Tychy oraz MZKP Tarnowskie G\u00f3ry.[\/perfectpullquote]\n<p>&#8211; Jeste\u015bmy ju\u017c niemal na ko\u0144cu sfinalizowania tego wielkiego procesu, jakim jest pe\u0142na integracja dotychczas funkcjonuj\u0105cych zwi\u0105zk\u00f3w komunikacyjnych, w jeden, metropolitalny \u2013 m\u00f3wi <strong>Kazimierz Karolczak<\/strong>, przewodnicz\u0105cy zarz\u0105du G\u00f3rno\u015bl\u0105sko-Zag\u0142\u0119biowskiej Metropolii.<\/p>\n<p>W poniedzia\u0142ek sfinalizowane zosta\u0142o r\u00f3wnie\u017c podpisanie porozumie\u0144 ze wspominanymi zwi\u0105zkami komunikacyjnymi ws. przekazania Metropolii zada\u0144 organizatora transportu publicznego.<\/p>\n[perfectpullquote align=&#8221;full&#8221; bordertop=&#8221;false&#8221; cite=&#8221;&#8221; link=&#8221;&#8221; color=&#8221;&#8221; class=&#8221;&#8221; size=&#8221;&#8221;]Ca\u0142y proces zwi\u0105zany z integracj\u0105 komunikacji w Metropolii, rozpocz\u0105\u0142 si\u0119 ju\u017c 1 stycznia 2018 roku, czyli w dniu, gdy GZM rozpocz\u0119\u0142a realizacj\u0119 swoich ustawowych zada\u0144.[\/perfectpullquote]\n<p>Tego dnia wesz\u0142y w \u017cycie wsp\u00f3lne taryfy dla bilet\u00f3w jednorazowych oraz zacz\u0119\u0142y obowi\u0105zywa\u0107 bezp\u0142atne przejazdy dla dzieci i m\u0142odzie\u017cy do 16 lat, natomiast od 1 kwietnia \u2013 ujednolicona zosta\u0142a taryfa dla bilet\u00f3w okresowych.<\/p>\n<p>&#8211; Kiedy ju\u017c KZK GOP, MZK Tychy oraz MZKP Tarnowskie G\u00f3ry zostan\u0105 przej\u0119te przez ZTM, to Metropolia w\u0142a\u015bnie b\u0119dzie odpowiada\u0107 m.in. za projektowanie rozk\u0142ad\u00f3w jazdy czy ustalanie przebiegu tras poszczeg\u00f3lnych linii. Z punktu widzenia organizatora komunikacji miejskiej na tak du\u017cym obszarze, istotnym jest r\u00f3wnie\u017c ujednolicenie zasad finansowania i rozlicze\u0144. Oznacza to, \u017ce wszystkie dzia\u0142ania b\u0119d\u0105 mog\u0142y przebiega\u0107 znacznie sprawniej, szybciej i skuteczniej \u2013 m\u00f3wi <strong>Grzegorz Kwitek<\/strong>, cz\u0142onek zarz\u0105du GZM, kt\u00f3ry w Metropolii odpowiada za sprawy zwi\u0105zane z transportem publicznym.<\/p>\n<p>W G\u00f3rno\u015bl\u0105sko-Zag\u0142\u0119biowskiej Metropolii funkcjonuje prawie 440 linii autobusowych, tramwajowych i trolejbusowych, obs\u0142uguj\u0105cych \u0142\u0105cznie prawie 7 tys. przystank\u00f3w. Ka\u017cdego dnia w trasie jest ok. 1,1 tys. autobus\u00f3w oraz 170 tramwaj\u00f3w. Tychy s\u0105 jednym z trzech polskich miast, gdzie wci\u0105\u017c funkcjonuj\u0105 trolejbusy \u2013 codziennie je\u017adzi tam 17 tego typu pojazd\u00f3w.<\/p>\n<p>(\u017cms)\/informacje prasowe<\/p>\n","protected":false},"excerpt":{"rendered":"<p>Metropolia coraz bli\u017cej zintegrowania transportu publicznego. Zgromadzenie wyrazi\u0142o zgod\u0119 na przej\u0119cie KZK GOP, MZK Tychy i MZKP Tarnowskie G\u00f3ry. Zamiast trzech organizator\u00f3w transportu publicznego \u2013 jeden, Zarz\u0105d Transportu Metropolitalnego, od kt\u00f3rego b\u0119dzie zale\u017ce\u0107 m.in. tworzenie i modyfikowanie rozk\u0142ad\u00f3w jazdy czy ustalanie przebiegu linii. Pe\u0142na integracja transportu publicznego w GZM jest ju\u017c coraz bli\u017cej. [perfectpullquote align=&#8221;full&#8221; [&hellip;]<\/p>\n","protected":false},"author":4,"featured_media":81415,"comment_status":"closed","ping_status":"closed","sticky":false,"template":"","format":"standard","meta":{"_monsterinsights_skip_tracking":false,"_monsterinsights_sitenote_active":false,"_monsterinsights_sitenote_note":"","_monsterinsights_sitenote_category":0,"footnotes":"","_links_to":"","_links_to_target":""},"categories":[8,1],"tags":[],"class_list":["post-81414","post","type-post","status-publish","format-standard","has-post-thumbnail","hentry","category-referendum","category-wszystko"],"_links":{"self":[{"href":"https:\/\/www.24zabrze.pl\/wiadomosci\/wp-json\/wp\/v2\/posts\/81414","targetHints":{"allow":["GET"]}}],"collection":[{"href":"https:\/\/www.24zabrze.pl\/wiadomosci\/wp-json\/wp\/v2\/posts"}],"about":[{"href":"https:\/\/www.24zabrze.pl\/wiadomosci\/wp-json\/wp\/v2\/types\/post"}],"author":[{"embeddable":true,"href":"https:\/\/www.24zabrze.pl\/wiadomosci\/wp-json\/wp\/v2\/users\/4"}],"replies":[{"embeddable":true,"href":"https:\/\/www.24zabrze.pl\/wiadomosci\/wp-json\/wp\/v2\/comments?post=81414"}],"version-history":[{"count":1,"href":"https:\/\/www.24zabrze.pl\/wiadomosci\/wp-json\/wp\/v2\/posts\/81414\/revisions"}],"predecessor-version":[{"id":81416,"href":"https:\/\/www.24zabrze.pl\/wiadomosci\/wp-json\/wp\/v2\/posts\/81414\/revisions\/81416"}],"wp:featuredmedia":[{"embeddable":true,"href":"https:\/\/www.24zabrze.pl\/wiadomosci\/wp-json\/wp\/v2\/media\/81415"}],"wp:attachment":[{"href":"https:\/\/www.24zabrze.pl\/wiadomosci\/wp-json\/wp\/v2\/media?parent=81414"}],"wp:term":[{"taxonomy":"category","embeddable":true,"href":"https:\/\/www.24zabrze.pl\/wiadomosci\/wp-json\/wp\/v2\/categories?post=81414"},{"taxonomy":"post_tag","embeddable":true,"href":"https:\/\/www.24zabrze.pl\/wiadomosci\/wp-json\/wp\/v2\/tags?post=81414"}],"curies":[{"name":"wp","href":"https:\/\/api.w.org\/{rel}","templated":true}]}}