{"id":81404,"date":"2018-10-07T01:09:17","date_gmt":"2018-10-06T23:09:17","guid":{"rendered":"http:\/\/www.24zabrze.pl\/wiadomosci\/?p=81404"},"modified":"2018-10-09T01:13:02","modified_gmt":"2018-10-08T23:13:02","slug":"zabrze-w-rankingu-pisma-samorzadu-terytorialnego-wspolnota","status":"publish","type":"post","link":"https:\/\/www.24zabrze.pl\/wiadomosci\/zabrze-w-rankingu-pisma-samorzadu-terytorialnego-wspolnota\/","title":{"rendered":"Zabrze w rankingu Pisma Samorz\u0105du Terytorialnego &#8220;Wsp\u00f3lnota&#8221;"},"content":{"rendered":"<div class=\"zabrz-a6-z-nad-leadem-artykulow zabrz-entity-placement\" id=\"zabrz-3838576234\"><div class=\"zabrz-adlabel\"><span style=\"font-size: 9px\">REKLAMA<\/span><\/div><div id=\"zabrz-1324725543\" style=\"margin-bottom: 30px;margin-left: auto;margin-right: auto;text-align: center;\"><a data-no-instant=\"1\" href=\"https:\/\/dom100.eu\/\" rel=\"noopener\" class=\"a2t-link\" target=\"_blank\" aria-label=\"20260415 DOM100 D\"><img loading=\"lazy\" decoding=\"async\" src=\"https:\/\/www.24zabrze.pl\/wiadomosci\/wp-content\/uploads\/2026\/02\/20260415-DOM100-D.jpg\" alt=\"\"  srcset=\"https:\/\/www.24zabrze.pl\/wiadomosci\/wp-content\/uploads\/2026\/02\/20260415-DOM100-D.jpg 750w, https:\/\/www.24zabrze.pl\/wiadomosci\/wp-content\/uploads\/2026\/02\/20260415-DOM100-D-410x109.jpg 410w\" sizes=\"(max-width: 750px) 100vw, 750px\" class=\"no-lazyload\" width=\"750\" height=\"200\"  style=\"display: inline-block; max-width: 100%; height: auto;\" \/><\/a><\/div><\/div><h3>Zabrze zaj\u0119\u0142o 6. miejsce w\u015br\u00f3d miast na prawach powiatu w rankingu \u201eWsp\u00f3lnoty\u201d podsumowuj\u0105cym wydatki inwestycyjne finansowane ze \u015brodk\u00f3w Unii Europejskiej w latach 2014-2017.<\/h3>\n<p>Autorzy Rankingu wzi\u0119li pod uwag\u0119 ca\u0142o\u015b\u0107 wydatk\u00f3w inwestycyjnych ze \u015brodk\u00f3w UE w ostatnich czterech latach (2014\u20132017).<\/p><div class=\"zabrz-a3-z-w-tresci-artykulow zabrz-entity-placement\" id=\"zabrz-3328081715\"><div class=\"zabrz-adlabel\"><span style=\"font-size: 9px\">REKLAMA<\/span><\/div><div id=\"zabrz-3720219425\" style=\"margin-bottom: 40px;margin-left: auto;margin-right: auto;text-align: center;\"><a data-no-instant=\"1\" href=\"https:\/\/ogrodyandersa.pl\/\" rel=\"noopener\" class=\"a2t-link\" target=\"_blank\" aria-label=\"20260415 Ogrody Andersa WYBIERZ MIESZKANIE D\"><img loading=\"lazy\" decoding=\"async\" src=\"https:\/\/www.24zabrze.pl\/wiadomosci\/wp-content\/uploads\/2026\/02\/20260415-Ogrody-Andersa-WYBIERZ-MIESZKANIE-D.jpg\" alt=\"\"  srcset=\"https:\/\/www.24zabrze.pl\/wiadomosci\/wp-content\/uploads\/2026\/02\/20260415-Ogrody-Andersa-WYBIERZ-MIESZKANIE-D.jpg 750w, https:\/\/www.24zabrze.pl\/wiadomosci\/wp-content\/uploads\/2026\/02\/20260415-Ogrody-Andersa-WYBIERZ-MIESZKANIE-D-410x109.jpg 410w\" sizes=\"(max-width: 750px) 100vw, 750px\" class=\"no-lazyload\" width=\"750\" height=\"200\"  style=\"display: inline-block; max-width: 100%; height: auto;\" \/><\/a><\/div><\/div>\n<p>&#8211; W Zabrzu tkwi ogromny potencja\u0142 tworzony przez medycyn\u0119, kultur\u0119, nauk\u0119, sport oraz gospodark\u0119. Przez lata do\u015bwiadczyli\u015bmy, \u017ce wiele obszar\u00f3w \u017cycia miasta wymaga\u0142o pobudzenia lub uporz\u0105dkowania. Pami\u0119tamy o trudnych decyzjach, kt\u00f3re pozwoli\u0142y rozpocz\u0105\u0107 proces odrabiania wieloletnich zaleg\u0142o\u015bci &#8211; komentuje wyniki Ma\u0142gorzata Ma\u0144ka-Szulik, prezydent Zabrza. <\/p>\n<p>\u2013 Pozyskali\u015bmy w ostatnich latach ponad 2 miliardy z\u0142otych ze \u017ar\u00f3de\u0142 zewn\u0119trznych na finansowanie projekt\u00f3w poprawiaj\u0105cych jako\u015b\u0107 \u017cycia w mie\u015bcie, a tak\u017ce zwi\u0119kszaj\u0105cych jego atrakcyjno\u015b\u0107 dla przedsi\u0119biorc\u00f3w. S\u0105 to fundusze na inwestycje, dzia\u0142ania ekologiczne oraz programy sp\u00f3jno\u015bci spo\u0142ecznej tworz\u0105ce przyjazne warunki dla mieszka\u0144c\u00f3w, inwestor\u00f3w i turyst\u00f3w. Dzi\u0119ki zaanga\u017cowaniu funduszy z bud\u017cetu gminy uda\u0142o si\u0119 przyspieszy\u0107 budow\u0119 zabrza\u0144skiego fragmentu Drogowej Trasy \u015arednicowej, czyli najwi\u0119kszej arterii komunikacyjnej w regionie. Za niemal miliard z\u0142otych w 2015 roku zako\u0144czyli\u015bmy jedn\u0105 z najwi\u0119kszych w Polsce modernizacj\u0119 wodoci\u0105g\u00f3w i kanalizacji, co spowodowa\u0142o tak\u017ce budow\u0119 dr\u00f3g i chodnik\u00f3w. Wspieraj\u0105c obszar aktywno\u015bci gospodarczej przeznaczyli\u015bmy 65 milion\u00f3w z\u0142otych na infrastruktur\u0119 Specjalnej Strefy Ekonomicznej. Dzia\u0142ania te owocuj\u0105 tworzeniem nowych miejsc pracy. (WKS Zabrze)<\/p>\n","protected":false},"excerpt":{"rendered":"<p>Zabrze zaj\u0119\u0142o 6. miejsce w\u015br\u00f3d miast na prawach powiatu w rankingu \u201eWsp\u00f3lnoty\u201d podsumowuj\u0105cym wydatki inwestycyjne finansowane ze \u015brodk\u00f3w Unii Europejskiej w latach 2014-2017. Autorzy Rankingu wzi\u0119li pod uwag\u0119 ca\u0142o\u015b\u0107 wydatk\u00f3w inwestycyjnych ze \u015brodk\u00f3w UE w ostatnich czterech latach (2014\u20132017). &#8211; W Zabrzu tkwi ogromny potencja\u0142 tworzony przez medycyn\u0119, kultur\u0119, nauk\u0119, sport oraz gospodark\u0119. Przez lata [&hellip;]<\/p>\n","protected":false},"author":4,"featured_media":81406,"comment_status":"closed","ping_status":"closed","sticky":false,"template":"","format":"standard","meta":{"_monsterinsights_skip_tracking":false,"_monsterinsights_sitenote_active":false,"_monsterinsights_sitenote_note":"","_monsterinsights_sitenote_category":0,"footnotes":"","_links_to":"","_links_to_target":""},"categories":[8,1],"tags":[],"class_list":["post-81404","post","type-post","status-publish","format-standard","has-post-thumbnail","hentry","category-referendum","category-wszystko"],"_links":{"self":[{"href":"https:\/\/www.24zabrze.pl\/wiadomosci\/wp-json\/wp\/v2\/posts\/81404","targetHints":{"allow":["GET"]}}],"collection":[{"href":"https:\/\/www.24zabrze.pl\/wiadomosci\/wp-json\/wp\/v2\/posts"}],"about":[{"href":"https:\/\/www.24zabrze.pl\/wiadomosci\/wp-json\/wp\/v2\/types\/post"}],"author":[{"embeddable":true,"href":"https:\/\/www.24zabrze.pl\/wiadomosci\/wp-json\/wp\/v2\/users\/4"}],"replies":[{"embeddable":true,"href":"https:\/\/www.24zabrze.pl\/wiadomosci\/wp-json\/wp\/v2\/comments?post=81404"}],"version-history":[{"count":2,"href":"https:\/\/www.24zabrze.pl\/wiadomosci\/wp-json\/wp\/v2\/posts\/81404\/revisions"}],"predecessor-version":[{"id":81407,"href":"https:\/\/www.24zabrze.pl\/wiadomosci\/wp-json\/wp\/v2\/posts\/81404\/revisions\/81407"}],"wp:featuredmedia":[{"embeddable":true,"href":"https:\/\/www.24zabrze.pl\/wiadomosci\/wp-json\/wp\/v2\/media\/81406"}],"wp:attachment":[{"href":"https:\/\/www.24zabrze.pl\/wiadomosci\/wp-json\/wp\/v2\/media?parent=81404"}],"wp:term":[{"taxonomy":"category","embeddable":true,"href":"https:\/\/www.24zabrze.pl\/wiadomosci\/wp-json\/wp\/v2\/categories?post=81404"},{"taxonomy":"post_tag","embeddable":true,"href":"https:\/\/www.24zabrze.pl\/wiadomosci\/wp-json\/wp\/v2\/tags?post=81404"}],"curies":[{"name":"wp","href":"https:\/\/api.w.org\/{rel}","templated":true}]}}