{"id":81346,"date":"2018-09-11T16:08:41","date_gmt":"2018-09-11T14:08:41","guid":{"rendered":"http:\/\/www.24zabrze.pl\/wiadomosci\/?p=81346"},"modified":"2018-09-11T16:09:10","modified_gmt":"2018-09-11T14:09:10","slug":"tak-wyglada-logo-gornoslasko-zaglebiowskiej-metropolii-na-konkurs-wplynelo-140-projektow","status":"publish","type":"post","link":"https:\/\/www.24zabrze.pl\/wiadomosci\/tak-wyglada-logo-gornoslasko-zaglebiowskiej-metropolii-na-konkurs-wplynelo-140-projektow\/","title":{"rendered":"Tak wygl\u0105da logo G\u00f3rno\u015bl\u0105sko-Zag\u0142\u0119biowskiej Metropolii. Na konkurs wp\u0142yn\u0119\u0142o 140 projekt\u00f3w"},"content":{"rendered":"<div class=\"zabrz-a6-z-nad-leadem-artykulow zabrz-entity-placement\" id=\"zabrz-2900571009\"><div class=\"zabrz-adlabel\"><span style=\"font-size: 9px\">REKLAMA<\/span><\/div><div id=\"zabrz-3210075976\" style=\"margin-bottom: 30px;margin-left: auto;margin-right: auto;text-align: center;\"><a data-no-instant=\"1\" href=\"https:\/\/dom100.eu\/\" rel=\"noopener\" class=\"a2t-link\" target=\"_blank\" aria-label=\"20260415 DOM100 D\"><img loading=\"lazy\" decoding=\"async\" src=\"https:\/\/www.24zabrze.pl\/wiadomosci\/wp-content\/uploads\/2026\/02\/20260415-DOM100-D.jpg\" alt=\"\"  srcset=\"https:\/\/www.24zabrze.pl\/wiadomosci\/wp-content\/uploads\/2026\/02\/20260415-DOM100-D.jpg 750w, https:\/\/www.24zabrze.pl\/wiadomosci\/wp-content\/uploads\/2026\/02\/20260415-DOM100-D-410x109.jpg 410w\" sizes=\"(max-width: 750px) 100vw, 750px\" class=\"no-lazyload\" width=\"750\" height=\"200\"  style=\"display: inline-block; max-width: 100%; height: auto;\" \/><\/a><\/div><\/div><h3>Prosta litera \u201eM\u201d, przedstawiona z kszta\u0142tem budz\u0105cym wiele skojarze\u0144, mi\u0119dzy innymi z sercem, ale tak\u017ce z matematycznym znakiem wi\u0119kszo\u015bci &#8211; to logo, kt\u00f3re ju\u017c wkr\u00f3tce stanie si\u0119 podstaw\u0105 identyfikacji wizualnej G\u00f3rno\u015bl\u0105sko-Zag\u0142\u0119biowskiej Metropolii.<\/h3>\n<p>Kilka dni temu rozstrzygni\u0119to konkurs na projekt logotypu dla Metropolii. Natomiast w poniedzia\u0142ek wyb\u00f3r ten zosta\u0142 zatwierdzony przez Zarz\u0105d GZM oraz zaprezentowany podczas sesji Zgromadzenia Metropolii. <strong>Zwyci\u0119\u017cy\u0142a propozycja Atelier Szewski Pawe\u0142 Miszewski.<\/strong><\/p><div class=\"zabrz-a3-z-w-tresci-artykulow zabrz-entity-placement\" id=\"zabrz-989907569\"><div class=\"zabrz-adlabel\"><span style=\"font-size: 9px\">REKLAMA<\/span><\/div><div id=\"zabrz-33707522\" style=\"margin-bottom: 40px;margin-left: auto;margin-right: auto;text-align: center;\"><a data-no-instant=\"1\" href=\"https:\/\/ogrodyandersa.pl\/\" rel=\"noopener\" class=\"a2t-link\" target=\"_blank\" aria-label=\"20260415 Ogrody Andersa WYBIERZ MIESZKANIE D\"><img loading=\"lazy\" decoding=\"async\" src=\"https:\/\/www.24zabrze.pl\/wiadomosci\/wp-content\/uploads\/2026\/02\/20260415-Ogrody-Andersa-WYBIERZ-MIESZKANIE-D.jpg\" alt=\"\"  srcset=\"https:\/\/www.24zabrze.pl\/wiadomosci\/wp-content\/uploads\/2026\/02\/20260415-Ogrody-Andersa-WYBIERZ-MIESZKANIE-D.jpg 750w, https:\/\/www.24zabrze.pl\/wiadomosci\/wp-content\/uploads\/2026\/02\/20260415-Ogrody-Andersa-WYBIERZ-MIESZKANIE-D-410x109.jpg 410w\" sizes=\"(max-width: 750px) 100vw, 750px\" class=\"no-lazyload\" width=\"750\" height=\"200\"  style=\"display: inline-block; max-width: 100%; height: auto;\" \/><\/a><\/div><\/div>\n<p><img loading=\"lazy\" decoding=\"async\" src=\"https:\/\/www.24gliwice.pl\/wiadomosci\/wp-content\/uploads\/2018\/09\/gzm-metropolia-logo2.jpg\" alt=\"\" width=\"936\" height=\"531\" class=\"aligncenter size-full wp-image-122578\" \/><\/p>\n<p>Pi\u0119\u0107 zespo\u0142\u00f3w, zakwalifikowanych do drugiego etapu konkursu na opracowanie projektu logotypu dla G\u00f3rno\u015bl\u0105sko-Zag\u0142\u0119biowskiej Metropolii, mia\u0142o miesi\u0105c na przygotowanie swoich prac. <\/p>\n<blockquote><p>&#8211; W zwyci\u0119skim logo najbardziej doceniam zaproponowane przez autora sposoby w jakie mo\u017cna je rozwin\u0105\u0107 i przetworzy\u0107. Ta otwarto\u015b\u0107 tego logotypu wydaje mi si\u0119 bardzo wa\u017cna<\/p><\/blockquote>\n<p>\u2013 ocenia <strong>Maciej Siuda<\/strong> ze School of Form w Poznaniu, kt\u00f3ry przyj\u0105\u0142 zaproszenie do pracy w komisji konkursowej. Podkre\u015bla\u0142, \u017ce atutem wskazanego znaku jest to, \u017ce mo\u017ce on \u201e\u017cy\u0107\u201d, przybieraj\u0105c r\u00f3\u017cne formy, w zale\u017cno\u015bci od sytuacji i kontekstu, w kt\u00f3rym ma zosta\u0107 wykorzystany.<\/p>\n<p>Z kolei <strong>Kazimierz Karolczak<\/strong>, przewodnicz\u0105cy zarz\u0105du G\u00f3rno\u015bl\u0105sko-Zag\u0142\u0119biowskiej Metropolii podkre\u015bla\u0142, \u017ce do konkursu zosta\u0142o zg\u0142oszonych wiele ciekawych propozycji, a wyb\u00f3r zwyci\u0119skiej by\u0142 naprawd\u0119 bardzo trudny.<br \/>\n&#8211; Mam wra\u017cenie, \u017ce wyb\u00f3r logo by\u0142 chyba trudniejszym zadaniem ni\u017c wprowadzenie wsp\u00f3lnych bilet\u00f3w \u2013 \u017cartowa\u0142 po zako\u0144czeniu prac komisji Karolczak.<\/p>\n[perfectpullquote align=&#8221;full&#8221; bordertop=&#8221;false&#8221; cite=&#8221;&#8221; link=&#8221;&#8221; color=&#8221;&#8221; class=&#8221;&#8221; size=&#8221;&#8221;]Czy litera &#8220;M&#8221; b\u0119dzie kojarzy\u0107 si\u0119 wprost z trudn\u0105 do zapami\u0119tania, przyd\u0142ug\u0105 nazw\u0105 &#8220;G\u00f3rno\u015bl\u0105sko-Zag\u0142\u0119biowska Metropolia&#8221;? Z tym mo\u017ce by\u0107 pewien problem.[\/perfectpullquote]\n<p>B\u0119d\u0105c\u0105 efektem kompromisu tr\u00f3jcz\u0142onowa nazwa nie zosta\u0142a utrwalona w oficjalnym znaku graficznym. Wyb\u00f3r &#8220;M&#8221; to te\u017c chyba ostateczne po\u017cegnanie z propozycjami nazwania metropolii pro\u015bciej, np. Silesia, czy uwzgl\u0119dniaj\u0105ca Zag\u0142\u0119bie SileZa.<\/p>\n<p><img loading=\"lazy\" decoding=\"async\" src=\"https:\/\/www.24gliwice.pl\/wiadomosci\/wp-content\/uploads\/2018\/09\/gzm-metropolia-logo3.jpg\" alt=\"\" width=\"879\" height=\"576\" class=\"aligncenter size-full wp-image-122579\" \/><\/p>\n<p>Przypomnijmy: mi\u0119dzynarodowy konkurs na opracowanie logotypu dla G\u00f3rno\u015bl\u0105sko-Zag\u0142\u0119biowskiej Metropolii zosta\u0142 podzielony na dwa etapy. Do pierwszego z nich wp\u0142yn\u0119\u0142o ponad 140 zg\u0142osze\u0144, a komisja konkursowa wybra\u0142a pi\u0119\u0107 najlepszych. W sk\u0142ad komisji konkursowej, poza przedstawicielami GZM, weszli r\u00f3wnie\u017c Przemo \u0141ukasik, w\u0142a\u015bciciel pracowni medusa group, dr hab. Justyna Kucharczyk z Akademii Sztuk Pi\u0119knych w Katowicach, Matylda Sa\u0142ajewska \u2013 kuratorka Katowice Street Art Air oraz Maciej Siuda ze School of Form w Poznaniu.<\/p>\n<p>Ka\u017cdy z finalist\u00f3w otrzyma po 3 tys. z\u0142 nagrody, za\u015b zwyci\u0119zca dodatkowe 17 tys. z\u0142 oraz propozycj\u0119 przygotowania ksi\u0119gi znaku dla G\u00f3rno\u015bl\u0105sko-Zag\u0142\u0119biowskiej Metropolii.<\/p>\n","protected":false},"excerpt":{"rendered":"<p>Prosta litera \u201eM\u201d, przedstawiona z kszta\u0142tem budz\u0105cym wiele skojarze\u0144, mi\u0119dzy innymi z sercem, ale tak\u017ce z matematycznym znakiem wi\u0119kszo\u015bci &#8211; to logo, kt\u00f3re ju\u017c wkr\u00f3tce stanie si\u0119 podstaw\u0105 identyfikacji wizualnej G\u00f3rno\u015bl\u0105sko-Zag\u0142\u0119biowskiej Metropolii. Kilka dni temu rozstrzygni\u0119to konkurs na projekt logotypu dla Metropolii. Natomiast w poniedzia\u0142ek wyb\u00f3r ten zosta\u0142 zatwierdzony przez Zarz\u0105d GZM oraz zaprezentowany podczas [&hellip;]<\/p>\n","protected":false},"author":4,"featured_media":81348,"comment_status":"closed","ping_status":"closed","sticky":false,"template":"","format":"standard","meta":{"_monsterinsights_skip_tracking":false,"_monsterinsights_sitenote_active":false,"_monsterinsights_sitenote_note":"","_monsterinsights_sitenote_category":0,"footnotes":"","_links_to":"","_links_to_target":""},"categories":[8,1],"tags":[],"class_list":["post-81346","post","type-post","status-publish","format-standard","has-post-thumbnail","hentry","category-referendum","category-wszystko"],"_links":{"self":[{"href":"https:\/\/www.24zabrze.pl\/wiadomosci\/wp-json\/wp\/v2\/posts\/81346","targetHints":{"allow":["GET"]}}],"collection":[{"href":"https:\/\/www.24zabrze.pl\/wiadomosci\/wp-json\/wp\/v2\/posts"}],"about":[{"href":"https:\/\/www.24zabrze.pl\/wiadomosci\/wp-json\/wp\/v2\/types\/post"}],"author":[{"embeddable":true,"href":"https:\/\/www.24zabrze.pl\/wiadomosci\/wp-json\/wp\/v2\/users\/4"}],"replies":[{"embeddable":true,"href":"https:\/\/www.24zabrze.pl\/wiadomosci\/wp-json\/wp\/v2\/comments?post=81346"}],"version-history":[{"count":2,"href":"https:\/\/www.24zabrze.pl\/wiadomosci\/wp-json\/wp\/v2\/posts\/81346\/revisions"}],"predecessor-version":[{"id":81349,"href":"https:\/\/www.24zabrze.pl\/wiadomosci\/wp-json\/wp\/v2\/posts\/81346\/revisions\/81349"}],"wp:featuredmedia":[{"embeddable":true,"href":"https:\/\/www.24zabrze.pl\/wiadomosci\/wp-json\/wp\/v2\/media\/81348"}],"wp:attachment":[{"href":"https:\/\/www.24zabrze.pl\/wiadomosci\/wp-json\/wp\/v2\/media?parent=81346"}],"wp:term":[{"taxonomy":"category","embeddable":true,"href":"https:\/\/www.24zabrze.pl\/wiadomosci\/wp-json\/wp\/v2\/categories?post=81346"},{"taxonomy":"post_tag","embeddable":true,"href":"https:\/\/www.24zabrze.pl\/wiadomosci\/wp-json\/wp\/v2\/tags?post=81346"}],"curies":[{"name":"wp","href":"https:\/\/api.w.org\/{rel}","templated":true}]}}