{"id":81242,"date":"2018-07-12T00:53:05","date_gmt":"2018-07-11T22:53:05","guid":{"rendered":"http:\/\/www.24zabrze.pl\/wiadomosci\/?p=81242"},"modified":"2018-07-12T00:53:40","modified_gmt":"2018-07-11T22:53:40","slug":"w-zabrzu-powstana-centra-przesiadkowe-rusza-kompleksowy-projekt-usprawnienia-komunikacji","status":"publish","type":"post","link":"https:\/\/www.24zabrze.pl\/wiadomosci\/w-zabrzu-powstana-centra-przesiadkowe-rusza-kompleksowy-projekt-usprawnienia-komunikacji\/","title":{"rendered":"W Zabrzu powstan\u0105 centra przesiadkowe. Rusza gigantyczny projekt usprawnienia komunikacji"},"content":{"rendered":"<div class=\"zabrz-a6-z-nad-leadem-artykulow zabrz-entity-placement\" id=\"zabrz-3885219539\"><div class=\"zabrz-adlabel\"><span style=\"font-size: 9px\">REKLAMA<\/span><\/div><div id=\"zabrz-1628480659\" style=\"margin-bottom: 30px;margin-left: auto;margin-right: auto;text-align: center;\"><a data-no-instant=\"1\" href=\"https:\/\/dom100.eu\/\" rel=\"noopener\" class=\"a2t-link\" target=\"_blank\" aria-label=\"20260415 DOM100 D\"><img loading=\"lazy\" decoding=\"async\" src=\"https:\/\/www.24zabrze.pl\/wiadomosci\/wp-content\/uploads\/2026\/02\/20260415-DOM100-D.jpg\" alt=\"\"  srcset=\"https:\/\/www.24zabrze.pl\/wiadomosci\/wp-content\/uploads\/2026\/02\/20260415-DOM100-D.jpg 750w, https:\/\/www.24zabrze.pl\/wiadomosci\/wp-content\/uploads\/2026\/02\/20260415-DOM100-D-410x109.jpg 410w\" sizes=\"(max-width: 750px) 100vw, 750px\" class=\"no-lazyload\" width=\"750\" height=\"200\"  style=\"display: inline-block; max-width: 100%; height: auto;\" \/><\/a><\/div><\/div><h3>Zapewnienie sprawnego przemieszczania si\u0119 po Zabrzu to cel gigantycznego projektu, kt\u00f3rego realizacja w\u0142a\u015bnie rusza. <\/h3>\n<p>Jego docelowym efektem ma by\u0107 stworzenie w mie\u015bcie jednego lub nawet kilku centr\u00f3w przesiadkowych i zach\u0119cenie kierowc\u00f3w do korzystania z komunikacji publicznej. <\/p><div class=\"zabrz-a3-z-w-tresci-artykulow zabrz-entity-placement\" id=\"zabrz-455458360\"><div class=\"zabrz-adlabel\"><span style=\"font-size: 9px\">REKLAMA<\/span><\/div><div id=\"zabrz-2905876412\" style=\"margin-bottom: 40px;margin-left: auto;margin-right: auto;text-align: center;\"><a data-no-instant=\"1\" href=\"https:\/\/ogrodyandersa.pl\/\" rel=\"noopener\" class=\"a2t-link\" target=\"_blank\" aria-label=\"20260415 Ogrody Andersa WYBIERZ MIESZKANIE D\"><img loading=\"lazy\" decoding=\"async\" src=\"https:\/\/www.24zabrze.pl\/wiadomosci\/wp-content\/uploads\/2026\/02\/20260415-Ogrody-Andersa-WYBIERZ-MIESZKANIE-D.jpg\" alt=\"\"  srcset=\"https:\/\/www.24zabrze.pl\/wiadomosci\/wp-content\/uploads\/2026\/02\/20260415-Ogrody-Andersa-WYBIERZ-MIESZKANIE-D.jpg 750w, https:\/\/www.24zabrze.pl\/wiadomosci\/wp-content\/uploads\/2026\/02\/20260415-Ogrody-Andersa-WYBIERZ-MIESZKANIE-D-410x109.jpg 410w\" sizes=\"(max-width: 750px) 100vw, 750px\" class=\"no-lazyload\" width=\"750\" height=\"200\"  style=\"display: inline-block; max-width: 100%; height: auto;\" \/><\/a><\/div><\/div>\n<blockquote><p>\u2013 Rozpoczynamy w\u0142a\u015bnie du\u017ce przedsi\u0119wzi\u0119cie, kt\u00f3rego celem b\u0119dzie usprawnienie komunikacji w Zabrzu. B\u0119dziemy starali si\u0119 zach\u0119ca\u0107 kierowc\u00f3w do przesiadania si\u0119 na transport publiczny, stwarzaj\u0105c do tego dobre warunki<\/p><\/blockquote>\n<p> \u2013 m\u00f3wi prezydent Zabrza <strong>Ma\u0142gorzata Ma\u0144ka-Szulik. <\/strong><\/p>\n<p>Pierwszym etapem projektu b\u0119dzie przeprowadzenie kompleksowych bada\u0144 i analiz dotycz\u0105cych transportu publicznego, samochodowego, polityki parkingowej, ruchu pieszego, transportu rowerowego oraz bezpiecze\u0144stwa ruchu drogowego. Wskazane zostanie miejsce lub miejsca o najwi\u0119kszej intensywno\u015bci ruchu pieszego, samochodowego, rowerowego oraz komunikacji publicznej, w kt\u00f3rych zasadne b\u0119dzie podj\u0119cie prac maj\u0105cych na celu popraw\u0119 sytuacji w obszarze transportu. Umow\u0119 na realizacj\u0119 tej cz\u0119\u015bci przedsi\u0119wzi\u0119cia podpisali w ubieg\u0142ym tygodniu prezydent Ma\u0142gorzata Ma\u0144ka-Szulik i <strong>Tomasz Kacprowicz<\/strong> z firmy An Archi Group z Gliwic.<\/p>\n<p>\u2013 Na podstawie analiz b\u0119dziemy w stanie wskaza\u0107 kluczowe punkty, w kt\u00f3rych powinni\u015bmy zlokalizowa\u0107 jedno albo kilka centr\u00f3w przesiadkowych, bo to nie musi by\u0107 jedna lokalizacja. To mo\u017ce by\u0107 uk\u0142ad kilku element\u00f3w satelitarnych, powi\u0105zanych ze sob\u0105, usprawniaj\u0105cych komunikacj\u0119 na terenie miasta \u2013 t\u0142umaczy Tomasz Kacprowicz.<\/p>\n<p>Po wakacjach rusz\u0105 prowadzone w\u015br\u00f3d mieszka\u0144c\u00f3w Zabrza ankiety. Cz\u0119\u015b\u0107 przedsi\u0119wzi\u0119cia po\u015bwi\u0119cona badaniom i przygotowaniu dokumentacji projektowej ma potrwa\u0107 dwa lata. Dok\u0142adny koszt budowy centrum przesiadkowego b\u0119dzie znany po zako\u0144czeniu prac projektowych. Szacowany jest na oko\u0142o 100 mln z\u0142. Prace maj\u0105 potrwa\u0107 do 2023 r. \u2013 B\u0119dziemy zabiega\u0107 o pozyskanie \u015brodk\u00f3w zewn\u0119trznych w ramach Zintegrowanych Inwestycji Terytorialnych \u2013 m\u00f3wi Rafa\u0142 Kobos, naczelnik Biura ds. Inwestor\u00f3w Urz\u0119du Miejskiego w Zabrzu. \u2013 Pierwszy etap przedsi\u0119wzi\u0119cia pozwoli na rozwi\u0105zanie obecnych problem\u00f3w komunikacyjnych, ale mo\u017cliwe, \u017ce w kolejnych latach projekt b\u0119dzie rozwijany \u2013 dodaje.<\/p>\n<p>(hm)<\/p>\n","protected":false},"excerpt":{"rendered":"<p>Zapewnienie sprawnego przemieszczania si\u0119 po Zabrzu to cel gigantycznego projektu, kt\u00f3rego realizacja w\u0142a\u015bnie rusza. Jego docelowym efektem ma by\u0107 stworzenie w mie\u015bcie jednego lub nawet kilku centr\u00f3w przesiadkowych i zach\u0119cenie kierowc\u00f3w do korzystania z komunikacji publicznej. \u2013 Rozpoczynamy w\u0142a\u015bnie du\u017ce przedsi\u0119wzi\u0119cie, kt\u00f3rego celem b\u0119dzie usprawnienie komunikacji w Zabrzu. B\u0119dziemy starali si\u0119 zach\u0119ca\u0107 kierowc\u00f3w do przesiadania [&hellip;]<\/p>\n","protected":false},"author":4,"featured_media":81245,"comment_status":"closed","ping_status":"closed","sticky":false,"template":"","format":"standard","meta":{"_monsterinsights_skip_tracking":false,"_monsterinsights_sitenote_active":false,"_monsterinsights_sitenote_note":"","_monsterinsights_sitenote_category":0,"footnotes":"","_links_to":"","_links_to_target":""},"categories":[8,9,1],"tags":[],"class_list":["post-81242","post","type-post","status-publish","format-standard","has-post-thumbnail","hentry","category-referendum","category-stronaglowna","category-wszystko"],"_links":{"self":[{"href":"https:\/\/www.24zabrze.pl\/wiadomosci\/wp-json\/wp\/v2\/posts\/81242","targetHints":{"allow":["GET"]}}],"collection":[{"href":"https:\/\/www.24zabrze.pl\/wiadomosci\/wp-json\/wp\/v2\/posts"}],"about":[{"href":"https:\/\/www.24zabrze.pl\/wiadomosci\/wp-json\/wp\/v2\/types\/post"}],"author":[{"embeddable":true,"href":"https:\/\/www.24zabrze.pl\/wiadomosci\/wp-json\/wp\/v2\/users\/4"}],"replies":[{"embeddable":true,"href":"https:\/\/www.24zabrze.pl\/wiadomosci\/wp-json\/wp\/v2\/comments?post=81242"}],"version-history":[{"count":4,"href":"https:\/\/www.24zabrze.pl\/wiadomosci\/wp-json\/wp\/v2\/posts\/81242\/revisions"}],"predecessor-version":[{"id":81247,"href":"https:\/\/www.24zabrze.pl\/wiadomosci\/wp-json\/wp\/v2\/posts\/81242\/revisions\/81247"}],"wp:featuredmedia":[{"embeddable":true,"href":"https:\/\/www.24zabrze.pl\/wiadomosci\/wp-json\/wp\/v2\/media\/81245"}],"wp:attachment":[{"href":"https:\/\/www.24zabrze.pl\/wiadomosci\/wp-json\/wp\/v2\/media?parent=81242"}],"wp:term":[{"taxonomy":"category","embeddable":true,"href":"https:\/\/www.24zabrze.pl\/wiadomosci\/wp-json\/wp\/v2\/categories?post=81242"},{"taxonomy":"post_tag","embeddable":true,"href":"https:\/\/www.24zabrze.pl\/wiadomosci\/wp-json\/wp\/v2\/tags?post=81242"}],"curies":[{"name":"wp","href":"https:\/\/api.w.org\/{rel}","templated":true}]}}