{"id":80730,"date":"2018-02-09T19:41:55","date_gmt":"2018-02-09T17:41:55","guid":{"rendered":"http:\/\/www.24zabrze.pl\/wiadomosci\/?p=80730"},"modified":"2018-02-09T19:41:55","modified_gmt":"2018-02-09T17:41:55","slug":"prezydent-zabrza-zostala-odznaczona-krzyzem-kawalerskim-orderu-odrodzenia-polski","status":"publish","type":"post","link":"https:\/\/www.24zabrze.pl\/wiadomosci\/prezydent-zabrza-zostala-odznaczona-krzyzem-kawalerskim-orderu-odrodzenia-polski\/","title":{"rendered":"Prezydent Zabrza zosta\u0142a odznaczona Krzy\u017cem Kawalerskim Orderu Odrodzenia Polski"},"content":{"rendered":"<div class=\"zabrz-a6-z-nad-leadem-artykulow zabrz-entity-placement\" id=\"zabrz-3016883731\"><div class=\"zabrz-adlabel\"><span style=\"font-size: 9px\">REKLAMA<\/span><\/div><div id=\"zabrz-4191258246\" style=\"margin-bottom: 30px;margin-left: auto;margin-right: auto;text-align: center;\"><a data-no-instant=\"1\" href=\"https:\/\/dom100.eu\/\" rel=\"noopener\" class=\"a2t-link\" target=\"_blank\" aria-label=\"20260415 DOM100 D\"><img loading=\"lazy\" decoding=\"async\" src=\"https:\/\/www.24zabrze.pl\/wiadomosci\/wp-content\/uploads\/2026\/02\/20260415-DOM100-D.jpg\" alt=\"\"  srcset=\"https:\/\/www.24zabrze.pl\/wiadomosci\/wp-content\/uploads\/2026\/02\/20260415-DOM100-D.jpg 750w, https:\/\/www.24zabrze.pl\/wiadomosci\/wp-content\/uploads\/2026\/02\/20260415-DOM100-D-410x109.jpg 410w\" sizes=\"(max-width: 750px) 100vw, 750px\" class=\"no-lazyload\" width=\"750\" height=\"200\"  style=\"display: inline-block; max-width: 100%; height: auto;\" \/><\/a><\/div><\/div><h3>W pi\u0105tek, w samo po\u0142udnie w Kancelarii Prezydenta RP Andrzeja Dudy rozpocz\u0119\u0142a si\u0119 uroczysto\u015b\u0107 wr\u0119czenia odznacze\u0144 pa\u0144stwowych. Krzy\u017cem Kawalerskim Orderu Odrodzenia Polski uhonorowana zosta\u0142a m.in. Ma\u0142gorzata Ma\u0144ka-Szulik, prezydent Zabrza.<\/h3>\n<p> Wyr\u00f3\u017cnienie zosta\u0142o nadane w uznaniu zas\u0142ug w dzia\u0142alno\u015bci samorz\u0105dowej i spo\u0142ecznej.<\/p><div class=\"zabrz-a3-z-w-tresci-artykulow zabrz-entity-placement\" id=\"zabrz-1566407747\"><div class=\"zabrz-adlabel\"><span style=\"font-size: 9px\">REKLAMA<\/span><\/div><div id=\"zabrz-2399586788\" style=\"margin-bottom: 40px;margin-left: auto;margin-right: auto;text-align: center;\"><a data-no-instant=\"1\" href=\"https:\/\/ogrodyandersa.pl\/\" rel=\"noopener\" class=\"a2t-link\" target=\"_blank\" aria-label=\"20260415 Ogrody Andersa WYBIERZ MIESZKANIE D\"><img loading=\"lazy\" decoding=\"async\" src=\"https:\/\/www.24zabrze.pl\/wiadomosci\/wp-content\/uploads\/2026\/02\/20260415-Ogrody-Andersa-WYBIERZ-MIESZKANIE-D.jpg\" alt=\"\"  srcset=\"https:\/\/www.24zabrze.pl\/wiadomosci\/wp-content\/uploads\/2026\/02\/20260415-Ogrody-Andersa-WYBIERZ-MIESZKANIE-D.jpg 750w, https:\/\/www.24zabrze.pl\/wiadomosci\/wp-content\/uploads\/2026\/02\/20260415-Ogrody-Andersa-WYBIERZ-MIESZKANIE-D-410x109.jpg 410w\" sizes=\"(max-width: 750px) 100vw, 750px\" class=\"no-lazyload\" width=\"750\" height=\"200\"  style=\"display: inline-block; max-width: 100%; height: auto;\" \/><\/a><\/div><\/div>\n<p>W imieniu Prezydenta Rzeczypospolitej Polskiej Andrzeja Dudy aktu dekoracji dokona\u0142 Sekretarz Stanu w Kancelarii Prezydenta RP Adam Kwiatkowski.<\/p>\n<p><img loading=\"lazy\" decoding=\"async\" src=\"http:\/\/www.24zabrze.pl\/wiadomosci\/wp-content\/uploads\/2018\/02\/1-manka-szulik-order-1.jpg\" alt=\"\" width=\"810\" height=\"457\" class=\"aligncenter size-full wp-image-80734\" srcset=\"https:\/\/www.24zabrze.pl\/wiadomosci\/wp-content\/uploads\/2018\/02\/1-manka-szulik-order-1.jpg 810w, https:\/\/www.24zabrze.pl\/wiadomosci\/wp-content\/uploads\/2018\/02\/1-manka-szulik-order-1-410x232.jpg 410w, https:\/\/www.24zabrze.pl\/wiadomosci\/wp-content\/uploads\/2018\/02\/1-manka-szulik-order-1-768x433.jpg 768w, https:\/\/www.24zabrze.pl\/wiadomosci\/wp-content\/uploads\/2018\/02\/1-manka-szulik-order-1-806x455.jpg 806w\" sizes=\"auto, (max-width: 810px) 100vw, 810px\" \/>(Fot. Kancelaria Prezydenta RP)<\/p>\n<h4>Order Odrodzenia Polski <\/h4>\n<p>Order ustanowiony w 1921 r. nadawany jest za wybitne zas\u0142ugi po\u0142o\u017cone w s\u0142u\u017cbie pa\u0144stwu i spo\u0142ecze\u0144stwu, a zw\u0142aszcza za wybitne osi\u0105gni\u0119cia w dzia\u0142alno\u015bci publicznej podejmowanej z po\u017cytkiem dla kraju, za szczeg\u00f3lne zas\u0142ugi dla umacniania suwerenno\u015bci i obronno\u015bci kraju, dla rozwoju gospodarki narodowej, s\u0142u\u017cby publicznej, za wybitn\u0105 tw\u00f3rczo\u015b\u0107 naukow\u0105, literack\u0105 i artystyczn\u0105, za wybitne zas\u0142ugi dla rozwoju wsp\u00f3\u0142pracy Rzeczypospolitej Polskiej z innymi pa\u0144stwami i narodami.<\/p>\n<p><strong>Order ten dzieli si\u0119 na 5 klas:<\/strong><br \/>\n\u2022 klasa I Krzy\u017c Wielki Orderu Odrodzenia Polski,<br \/>\n\u2022 klasa II Krzy\u017c Komandorski z Gwiazd\u0105 Orderu Odrodzenia Polski,<br \/>\n\u2022 klasa III Krzy\u017c Komandorski Orderu Odrodzenia Polski,<br \/>\n\u2022 klasa IV Krzy\u017c Oficerski Orderu Odrodzenia Polski,<br \/>\n\u2022 klasa V Krzy\u017c Kawalerski Orderu Odrodzenia Polski.<\/p>\n<p>Na stra\u017cy honoru Orderu stoi Kapitu\u0142a Orderu Odrodzenia Polski sk\u0142adaj\u0105ca si\u0119 z Wielkiego Mistrza Orderu i o\u015bmiu cz\u0142onk\u00f3w Kapitu\u0142y, powo\u0142ywanych przez Wielkiego Mistrza na pi\u0119\u0107 lat. Zgodnie z ustaw\u0105 o orderach i odznaczeniach prezydent RP, z tytu\u0142u wyboru na ten urz\u0105d, staje si\u0119 Kawalerem Orderu Odrodzenia Polski klasy I i przewodniczy Kapitule jako Wielki Mistrz Orderu. Kapitu\u0142a wybiera ze swojego grona Kanclerza Orderu i Sekretarza Kapitu\u0142y.<\/p>\n<p>\u017ar\u00f3d\u0142o: www.prezydent.pl<\/p>\n","protected":false},"excerpt":{"rendered":"<p>W pi\u0105tek, w samo po\u0142udnie w Kancelarii Prezydenta RP Andrzeja Dudy rozpocz\u0119\u0142a si\u0119 uroczysto\u015b\u0107 wr\u0119czenia odznacze\u0144 pa\u0144stwowych. Krzy\u017cem Kawalerskim Orderu Odrodzenia Polski uhonorowana zosta\u0142a m.in. Ma\u0142gorzata Ma\u0144ka-Szulik, prezydent Zabrza. Wyr\u00f3\u017cnienie zosta\u0142o nadane w uznaniu zas\u0142ug w dzia\u0142alno\u015bci samorz\u0105dowej i spo\u0142ecznej. W imieniu Prezydenta Rzeczypospolitej Polskiej Andrzeja Dudy aktu dekoracji dokona\u0142 Sekretarz Stanu w Kancelarii Prezydenta [&hellip;]<\/p>\n","protected":false},"author":4,"featured_media":80733,"comment_status":"closed","ping_status":"closed","sticky":false,"template":"","format":"standard","meta":{"_monsterinsights_skip_tracking":false,"_monsterinsights_sitenote_active":false,"_monsterinsights_sitenote_note":"","_monsterinsights_sitenote_category":0,"footnotes":"","_links_to":"","_links_to_target":""},"categories":[8,9,1],"tags":[2410],"class_list":["post-80730","post","type-post","status-publish","format-standard","has-post-thumbnail","hentry","category-referendum","category-stronaglowna","category-wszystko","tag-malgorzata-manka-szulik"],"_links":{"self":[{"href":"https:\/\/www.24zabrze.pl\/wiadomosci\/wp-json\/wp\/v2\/posts\/80730","targetHints":{"allow":["GET"]}}],"collection":[{"href":"https:\/\/www.24zabrze.pl\/wiadomosci\/wp-json\/wp\/v2\/posts"}],"about":[{"href":"https:\/\/www.24zabrze.pl\/wiadomosci\/wp-json\/wp\/v2\/types\/post"}],"author":[{"embeddable":true,"href":"https:\/\/www.24zabrze.pl\/wiadomosci\/wp-json\/wp\/v2\/users\/4"}],"replies":[{"embeddable":true,"href":"https:\/\/www.24zabrze.pl\/wiadomosci\/wp-json\/wp\/v2\/comments?post=80730"}],"version-history":[{"count":4,"href":"https:\/\/www.24zabrze.pl\/wiadomosci\/wp-json\/wp\/v2\/posts\/80730\/revisions"}],"predecessor-version":[{"id":80736,"href":"https:\/\/www.24zabrze.pl\/wiadomosci\/wp-json\/wp\/v2\/posts\/80730\/revisions\/80736"}],"wp:featuredmedia":[{"embeddable":true,"href":"https:\/\/www.24zabrze.pl\/wiadomosci\/wp-json\/wp\/v2\/media\/80733"}],"wp:attachment":[{"href":"https:\/\/www.24zabrze.pl\/wiadomosci\/wp-json\/wp\/v2\/media?parent=80730"}],"wp:term":[{"taxonomy":"category","embeddable":true,"href":"https:\/\/www.24zabrze.pl\/wiadomosci\/wp-json\/wp\/v2\/categories?post=80730"},{"taxonomy":"post_tag","embeddable":true,"href":"https:\/\/www.24zabrze.pl\/wiadomosci\/wp-json\/wp\/v2\/tags?post=80730"}],"curies":[{"name":"wp","href":"https:\/\/api.w.org\/{rel}","templated":true}]}}