{"id":80642,"date":"2018-01-17T14:35:10","date_gmt":"2018-01-17T12:35:10","guid":{"rendered":"http:\/\/www.24zabrze.pl\/wiadomosci\/?p=80642"},"modified":"2018-01-17T14:35:10","modified_gmt":"2018-01-17T12:35:10","slug":"sa-pieniadze-na-rewitalizacje-wiezy-cisnien-przy-ul-zamoyskiego-236-mln-unijnych-pieniedzy","status":"publish","type":"post","link":"https:\/\/www.24zabrze.pl\/wiadomosci\/sa-pieniadze-na-rewitalizacje-wiezy-cisnien-przy-ul-zamoyskiego-236-mln-unijnych-pieniedzy\/","title":{"rendered":"S\u0105 pieni\u0105dze na rewitalizacj\u0119 wie\u017cy ci\u015bnie\u0144 przy ul. Zamoyskiego. 23,6 mln unijnych pieni\u0119dzy"},"content":{"rendered":"<div class=\"zabrz-a6-z-nad-leadem-artykulow zabrz-entity-placement\" id=\"zabrz-260709764\"><div class=\"zabrz-adlabel\"><span style=\"font-size: 9px\">REKLAMA<\/span><\/div><div id=\"zabrz-1179842072\" style=\"margin-bottom: 30px;margin-left: auto;margin-right: auto;text-align: center;\"><a data-no-instant=\"1\" href=\"https:\/\/dom100.eu\/\" rel=\"noopener\" class=\"a2t-link\" target=\"_blank\" aria-label=\"20260415 DOM100 D\"><img loading=\"lazy\" decoding=\"async\" src=\"https:\/\/www.24zabrze.pl\/wiadomosci\/wp-content\/uploads\/2026\/02\/20260415-DOM100-D.jpg\" alt=\"\"  srcset=\"https:\/\/www.24zabrze.pl\/wiadomosci\/wp-content\/uploads\/2026\/02\/20260415-DOM100-D.jpg 750w, https:\/\/www.24zabrze.pl\/wiadomosci\/wp-content\/uploads\/2026\/02\/20260415-DOM100-D-410x109.jpg 410w\" sizes=\"(max-width: 750px) 100vw, 750px\" class=\"no-lazyload\" width=\"750\" height=\"200\"  style=\"display: inline-block; max-width: 100%; height: auto;\" \/><\/a><\/div><\/div><h3>23,6 mln z\u0142 dla Muzeum G\u00f3rnictwa W\u0119glowego w Zabrzu, 16,5 mln z\u0142 dla Sosnowca, 8,2 mln z\u0142 dla Siemianowic \u015al\u0105skich. Zwi\u0105zek Subregionu Centralnego i Zarz\u0105d Wojew\u00f3dztwa \u015al\u0105skiego rozdzielili unijne pieni\u0105dze na rewitalizacj\u0119.<\/h3>\n<p>Zako\u0144czy\u0142 si\u0119 w\u0142a\u015bnie pierwszy konkurs zwi\u0105zany z rewitalizacj\u0105 obszar\u00f3w zdegradowanych w ramach Zintegrowanych Inwestycji Terytorialnych dla wojew\u00f3dztwa \u015bl\u0105skiego. Zrealizowanych zostanie 18 przedsi\u0119wzi\u0119\u0107 o warto\u015bci przekraczaj\u0105cej 178 mln z\u0142. Dofinansowanie tych projekt\u00f3w w konkursie wynios\u0142o ponad 108 mln z\u0142 &#8211; informuje <strong>Mariusz \u015apiewok<\/strong>, Dyrektor Biura Zwi\u0105zku Subregionu Centralnego.<\/p><div class=\"zabrz-a3-z-w-tresci-artykulow zabrz-entity-placement\" id=\"zabrz-878859355\"><div class=\"zabrz-adlabel\"><span style=\"font-size: 9px\">REKLAMA<\/span><\/div><div id=\"zabrz-3677254036\" style=\"margin-bottom: 40px;margin-left: auto;margin-right: auto;text-align: center;\"><a data-no-instant=\"1\" href=\"https:\/\/ogrodyandersa.pl\/\" rel=\"noopener\" class=\"a2t-link\" target=\"_blank\" aria-label=\"20260415 Ogrody Andersa WYBIERZ MIESZKANIE D\"><img loading=\"lazy\" decoding=\"async\" src=\"https:\/\/www.24zabrze.pl\/wiadomosci\/wp-content\/uploads\/2026\/02\/20260415-Ogrody-Andersa-WYBIERZ-MIESZKANIE-D.jpg\" alt=\"\"  srcset=\"https:\/\/www.24zabrze.pl\/wiadomosci\/wp-content\/uploads\/2026\/02\/20260415-Ogrody-Andersa-WYBIERZ-MIESZKANIE-D.jpg 750w, https:\/\/www.24zabrze.pl\/wiadomosci\/wp-content\/uploads\/2026\/02\/20260415-Ogrody-Andersa-WYBIERZ-MIESZKANIE-D-410x109.jpg 410w\" sizes=\"(max-width: 750px) 100vw, 750px\" class=\"no-lazyload\" width=\"750\" height=\"200\"  style=\"display: inline-block; max-width: 100%; height: auto;\" \/><\/a><\/div><\/div>\n[perfectpullquote align=&#8221;full&#8221; bordertop=&#8221;false&#8221; cite=&#8221;&#8221; link=&#8221;&#8221; color=&#8221;&#8221; class=&#8221;&#8221; size=&#8221;&#8221;]Najwi\u0119ksze dofinansowanie, bo a\u017c 23,6 mln z\u0142 otrzyma Muzeum G\u00f3rnictwa W\u0119glowego w Zabrzu, kt\u00f3re zrewitalizuje zabytkow\u0105 wie\u017c\u0119 ci\u015bnie\u0144 przy ul. Zamoyskiego. [\/perfectpullquote]\n<p>W obiekcie, kt\u00f3ry jest jednym z najbardziej rozpoznawalnych obiekt\u00f3w architektury poprzemys\u0142owej miasta, powstanie edukacyjno-naukowa wystawa zwi\u0105zana z w\u0119glem, przestrze\u0144 wielofunkcyjna s\u0142u\u017c\u0105ca edukacji, spotkaniom, dzia\u0142alno\u015bci spo\u0142eczno-gospodarczej, naukowej i dokumentacji dziedzictwa g\u00f3rniczego.<\/p>\n<p>W ramach ZIT na zagospodarowanie centr\u00f3w miast oraz rewitalizacj\u0119 spo\u0142eczn\u0105 jest do rozdysponowania w woj. \u015bl\u0105skim ponad 431,3 mln z\u0142. Rewitalizacja oznacza nie tylko remonty budynk\u00f3w i upi\u0119kszanie dzielnic ale przede wszystkim pobudzenie aktywno\u015bci mieszka\u0144c\u00f3w, anga\u017cowanie ich do wybranych projekt\u00f3w, likwidacj\u0119 bezrobocia, wykluczenia spo\u0142ecznego czy zjawisk patologicznych. Przedsi\u0119wzi\u0119cia rewitalizacyjne s\u0105 jednymi wa\u017cniejszych, w kt\u00f3re inwestuj\u0105 samorz\u0105dy zrzeszone w Zwi\u0105zku Subregionu Centralnego. A ich realizacja w formule ZIT czyli wzajemnego uzupe\u0142niania si\u0119 zwi\u0119ksza efekty oddzia\u0142ywania na obszarze ca\u0142ej aglomeracji g\u00f3rno\u015bl\u0105skiej.\u2013 informuje Mariusz \u015apiewok, Dyrektor Biura Zwi\u0105zku Subregionu Centralnego.<\/p>\n<p>Do 31 stycznia br. trwa kolejny nab\u00f3r z tego zakresu. Pula \u015brodk\u00f3w do podzia\u0142u wynosi 84,9 mln z\u0142. Szczeg\u00f3\u0142owe informacje dost\u0119pne s\u0105 <a href=\"http:\/\/www.subregioncentralny.pl\/nabory-dla-zit.html\" target=\"_blank\" rel=\"noopener\">na stronie Zwi\u0105zku<\/a>.<\/p>\n<p>FOTO: RAFA\u0141 BIGDA<\/p>\n","protected":false},"excerpt":{"rendered":"<p>23,6 mln z\u0142 dla Muzeum G\u00f3rnictwa W\u0119glowego w Zabrzu, 16,5 mln z\u0142 dla Sosnowca, 8,2 mln z\u0142 dla Siemianowic \u015al\u0105skich. Zwi\u0105zek Subregionu Centralnego i Zarz\u0105d Wojew\u00f3dztwa \u015al\u0105skiego rozdzielili unijne pieni\u0105dze na rewitalizacj\u0119. Zako\u0144czy\u0142 si\u0119 w\u0142a\u015bnie pierwszy konkurs zwi\u0105zany z rewitalizacj\u0105 obszar\u00f3w zdegradowanych w ramach Zintegrowanych Inwestycji Terytorialnych dla wojew\u00f3dztwa \u015bl\u0105skiego. Zrealizowanych zostanie 18 przedsi\u0119wzi\u0119\u0107 o [&hellip;]<\/p>\n","protected":false},"author":4,"featured_media":80645,"comment_status":"closed","ping_status":"closed","sticky":false,"template":"","format":"standard","meta":{"_monsterinsights_skip_tracking":false,"_monsterinsights_sitenote_active":false,"_monsterinsights_sitenote_note":"","_monsterinsights_sitenote_category":0,"footnotes":"","_links_to":"","_links_to_target":""},"categories":[8,9,1],"tags":[],"class_list":["post-80642","post","type-post","status-publish","format-standard","has-post-thumbnail","hentry","category-referendum","category-stronaglowna","category-wszystko"],"_links":{"self":[{"href":"https:\/\/www.24zabrze.pl\/wiadomosci\/wp-json\/wp\/v2\/posts\/80642","targetHints":{"allow":["GET"]}}],"collection":[{"href":"https:\/\/www.24zabrze.pl\/wiadomosci\/wp-json\/wp\/v2\/posts"}],"about":[{"href":"https:\/\/www.24zabrze.pl\/wiadomosci\/wp-json\/wp\/v2\/types\/post"}],"author":[{"embeddable":true,"href":"https:\/\/www.24zabrze.pl\/wiadomosci\/wp-json\/wp\/v2\/users\/4"}],"replies":[{"embeddable":true,"href":"https:\/\/www.24zabrze.pl\/wiadomosci\/wp-json\/wp\/v2\/comments?post=80642"}],"version-history":[{"count":6,"href":"https:\/\/www.24zabrze.pl\/wiadomosci\/wp-json\/wp\/v2\/posts\/80642\/revisions"}],"predecessor-version":[{"id":80649,"href":"https:\/\/www.24zabrze.pl\/wiadomosci\/wp-json\/wp\/v2\/posts\/80642\/revisions\/80649"}],"wp:featuredmedia":[{"embeddable":true,"href":"https:\/\/www.24zabrze.pl\/wiadomosci\/wp-json\/wp\/v2\/media\/80645"}],"wp:attachment":[{"href":"https:\/\/www.24zabrze.pl\/wiadomosci\/wp-json\/wp\/v2\/media?parent=80642"}],"wp:term":[{"taxonomy":"category","embeddable":true,"href":"https:\/\/www.24zabrze.pl\/wiadomosci\/wp-json\/wp\/v2\/categories?post=80642"},{"taxonomy":"post_tag","embeddable":true,"href":"https:\/\/www.24zabrze.pl\/wiadomosci\/wp-json\/wp\/v2\/tags?post=80642"}],"curies":[{"name":"wp","href":"https:\/\/api.w.org\/{rel}","templated":true}]}}