{"id":80589,"date":"2018-01-05T00:59:50","date_gmt":"2018-01-04T22:59:50","guid":{"rendered":"http:\/\/www.24zabrze.pl\/wiadomosci\/?p=80589"},"modified":"2018-01-09T02:51:42","modified_gmt":"2018-01-09T00:51:42","slug":"wojewoda-zmienil-nazwy-dwoch-ulic-w-zabrzu-w-ramach-dekomunizacji","status":"publish","type":"post","link":"https:\/\/www.24zabrze.pl\/wiadomosci\/wojewoda-zmienil-nazwy-dwoch-ulic-w-zabrzu-w-ramach-dekomunizacji\/","title":{"rendered":"Wojewoda zmieni\u0142 nazwy dw\u00f3ch ulic w Zabrzu. W ramach dekomunizacji"},"content":{"rendered":"<div class=\"zabrz-a6-z-nad-leadem-artykulow zabrz-entity-placement\" id=\"zabrz-3987865065\"><div class=\"zabrz-adlabel\"><span style=\"font-size: 9px\">REKLAMA<\/span><\/div><div id=\"zabrz-3219074611\" style=\"margin-bottom: 30px;margin-left: auto;margin-right: auto;text-align: center;\"><a data-no-instant=\"1\" href=\"https:\/\/dom100.eu\/\" rel=\"noopener\" class=\"a2t-link\" target=\"_blank\" aria-label=\"20260415 DOM100 D\"><img loading=\"lazy\" decoding=\"async\" src=\"https:\/\/www.24zabrze.pl\/wiadomosci\/wp-content\/uploads\/2026\/02\/20260415-DOM100-D.jpg\" alt=\"\"  srcset=\"https:\/\/www.24zabrze.pl\/wiadomosci\/wp-content\/uploads\/2026\/02\/20260415-DOM100-D.jpg 750w, https:\/\/www.24zabrze.pl\/wiadomosci\/wp-content\/uploads\/2026\/02\/20260415-DOM100-D-410x109.jpg 410w\" sizes=\"(max-width: 750px) 100vw, 750px\" class=\"no-lazyload\" width=\"750\" height=\"200\"  style=\"display: inline-block; max-width: 100%; height: auto;\" \/><\/a><\/div><\/div><h3>Z ko\u0144cem roku dwie ulice w Zabrzu zmieni\u0142y nazwy. Zarz\u0105dzenie w tej sprawie wyda\u0142 Wojewoda \u015al\u0105ski.<\/h3>\n<p>Ulica <strong>Lucjana Szenwalda<\/strong> zosta\u0142a zamieniona na ulic\u0119 <strong>rtm. Witolda Pileckiego<\/strong> (zgodnie z zarz\u0105dzeniem zast\u0119pczym nr NPII.4131.4.12.2017 Wojewody \u015al\u0105skiego z dnia 13.12.2017 r. w sprawie zmiany nazwy ulicy).<br \/>\nUlica <strong>Leona Kruczkowskiego<\/strong> nosi teraz nazw\u0119 <strong>p\u0142k. Franciszka Niepok\u00f3lczyckiego<\/strong> (zgodnie z zarz\u0105dzeniem zast\u0119pczym nr NPII.4131.4.13.2017 Wojewody \u015al\u0105skiego z dnia 13.12.2017 r. w sprawie zmiany nazwy ulicy).<\/p><div class=\"zabrz-a3-z-w-tresci-artykulow zabrz-entity-placement\" id=\"zabrz-719581288\"><div class=\"zabrz-adlabel\"><span style=\"font-size: 9px\">REKLAMA<\/span><\/div><div id=\"zabrz-1968516899\" style=\"margin-bottom: 40px;margin-left: auto;margin-right: auto;text-align: center;\"><a data-no-instant=\"1\" href=\"https:\/\/ogrodyandersa.pl\/\" rel=\"noopener\" class=\"a2t-link\" target=\"_blank\" aria-label=\"20260415 Ogrody Andersa WYBIERZ MIESZKANIE D\"><img loading=\"lazy\" decoding=\"async\" src=\"https:\/\/www.24zabrze.pl\/wiadomosci\/wp-content\/uploads\/2026\/02\/20260415-Ogrody-Andersa-WYBIERZ-MIESZKANIE-D.jpg\" alt=\"\"  srcset=\"https:\/\/www.24zabrze.pl\/wiadomosci\/wp-content\/uploads\/2026\/02\/20260415-Ogrody-Andersa-WYBIERZ-MIESZKANIE-D.jpg 750w, https:\/\/www.24zabrze.pl\/wiadomosci\/wp-content\/uploads\/2026\/02\/20260415-Ogrody-Andersa-WYBIERZ-MIESZKANIE-D-410x109.jpg 410w\" sizes=\"(max-width: 750px) 100vw, 750px\" class=\"no-lazyload\" width=\"750\" height=\"200\"  style=\"display: inline-block; max-width: 100%; height: auto;\" \/><\/a><\/div><\/div>\n<p style=\"padding-left: 60px;\">W uzasadnieniu decyzji czytamy: &#8220;Zgodnie z art. 6 ust. 1 ustawy nazwy budowli, obiekt\u00f3w i urz\u0105dze\u0144 u\u017cyteczno\u015bci publicznej, w tym dr\u00f3g, ulic, most\u00f3w i plac\u00f3w, upami\u0119tniaj\u0105ce osoby, organizacje, wydarzenia lub daty symbolizuj\u0105ce komunizm lub inny ustr\u00f3j totalitarny lub propaguj\u0105ce taki ustr\u00f3j w inny spos\u00f3b, w\u0142a\u015bciwy organ jednostki samorz\u0105du terytorialnego, zmienia w terminie 12 miesi\u0119cy od dnia jej wej\u015bcia w \u017cycie. W przypadku niewykonania tego obowi\u0105zku w ww. terminie tj. do dnia 2 wrze\u015bnia 2017 r. w\u0142a\u015bciwy wojewoda ma obowi\u0105zek wydania zarz\u0105dzenia zast\u0119pczego, w kt\u00f3rym nadaje nazw\u0119 zgodn\u0105 z art. 1 ustawy w terminie 3 miesi\u0119cy od dnia, w kt\u00f3rym up\u0142yn\u0105\u0142 wy\u017cej wskazany termin.(&#8230;)<\/p>\n<p>Zarz\u0105dzenia opublikowane zosta\u0142y w Dzienniku Urz\u0119dowym Wojew\u00f3dztwa \u015al\u0105skiego i mo\u017cna si\u0119 z nimi zapozna\u0107 bezpo\u015brednio <a href=\"http:\/\/dzienniki.slask.eu\/GetActPdf.ashx?year=2017&amp;book=0&amp;position=7075\" target=\"_blank\" rel=\"noopener\">TUTAJ<\/a> i <a href=\"http:\/\/dzienniki.slask.eu\/GetActPdf.ashx?year=2017&amp;book=0&amp;position=7076\" target=\"_blank\" rel=\"noopener\">TUTAJ<\/a>.<\/p>\n<p><iframe loading=\"lazy\" src=\"https:\/\/www.google.com\/maps\/embed?pb=!4v1515106782866!6m8!1m7!1sw_IX5jkfLHhZacqBu-FxFQ!2m2!1d50.38025852380369!2d18.81025950665548!3f171.23914737719065!4f-2.4666785798298463!5f0.7820865974627469\" width=\"800\" height=\"600\" frameborder=\"0\" style=\"border:0\" allowfullscreen><\/iframe><\/p>\n","protected":false},"excerpt":{"rendered":"<p>Z ko\u0144cem roku dwie ulice w Zabrzu zmieni\u0142y nazwy. Zarz\u0105dzenie w tej sprawie wyda\u0142 Wojewoda \u015al\u0105ski. Ulica Lucjana Szenwalda zosta\u0142a zamieniona na ulic\u0119 rtm. Witolda Pileckiego (zgodnie z zarz\u0105dzeniem zast\u0119pczym nr NPII.4131.4.12.2017 Wojewody \u015al\u0105skiego z dnia 13.12.2017 r. w sprawie zmiany nazwy ulicy). Ulica Leona Kruczkowskiego nosi teraz nazw\u0119 p\u0142k. Franciszka Niepok\u00f3lczyckiego (zgodnie z zarz\u0105dzeniem [&hellip;]<\/p>\n","protected":false},"author":4,"featured_media":80593,"comment_status":"closed","ping_status":"closed","sticky":false,"template":"","format":"standard","meta":{"_monsterinsights_skip_tracking":false,"_monsterinsights_sitenote_active":false,"_monsterinsights_sitenote_note":"","_monsterinsights_sitenote_category":0,"footnotes":"","_links_to":"","_links_to_target":""},"categories":[8,9,1],"tags":[],"class_list":["post-80589","post","type-post","status-publish","format-standard","has-post-thumbnail","hentry","category-referendum","category-stronaglowna","category-wszystko"],"_links":{"self":[{"href":"https:\/\/www.24zabrze.pl\/wiadomosci\/wp-json\/wp\/v2\/posts\/80589","targetHints":{"allow":["GET"]}}],"collection":[{"href":"https:\/\/www.24zabrze.pl\/wiadomosci\/wp-json\/wp\/v2\/posts"}],"about":[{"href":"https:\/\/www.24zabrze.pl\/wiadomosci\/wp-json\/wp\/v2\/types\/post"}],"author":[{"embeddable":true,"href":"https:\/\/www.24zabrze.pl\/wiadomosci\/wp-json\/wp\/v2\/users\/4"}],"replies":[{"embeddable":true,"href":"https:\/\/www.24zabrze.pl\/wiadomosci\/wp-json\/wp\/v2\/comments?post=80589"}],"version-history":[{"count":4,"href":"https:\/\/www.24zabrze.pl\/wiadomosci\/wp-json\/wp\/v2\/posts\/80589\/revisions"}],"predecessor-version":[{"id":80594,"href":"https:\/\/www.24zabrze.pl\/wiadomosci\/wp-json\/wp\/v2\/posts\/80589\/revisions\/80594"}],"wp:featuredmedia":[{"embeddable":true,"href":"https:\/\/www.24zabrze.pl\/wiadomosci\/wp-json\/wp\/v2\/media\/80593"}],"wp:attachment":[{"href":"https:\/\/www.24zabrze.pl\/wiadomosci\/wp-json\/wp\/v2\/media?parent=80589"}],"wp:term":[{"taxonomy":"category","embeddable":true,"href":"https:\/\/www.24zabrze.pl\/wiadomosci\/wp-json\/wp\/v2\/categories?post=80589"},{"taxonomy":"post_tag","embeddable":true,"href":"https:\/\/www.24zabrze.pl\/wiadomosci\/wp-json\/wp\/v2\/tags?post=80589"}],"curies":[{"name":"wp","href":"https:\/\/api.w.org\/{rel}","templated":true}]}}