{"id":80385,"date":"2017-11-20T03:36:33","date_gmt":"2017-11-20T01:36:33","guid":{"rendered":"http:\/\/www.24zabrze.pl\/wiadomosci\/?p=80385"},"modified":"2017-11-20T14:06:06","modified_gmt":"2017-11-20T12:06:06","slug":"proboszcz-zabrzanskiej-parafii-biskupem-informacje-przyjelismy-z-radoscia","status":"publish","type":"post","link":"https:\/\/www.24zabrze.pl\/wiadomosci\/proboszcz-zabrzanskiej-parafii-biskupem-informacje-przyjelismy-z-radoscia\/","title":{"rendered":"Proboszcz zabrza\u0144skiej parafii biskupem. &#8220;Informacj\u0119 przyj\u0119li\u015bmy z rado\u015bci\u0105&#8221;"},"content":{"rendered":"<div class=\"zabrz-a6-z-nad-leadem-artykulow zabrz-entity-placement\" id=\"zabrz-2580677371\"><div class=\"zabrz-adlabel\"><span style=\"font-size: 9px\">REKLAMA<\/span><\/div><div id=\"zabrz-4140301300\" style=\"margin-bottom: 30px;margin-left: auto;margin-right: auto;text-align: center;\"><a data-no-instant=\"1\" href=\"https:\/\/dom100.eu\/\" rel=\"noopener\" class=\"a2t-link\" target=\"_blank\" aria-label=\"20260415 DOM100 D\"><img loading=\"lazy\" decoding=\"async\" src=\"https:\/\/www.24zabrze.pl\/wiadomosci\/wp-content\/uploads\/2026\/02\/20260415-DOM100-D.jpg\" alt=\"\"  srcset=\"https:\/\/www.24zabrze.pl\/wiadomosci\/wp-content\/uploads\/2026\/02\/20260415-DOM100-D.jpg 750w, https:\/\/www.24zabrze.pl\/wiadomosci\/wp-content\/uploads\/2026\/02\/20260415-DOM100-D-410x109.jpg 410w\" sizes=\"(max-width: 750px) 100vw, 750px\" class=\"no-lazyload\" width=\"750\" height=\"200\"  style=\"display: inline-block; max-width: 100%; height: auto;\" \/><\/a><\/div><\/div><h3>Nuncjatura apostolska poinformowa\u0142a, \u017ce Ojciec \u015awi\u0119ty Franciszek mianowa\u0142 ks. pra\u0142ata Andrzeja Iwaneckiego, proboszcza parafii \u015bw. Franciszka w Zabrzu, biskupem pomocniczym diecezji gliwickiej. <\/h3>\n<p>Przypomnijmy, \u017ce biskup nominat Andrzej Iwanecki od 1998 roku by\u0142 proboszczem parafii \u015bw. Franciszka z Asy\u017cu, a 21 pa\u017adziernika 2008 roku decyzj\u0105 papie\u017ca Benedykta XVI zosta\u0142 pra\u0142atem. Jako proboszcz zyska\u0142 szacunek wiernych aktywizuj\u0105c \u017cycie duchowe wsp\u00f3lnoty, wspieraj\u0105c potrzebuj\u0105cych i propaguj\u0105c odnow\u0119 w duchu jedno\u015bci.<\/p><div class=\"zabrz-a3-z-w-tresci-artykulow zabrz-entity-placement\" id=\"zabrz-3423701096\"><div class=\"zabrz-adlabel\"><span style=\"font-size: 9px\">REKLAMA<\/span><\/div><div id=\"zabrz-1337718711\" style=\"margin-bottom: 40px;margin-left: auto;margin-right: auto;text-align: center;\"><a data-no-instant=\"1\" href=\"https:\/\/ogrodyandersa.pl\/\" rel=\"noopener\" class=\"a2t-link\" target=\"_blank\" aria-label=\"20260415 Ogrody Andersa WYBIERZ MIESZKANIE D\"><img loading=\"lazy\" decoding=\"async\" src=\"https:\/\/www.24zabrze.pl\/wiadomosci\/wp-content\/uploads\/2026\/02\/20260415-Ogrody-Andersa-WYBIERZ-MIESZKANIE-D.jpg\" alt=\"\"  srcset=\"https:\/\/www.24zabrze.pl\/wiadomosci\/wp-content\/uploads\/2026\/02\/20260415-Ogrody-Andersa-WYBIERZ-MIESZKANIE-D.jpg 750w, https:\/\/www.24zabrze.pl\/wiadomosci\/wp-content\/uploads\/2026\/02\/20260415-Ogrody-Andersa-WYBIERZ-MIESZKANIE-D-410x109.jpg 410w\" sizes=\"(max-width: 750px) 100vw, 750px\" class=\"no-lazyload\" width=\"750\" height=\"200\"  style=\"display: inline-block; max-width: 100%; height: auto;\" \/><\/a><\/div><\/div>\n<blockquote><p>&#8211; Z rado\u015bci\u0105 przyj\u0119li\u015bmy informacj\u0119, \u017ce duszpasterz z Zabrza zostanie biskupem. Serdecznie gratulujemy i zapewniamy o naszej pami\u0119ci w modlitwie<\/p><\/blockquote>\n<p> \u2013 stwierdzi\u0142a <strong>Ma\u0142gorzata Ma\u0144ka-Szulik<\/strong>, prezydent Zabrza.<\/p>\n<p>Biskup nominat Andrzej Iwanecki otrzyma \u015bwi\u0119cenia biskupie 7 stycznia 2018 roku w obecno\u015bci arcybiskupa Salvatore Pennacchio, Nuncjusza Apostolskiego w Polsce. (WKS Zabrze)<\/p>\n","protected":false},"excerpt":{"rendered":"<p>Nuncjatura apostolska poinformowa\u0142a, \u017ce Ojciec \u015awi\u0119ty Franciszek mianowa\u0142 ks. pra\u0142ata Andrzeja Iwaneckiego, proboszcza parafii \u015bw. Franciszka w Zabrzu, biskupem pomocniczym diecezji gliwickiej. Przypomnijmy, \u017ce biskup nominat Andrzej Iwanecki od 1998 roku by\u0142 proboszczem parafii \u015bw. Franciszka z Asy\u017cu, a 21 pa\u017adziernika 2008 roku decyzj\u0105 papie\u017ca Benedykta XVI zosta\u0142 pra\u0142atem. Jako proboszcz zyska\u0142 szacunek wiernych aktywizuj\u0105c [&hellip;]<\/p>\n","protected":false},"author":4,"featured_media":80394,"comment_status":"closed","ping_status":"closed","sticky":false,"template":"","format":"standard","meta":{"_monsterinsights_skip_tracking":false,"_monsterinsights_sitenote_active":false,"_monsterinsights_sitenote_note":"","_monsterinsights_sitenote_category":0,"footnotes":"","_links_to":"","_links_to_target":""},"categories":[1],"tags":[],"class_list":["post-80385","post","type-post","status-publish","format-standard","has-post-thumbnail","hentry","category-wszystko"],"_links":{"self":[{"href":"https:\/\/www.24zabrze.pl\/wiadomosci\/wp-json\/wp\/v2\/posts\/80385","targetHints":{"allow":["GET"]}}],"collection":[{"href":"https:\/\/www.24zabrze.pl\/wiadomosci\/wp-json\/wp\/v2\/posts"}],"about":[{"href":"https:\/\/www.24zabrze.pl\/wiadomosci\/wp-json\/wp\/v2\/types\/post"}],"author":[{"embeddable":true,"href":"https:\/\/www.24zabrze.pl\/wiadomosci\/wp-json\/wp\/v2\/users\/4"}],"replies":[{"embeddable":true,"href":"https:\/\/www.24zabrze.pl\/wiadomosci\/wp-json\/wp\/v2\/comments?post=80385"}],"version-history":[{"count":0,"href":"https:\/\/www.24zabrze.pl\/wiadomosci\/wp-json\/wp\/v2\/posts\/80385\/revisions"}],"wp:featuredmedia":[{"embeddable":true,"href":"https:\/\/www.24zabrze.pl\/wiadomosci\/wp-json\/wp\/v2\/media\/80394"}],"wp:attachment":[{"href":"https:\/\/www.24zabrze.pl\/wiadomosci\/wp-json\/wp\/v2\/media?parent=80385"}],"wp:term":[{"taxonomy":"category","embeddable":true,"href":"https:\/\/www.24zabrze.pl\/wiadomosci\/wp-json\/wp\/v2\/categories?post=80385"},{"taxonomy":"post_tag","embeddable":true,"href":"https:\/\/www.24zabrze.pl\/wiadomosci\/wp-json\/wp\/v2\/tags?post=80385"}],"curies":[{"name":"wp","href":"https:\/\/api.w.org\/{rel}","templated":true}]}}