{"id":80368,"date":"2017-11-17T13:26:55","date_gmt":"2017-11-17T11:26:55","guid":{"rendered":"http:\/\/www.24zabrze.pl\/wiadomosci\/?p=80368"},"modified":"2017-11-17T13:34:25","modified_gmt":"2017-11-17T11:34:25","slug":"wyroznienie-dla-parku-12c-w-zabrzu-prace-byly-na-bardzo-wysokim-poziomie","status":"publish","type":"post","link":"https:\/\/www.24zabrze.pl\/wiadomosci\/wyroznienie-dla-parku-12c-w-zabrzu-prace-byly-na-bardzo-wysokim-poziomie\/","title":{"rendered":"Wyr\u00f3\u017cnienie dla Parku 12C w Zabrzu. &#8220;Prace by\u0142y na bardzo wysokim poziomie&#8221;"},"content":{"rendered":"<div class=\"zabrz-a6-z-nad-leadem-artykulow zabrz-entity-placement\" id=\"zabrz-2224298459\"><div class=\"zabrz-adlabel\"><span style=\"font-size: 9px\">REKLAMA<\/span><\/div><div id=\"zabrz-702167720\" style=\"margin-bottom: 30px;margin-left: auto;margin-right: auto;text-align: center;\"><a data-no-instant=\"1\" href=\"https:\/\/dom100.eu\/\" rel=\"noopener\" class=\"a2t-link\" target=\"_blank\" aria-label=\"20260415 DOM100 D\"><img loading=\"lazy\" decoding=\"async\" src=\"https:\/\/www.24zabrze.pl\/wiadomosci\/wp-content\/uploads\/2026\/02\/20260415-DOM100-D.jpg\" alt=\"\"  srcset=\"https:\/\/www.24zabrze.pl\/wiadomosci\/wp-content\/uploads\/2026\/02\/20260415-DOM100-D.jpg 750w, https:\/\/www.24zabrze.pl\/wiadomosci\/wp-content\/uploads\/2026\/02\/20260415-DOM100-D-410x109.jpg 410w\" sizes=\"(max-width: 750px) 100vw, 750px\" class=\"no-lazyload\" width=\"750\" height=\"200\"  style=\"display: inline-block; max-width: 100%; height: auto;\" \/><\/a><\/div><\/div><h3>Park 12C Sztolni Kr\u00f3lowa Luiza w Zabrzu otrzyma\u0142 wyr\u00f3\u017cnienie za \u201einnowacyjne rozwi\u0105zanie placu zabaw dla dzieci, w powi\u0105zaniu z funkcj\u0105 edukacyjn\u0105 i wykorzystaniem to\u017csamo\u015bci i historii miejsca\u201d w konkursie Najlepsza Przestrze\u0144 Publiczna Wojew\u00f3dztwa \u015al\u0105skiego 2017.<\/h3>\n<p>W sumie na tegoroczn\u0105, 18. edycj\u0119 konkursu, wp\u0142yn\u0119\u0142o 27 realizacji, zlokalizowanych na terenie 17 gmin naszego wojew\u00f3dztwa.<\/p><div class=\"zabrz-a3-z-w-tresci-artykulow zabrz-entity-placement\" id=\"zabrz-1953423291\"><div class=\"zabrz-adlabel\"><span style=\"font-size: 9px\">REKLAMA<\/span><\/div><div id=\"zabrz-3141506534\" style=\"margin-bottom: 40px;margin-left: auto;margin-right: auto;text-align: center;\"><a data-no-instant=\"1\" href=\"https:\/\/ogrodyandersa.pl\/\" rel=\"noopener\" class=\"a2t-link\" target=\"_blank\" aria-label=\"20260415 Ogrody Andersa WYBIERZ MIESZKANIE D\"><img loading=\"lazy\" decoding=\"async\" src=\"https:\/\/www.24zabrze.pl\/wiadomosci\/wp-content\/uploads\/2026\/02\/20260415-Ogrody-Andersa-WYBIERZ-MIESZKANIE-D.jpg\" alt=\"\"  srcset=\"https:\/\/www.24zabrze.pl\/wiadomosci\/wp-content\/uploads\/2026\/02\/20260415-Ogrody-Andersa-WYBIERZ-MIESZKANIE-D.jpg 750w, https:\/\/www.24zabrze.pl\/wiadomosci\/wp-content\/uploads\/2026\/02\/20260415-Ogrody-Andersa-WYBIERZ-MIESZKANIE-D-410x109.jpg 410w\" sizes=\"(max-width: 750px) 100vw, 750px\" class=\"no-lazyload\" width=\"750\" height=\"200\"  style=\"display: inline-block; max-width: 100%; height: auto;\" \/><\/a><\/div><\/div>\n<blockquote><p>&#8211; Musimy pami\u0119ta\u0107, \u017ce przestrze\u0144 nie jest dobrem odnawialnym. Tutaj nie ma miejsca na b\u0142\u0119dy. Organizacja przestrzeni musi by\u0107 na bardzo dobrym poziomie. Niedobra architektura to nic innego jak olbrzymie koszty. Podczas tej gali kolejny raz promujemy najlepsze rozwi\u0105zania w tym wzgl\u0119dzie\u201d<\/p><\/blockquote>\n<p>\u2013 powiedzia\u0142 podczas uroczysto\u015bci, kt\u00f3ra odby\u0142a si\u0119 wczoraj w Urz\u0119dzie Wojew\u00f3dzkim <strong>Henryk Mercik<\/strong>, cz\u0142onek zarz\u0105du wojew\u00f3dztwa \u015bl\u0105skiego.<\/p>\n<p><strong>Agnieszka Kaczmarska<\/strong>, prezes katowickiego oddzia\u0142u Stowarzyszenia Architekt\u00f3w RP doda\u0142a, \u017ce na konkurs wp\u0142yn\u0119\u0142y prace na bardzo wysokim poziomie i wyb\u00f3r tej najlepszej by\u0142 wyj\u0105tkowo trudny.<\/p>\n[perfectpullquote align=&#8221;full&#8221; cite=&#8221;&#8221; link=&#8221;&#8221; color=&#8221;&#8221; class=&#8221;&#8221; size=&#8221;&#8221;]Ostatecznie Jury postanowi\u0142o przyzna\u0107 dwie nagrody i cztery wyr\u00f3\u017cnienia.[\/perfectpullquote]\n<p>Nagrod\u0119 Marsza\u0142ka Wojew\u00f3dztwa \u015al\u0105skiego w kategorii obiekt u\u017cyteczno\u015bci publicznej otrzyma\u0142a realizacja Zespo\u0142u Szkolno-Przedszkolnego w Jaroszowicach. \u201eZa nowoczesne rozwi\u0105zanie architektoniczno-przestrzenne budynku szkolnego, ujmuj\u0105ce prostot\u0105 architektury, dyscyplin\u0105 doboru materia\u0142\u00f3w i element\u00f3w aran\u017cacji wn\u0119trz, pozwalaj\u0105cych na kszta\u0142towanie poczucia estetyki u\u017cytkownik\u00f3w obiektu w otoczeniu wsp\u00f3\u0142czesnej, zr\u00f3wnowa\u017conej architektury\u201d \u2013 czytamy w uzasadnieniu.<\/p>\n<p><iframe loading=\"lazy\" width=\"810\" height=\"456\" src=\"https:\/\/www.youtube.com\/embed\/aYGmkduY_Ls\" frameborder=\"0\" allowfullscreen><\/iframe><\/p>\n<p>Z kolei w kategorii przestrze\u0144 publiczna Nagroda Marsza\u0142ka trafi\u0142a do projektant\u00f3w i architekt\u00f3w odpowiedzialnych za przebudow\u0119 istniej\u0105cego dworca autobusowego w Piekarach \u015al. Jury doceni\u0142o \u201eodwa\u017cne i wyraziste ukszta\u0142towanie formy, zadaszenie wielofunkcyjnej przestrzeni dworca autobusowego oraz prawid\u0142owo rozwi\u0105zan\u0105 funkcj\u0119 w kompaktowym uk\u0142adzie i w\u0142a\u015bciwej skali stosowanej na potrzeby miast\u201d.<\/p>\n<p><strong>Wyr\u00f3\u017cnienia otrzyma\u0142y:<\/strong><br \/>\nGminne Centrum Spo\u0142eczno-Kulturalne i Biblioteka w So\u015bnicowicach (\u201eza prawid\u0142owe rozwi\u0105zanie i strefowanie funkcji z bezpretensjonaln\u0105 form\u0105 wpisuj\u0105c\u0105 si\u0119 z wyczuciem w kontekst urbanistyczny i architektoniczny otoczenia\u201d);<\/p>\n<p><strong>Park 12C Sztolni Kr\u00f3lowa Luiza w Zabrzu (\u201eza innowacyjne rozwi\u0105zanie placu zabaw dla dzieci, w powi\u0105zaniu z funkcj\u0105 edukacyjn\u0105 i wykorzystaniem to\u017csamo\u015bci i historii miejsca\u201d);<\/strong><\/p>\n<p>obiekt gastronomiczny \u201ePromenada\u201d nad Jeziorem Paproca\u0144skim w Tychach (\u201estanowi \u015bwiadectwo konsekwentnej realizacji, sp\u00f3jnego pomys\u0142u zagospodarowania przestrzeni publicznych wok\u00f3\u0142 jeziora, z wykorzystaniem wsp\u00f3\u0142czesnych form architektoniczno-przestrzennych, w\u0142a\u015bciwie wkomponowanych w istniej\u0105cy krajobraz i dotychczasow\u0105 aran\u017cacj\u0119 nabrze\u017ca\u201d)<\/p>\n<p>Opera \u015al\u0105ska w Bytomiu \u2013 projekt iluminacji budynku (\u201earchitektura \u015bwiat\u0142a w udany spos\u00f3b prezentuje i przywraca wa\u017cny dla miasta Bytomia budynek promuj\u0105cy miejsce, funkcj\u0119 i znaczenie obiektu zar\u00f3wno dla miasta, jak i regionu\u201d).<\/p>\n<p>Tradycyjnie swoj\u0105 nagrod\u0119 mieli okazje przyzna\u0107 sami internauci. Najwi\u0119cej g\u0142os\u00f3w i tym samym Nagroda Internaut\u00f3w przypad\u0142a w udziale autor\u00f3w realizacji obiektu gastronomicznego \u201ePromenada\u201d nad Jeziorem Paproca\u0144skim w Tychach.<\/p>\n<p>Podczas uroczysto\u015bci wr\u0119czono r\u00f3wnie\u017c wyr\u00f3\u017cnienia i nagrody w ramach konkursu Architektura Roku oraz najlepsza praca dyplomowa i kursowa z zakresu urbanistyki, gospodarki przestrzennej i zr\u00f3wnowa\u017conego rozwoju.<\/p>\n","protected":false},"excerpt":{"rendered":"<p>Park 12C Sztolni Kr\u00f3lowa Luiza w Zabrzu otrzyma\u0142 wyr\u00f3\u017cnienie za \u201einnowacyjne rozwi\u0105zanie placu zabaw dla dzieci, w powi\u0105zaniu z funkcj\u0105 edukacyjn\u0105 i wykorzystaniem to\u017csamo\u015bci i historii miejsca\u201d w konkursie Najlepsza Przestrze\u0144 Publiczna Wojew\u00f3dztwa \u015al\u0105skiego 2017. W sumie na tegoroczn\u0105, 18. edycj\u0119 konkursu, wp\u0142yn\u0119\u0142o 27 realizacji, zlokalizowanych na terenie 17 gmin naszego wojew\u00f3dztwa. &#8211; Musimy pami\u0119ta\u0107, [&hellip;]<\/p>\n","protected":false},"author":4,"featured_media":80374,"comment_status":"closed","ping_status":"closed","sticky":false,"template":"","format":"standard","meta":{"_monsterinsights_skip_tracking":false,"_monsterinsights_sitenote_active":false,"_monsterinsights_sitenote_note":"","_monsterinsights_sitenote_category":0,"footnotes":"","_links_to":"","_links_to_target":""},"categories":[8,9,1],"tags":[],"class_list":["post-80368","post","type-post","status-publish","format-standard","has-post-thumbnail","hentry","category-referendum","category-stronaglowna","category-wszystko"],"_links":{"self":[{"href":"https:\/\/www.24zabrze.pl\/wiadomosci\/wp-json\/wp\/v2\/posts\/80368","targetHints":{"allow":["GET"]}}],"collection":[{"href":"https:\/\/www.24zabrze.pl\/wiadomosci\/wp-json\/wp\/v2\/posts"}],"about":[{"href":"https:\/\/www.24zabrze.pl\/wiadomosci\/wp-json\/wp\/v2\/types\/post"}],"author":[{"embeddable":true,"href":"https:\/\/www.24zabrze.pl\/wiadomosci\/wp-json\/wp\/v2\/users\/4"}],"replies":[{"embeddable":true,"href":"https:\/\/www.24zabrze.pl\/wiadomosci\/wp-json\/wp\/v2\/comments?post=80368"}],"version-history":[{"count":6,"href":"https:\/\/www.24zabrze.pl\/wiadomosci\/wp-json\/wp\/v2\/posts\/80368\/revisions"}],"predecessor-version":[{"id":80376,"href":"https:\/\/www.24zabrze.pl\/wiadomosci\/wp-json\/wp\/v2\/posts\/80368\/revisions\/80376"}],"wp:featuredmedia":[{"embeddable":true,"href":"https:\/\/www.24zabrze.pl\/wiadomosci\/wp-json\/wp\/v2\/media\/80374"}],"wp:attachment":[{"href":"https:\/\/www.24zabrze.pl\/wiadomosci\/wp-json\/wp\/v2\/media?parent=80368"}],"wp:term":[{"taxonomy":"category","embeddable":true,"href":"https:\/\/www.24zabrze.pl\/wiadomosci\/wp-json\/wp\/v2\/categories?post=80368"},{"taxonomy":"post_tag","embeddable":true,"href":"https:\/\/www.24zabrze.pl\/wiadomosci\/wp-json\/wp\/v2\/tags?post=80368"}],"curies":[{"name":"wp","href":"https:\/\/api.w.org\/{rel}","templated":true}]}}