{"id":80294,"date":"2017-11-02T03:12:15","date_gmt":"2017-11-02T01:12:15","guid":{"rendered":"http:\/\/www.24zabrze.pl\/wiadomosci\/?p=80294"},"modified":"2017-11-16T20:15:02","modified_gmt":"2017-11-16T18:15:02","slug":"zima-bedzie-droga-wegiel-w-gore-o-25-koks-o-ponad-70-a-to-jeszcze-nie-koniec-podwyzek","status":"publish","type":"post","link":"https:\/\/www.24zabrze.pl\/wiadomosci\/zima-bedzie-droga-wegiel-w-gore-o-25-koks-o-ponad-70-a-to-jeszcze-nie-koniec-podwyzek\/","title":{"rendered":"Zima b\u0119dzie droga: w\u0119giel w g\u00f3r\u0119 o 25%, koks o ponad 70%. A to jeszcze nie koniec podwy\u017cek"},"content":{"rendered":"<div class=\"zabrz-a6-z-nad-leadem-artykulow zabrz-entity-placement\" id=\"zabrz-3549839551\"><div class=\"zabrz-adlabel\"><span style=\"font-size: 9px\">REKLAMA<\/span><\/div><div id=\"zabrz-996216378\" style=\"margin-bottom: 30px;margin-left: auto;margin-right: auto;text-align: center;\"><a data-no-instant=\"1\" href=\"https:\/\/dom100.eu\/\" rel=\"noopener\" class=\"a2t-link\" target=\"_blank\" aria-label=\"20260415 DOM100 D\"><img loading=\"lazy\" decoding=\"async\" src=\"https:\/\/www.24zabrze.pl\/wiadomosci\/wp-content\/uploads\/2026\/02\/20260415-DOM100-D.jpg\" alt=\"\"  srcset=\"https:\/\/www.24zabrze.pl\/wiadomosci\/wp-content\/uploads\/2026\/02\/20260415-DOM100-D.jpg 750w, https:\/\/www.24zabrze.pl\/wiadomosci\/wp-content\/uploads\/2026\/02\/20260415-DOM100-D-410x109.jpg 410w\" sizes=\"(max-width: 750px) 100vw, 750px\" class=\"no-lazyload\" width=\"750\" height=\"200\"  style=\"display: inline-block; max-width: 100%; height: auto;\" \/><\/a><\/div><\/div><h3>Podczas nadchodz\u0105cej zimy za ogrzewanie dom\u00f3w zap\u0142acimy znacznie wi\u0119cej ni\u017c w ubieg\u0142ym roku. Ceny w\u0119gla wzros\u0142y ju\u017c o kilkadziesi\u0105t procent i niestety wiele wskazuje na to, \u017ce to nie koniec podwy\u017cek.<\/h3>\n<p>Jeszcze wiosn\u0105 za ton\u0119 eko-groszku trzeba by\u0142o zap\u0142aci\u0107 700 z\u0142otych. Teraz ju\u017c 200 z\u0142otych wi\u0119cej. Podobny skok zanotowa\u0142y wszystkie rodzaje sprzedawanego opa\u0142u. Najbardziej w g\u00f3r\u0119 poszybowa\u0142 koks. Wiosn\u0105 tona tego paliwa kosztowa\u0142a 700 z\u0142otych, dzi\u015b ju\u017c 1200 z\u0142otych.<\/p><div class=\"zabrz-a3-z-w-tresci-artykulow zabrz-entity-placement\" id=\"zabrz-2426907628\"><div class=\"zabrz-adlabel\"><span style=\"font-size: 9px\">REKLAMA<\/span><\/div><div id=\"zabrz-2529255682\" style=\"margin-bottom: 40px;margin-left: auto;margin-right: auto;text-align: center;\"><a data-no-instant=\"1\" href=\"https:\/\/ogrodyandersa.pl\/\" rel=\"noopener\" class=\"a2t-link\" target=\"_blank\" aria-label=\"20260415 Ogrody Andersa WYBIERZ MIESZKANIE D\"><img loading=\"lazy\" decoding=\"async\" src=\"https:\/\/www.24zabrze.pl\/wiadomosci\/wp-content\/uploads\/2026\/02\/20260415-Ogrody-Andersa-WYBIERZ-MIESZKANIE-D.jpg\" alt=\"\"  srcset=\"https:\/\/www.24zabrze.pl\/wiadomosci\/wp-content\/uploads\/2026\/02\/20260415-Ogrody-Andersa-WYBIERZ-MIESZKANIE-D.jpg 750w, https:\/\/www.24zabrze.pl\/wiadomosci\/wp-content\/uploads\/2026\/02\/20260415-Ogrody-Andersa-WYBIERZ-MIESZKANIE-D-410x109.jpg 410w\" sizes=\"(max-width: 750px) 100vw, 750px\" class=\"no-lazyload\" width=\"750\" height=\"200\"  style=\"display: inline-block; max-width: 100%; height: auto;\" \/><\/a><\/div><\/div>\n<p>Gwa\u0142towne podwy\u017cki to wypadkowa kilku czynnik\u00f3w. Tym bezpo\u015brednim nast\u0119pstwem jest niewystarczaj\u0105ce wydobycie. W kopalniach po prostu brakuje w\u0119gla.<br \/>\n&#8211; Kiedy\u015b do sk\u0142adu dostarcza\u0142em dziennie minimum jedn\u0105 naczep\u0119 w\u0119gla (ok. 25 ton). Teraz to jedna b\u0105d\u017a dwie tygodniowo &#8211; m\u00f3wi nam <strong>Witold Og\u0142oza<\/strong>, w\u0142a\u015bciciel sk\u0142adu opa\u0142u przy ul. Kr\u00f3lewskiej Tamy.<\/p>\n<p>Jego zdaniem za wzrostem cen stoj\u0105 m.in. po\u015brednicy obracaj\u0105cy w\u0119glem, kt\u00f3rzy narzucaj\u0105 wysokie mar\u017ce. A mog\u0105 sobie na to pozwoli\u0107, bo deficyt czarnej ska\u0142y zmusza kupuj\u0105cych do wyk\u0142adania na licytacyjny st\u00f3\u0142 wy\u017cszych kwot. W konsekwencji, by biznes by\u0142 op\u0142acalny, cena w\u0119gla trafiaj\u0105cego do klienta detalicznego windowana jest w g\u00f3r\u0119.<\/p>\n<h4>Dlaczego w kopalniach jest za ma\u0142o w\u0119gla?<\/h4>\n<p>Zdaniem ekspert\u00f3w to wynik trudnej sytuacji finansowej bran\u017cy, kt\u00f3ra w ostatnich latach ograniczy\u0142a inwestycje, w tym otwieranie nowych \u015bcian wydobywczych. Ta stagnacja na\u0142o\u017cy\u0142a si\u0119 w tym roku z wej\u015bciem w \u017cycie uchwa\u0142y antysmogowej.  [perfectpullquote align=&#8221;full&#8221; cite=&#8221;&#8221; link=&#8221;&#8221; color=&#8221;&#8221; class=&#8221;&#8221; size=&#8221;&#8221;]W wojew\u00f3dztwie \u015bl\u0105skim wprowadzono zakaz sprzeda\u017cy mu\u0142\u00f3w i flot\u00f3w, czyli najbardziej szkodliwych dla \u015brodowiska paliw (ale jednocze\u015bnie najta\u0144szych). Szacuje si\u0119, \u017ce zakaz stworzy\u0142 luk\u0119 na ok. 500-600 tysi\u0119cy ton w\u0119gla.[\/perfectpullquote]\n<p>&#8211; Je\u017celi si\u0119 czego\u015b zabrania to w zamian trzeba co\u015b da\u0107 &#8211; komentuje Witold Og\u0142oza. &#8211; Wycofanie opa\u0142u najni\u017cszej jako\u015bci mog\u0142o nast\u0119powa\u0107 stopniowo i przy wzro\u015bcie wydobycia w\u0119gla wysokiej jako\u015bci. Nikt o tym nie pomy\u015bla\u0142, a ludzie czym\u015b grza\u0107 si\u0119 musz\u0105 &#8211; dodaje.<\/p>\n<p>Z kluczowym wp\u0142ywem nowych przepis\u00f3w na wzrost cen opa\u0142u nie zgadza si\u0119 natomiast <strong>Marek Wyszy\u0144ski<\/strong> z Gliwickiego Alarmu Smogowego.<\/p>\n<p>&#8211; W\u0119giel to paliwo podlegaj\u0105ce regu\u0142om wolnego rynku. W ostatnim czasie cena rynkowa w\u0119gla na gie\u0142dach europejskich wzros\u0142a o oko\u0142o 30%. Uchwa\u0142y antysmogowe w oczywisty spos\u00f3b nie s\u0105 w stanie wp\u0142ywa\u0107 na \u015bwiatow\u0105 cen\u0119 w\u0119gla &#8211; komentuje. &#8211; Zwi\u0119kszony popyt na w\u0119giel spowodowa\u0142 obni\u017cenie zapas\u00f3w w kopalniach i na sk\u0142adach. Sytuacja powinna by\u0107 tymczasowo rozwi\u0105zana poprzez zwi\u0119kszenie importu w\u0119gla, kt\u00f3ry jest na rynkach \u015bwiatowych zwykle ta\u0144szy od polskiego &#8211; dodaje.<\/p>\n<p>I rzeczywi\u015bcie, cho\u0107 zakrawa to o paradoks, skupuj\u0105cy w\u0119giel na \u015al\u0105sku obecnie rozwa\u017caj\u0105 jego zakup na Ukrainie b\u0105d\u017a Rosji. Cz\u0119\u015b\u0107 z nich pono\u0107 podj\u0119\u0142a ju\u017c takie kroki. Jest wi\u0119c prawdopodobne, \u017ce w Gliwicach zim\u0105 b\u0119dziemy pali\u0107 w\u0119glem zza naszej wschodniej granicy. Prawdopodobnie b\u0119dzie te\u017c jeszcze znacznie dro\u017cej. Wed\u0142ug prognoz w szczycie sezonu grzewczego cena za &#8220;orzecha&#8221; mo\u017ce si\u0119gn\u0105\u0107 nawet 1100 z\u0142otych za ton\u0119.<\/p>\n<p><strong>Micha\u0142 Szewczyk<\/strong><\/p>\n","protected":false},"excerpt":{"rendered":"<p>Podczas nadchodz\u0105cej zimy za ogrzewanie dom\u00f3w zap\u0142acimy znacznie wi\u0119cej ni\u017c w ubieg\u0142ym roku. Ceny w\u0119gla wzros\u0142y ju\u017c o kilkadziesi\u0105t procent i niestety wiele wskazuje na to, \u017ce to nie koniec podwy\u017cek. Jeszcze wiosn\u0105 za ton\u0119 eko-groszku trzeba by\u0142o zap\u0142aci\u0107 700 z\u0142otych. Teraz ju\u017c 200 z\u0142otych wi\u0119cej. Podobny skok zanotowa\u0142y wszystkie rodzaje sprzedawanego opa\u0142u. Najbardziej w [&hellip;]<\/p>\n","protected":false},"author":4,"featured_media":80296,"comment_status":"closed","ping_status":"closed","sticky":false,"template":"","format":"standard","meta":{"_monsterinsights_skip_tracking":false,"_monsterinsights_sitenote_active":false,"_monsterinsights_sitenote_note":"","_monsterinsights_sitenote_category":0,"footnotes":"","_links_to":"","_links_to_target":""},"categories":[8,9,1],"tags":[],"class_list":["post-80294","post","type-post","status-publish","format-standard","has-post-thumbnail","hentry","category-referendum","category-stronaglowna","category-wszystko"],"_links":{"self":[{"href":"https:\/\/www.24zabrze.pl\/wiadomosci\/wp-json\/wp\/v2\/posts\/80294","targetHints":{"allow":["GET"]}}],"collection":[{"href":"https:\/\/www.24zabrze.pl\/wiadomosci\/wp-json\/wp\/v2\/posts"}],"about":[{"href":"https:\/\/www.24zabrze.pl\/wiadomosci\/wp-json\/wp\/v2\/types\/post"}],"author":[{"embeddable":true,"href":"https:\/\/www.24zabrze.pl\/wiadomosci\/wp-json\/wp\/v2\/users\/4"}],"replies":[{"embeddable":true,"href":"https:\/\/www.24zabrze.pl\/wiadomosci\/wp-json\/wp\/v2\/comments?post=80294"}],"version-history":[{"count":2,"href":"https:\/\/www.24zabrze.pl\/wiadomosci\/wp-json\/wp\/v2\/posts\/80294\/revisions"}],"predecessor-version":[{"id":80297,"href":"https:\/\/www.24zabrze.pl\/wiadomosci\/wp-json\/wp\/v2\/posts\/80294\/revisions\/80297"}],"wp:featuredmedia":[{"embeddable":true,"href":"https:\/\/www.24zabrze.pl\/wiadomosci\/wp-json\/wp\/v2\/media\/80296"}],"wp:attachment":[{"href":"https:\/\/www.24zabrze.pl\/wiadomosci\/wp-json\/wp\/v2\/media?parent=80294"}],"wp:term":[{"taxonomy":"category","embeddable":true,"href":"https:\/\/www.24zabrze.pl\/wiadomosci\/wp-json\/wp\/v2\/categories?post=80294"},{"taxonomy":"post_tag","embeddable":true,"href":"https:\/\/www.24zabrze.pl\/wiadomosci\/wp-json\/wp\/v2\/tags?post=80294"}],"curies":[{"name":"wp","href":"https:\/\/api.w.org\/{rel}","templated":true}]}}