{"id":79816,"date":"2017-07-04T21:40:22","date_gmt":"2017-07-04T19:40:22","guid":{"rendered":"http:\/\/www.24zabrze.pl\/wiadomosci\/?p=79816"},"modified":"2017-07-04T21:40:22","modified_gmt":"2017-07-04T19:40:22","slug":"rekultywacja-rzeki-bytomki-udalo-sie-pozyskac-80-tysiecy-na-przygotowanie-ekspertyzy","status":"publish","type":"post","link":"https:\/\/www.24zabrze.pl\/wiadomosci\/rekultywacja-rzeki-bytomki-udalo-sie-pozyskac-80-tysiecy-na-przygotowanie-ekspertyzy\/","title":{"rendered":"Rekultywacja rzeki Bytomki. Uda\u0142o si\u0119 pozyska\u0107 80 tysi\u0119cy na przygotowanie ekspertyzy"},"content":{"rendered":"<div class=\"zabrz-a6-z-nad-leadem-artykulow zabrz-entity-placement\" id=\"zabrz-2495558116\"><div class=\"zabrz-adlabel\"><span style=\"font-size: 9px\">REKLAMA<\/span><\/div><div id=\"zabrz-865052573\" style=\"margin-bottom: 30px;margin-left: auto;margin-right: auto;text-align: center;\"><a data-no-instant=\"1\" href=\"https:\/\/dom100.eu\/\" rel=\"noopener\" class=\"a2t-link\" target=\"_blank\" aria-label=\"20260415 DOM100 D\"><img loading=\"lazy\" decoding=\"async\" src=\"https:\/\/www.24zabrze.pl\/wiadomosci\/wp-content\/uploads\/2026\/02\/20260415-DOM100-D.jpg\" alt=\"\"  srcset=\"https:\/\/www.24zabrze.pl\/wiadomosci\/wp-content\/uploads\/2026\/02\/20260415-DOM100-D.jpg 750w, https:\/\/www.24zabrze.pl\/wiadomosci\/wp-content\/uploads\/2026\/02\/20260415-DOM100-D-410x109.jpg 410w\" sizes=\"(max-width: 750px) 100vw, 750px\" class=\"no-lazyload\" width=\"750\" height=\"200\"  style=\"display: inline-block; max-width: 100%; height: auto;\" \/><\/a><\/div><\/div><h4>Zabrza\u0144scy urz\u0119dnicy pozyskali z Wojew\u00f3dzkiego Funduszu Ochrony \u015arodowiska i Gospodarki Wodnej w Katowicach dofinansowanie dla przygotowania ekspertyzy do projektu poprawy stanu ekologicznego oraz ochrony w\u00f3d powierzchniowych.<\/h4>\n<p>Projekt dotyczy rekultywacji rzeki Bytomki. Jego celem jest okre\u015blenie stanu wody pod wzgl\u0119dem wska\u017anik\u00f3w istotnych dla rewitalizacji, a tak\u017ce wykonanie bada\u0144 technologicznych maj\u0105cych ustali\u0107 mo\u017cliwo\u015b\u0107 wdro\u017cenia przedsi\u0119wzi\u0119\u0107 zmierzaj\u0105cych do poprawy jako\u015bci wody w Bytomce. Dotyczy to r\u00f3wnie\u017c usuni\u0119cia lub unieszkodliwiania osad\u00f3w na dnie rzeki. Projekt ma by\u0107 dofinansowany do kwoty 80.000 z\u0142.<\/p><div class=\"zabrz-a3-z-w-tresci-artykulow zabrz-entity-placement\" id=\"zabrz-2238663860\"><div class=\"zabrz-adlabel\"><span style=\"font-size: 9px\">REKLAMA<\/span><\/div><div id=\"zabrz-4230669480\" style=\"margin-bottom: 40px;margin-left: auto;margin-right: auto;text-align: center;\"><a data-no-instant=\"1\" href=\"https:\/\/ogrodyandersa.pl\/\" rel=\"noopener\" class=\"a2t-link\" target=\"_blank\" aria-label=\"20260415 Ogrody Andersa WYBIERZ MIESZKANIE D\"><img loading=\"lazy\" decoding=\"async\" src=\"https:\/\/www.24zabrze.pl\/wiadomosci\/wp-content\/uploads\/2026\/02\/20260415-Ogrody-Andersa-WYBIERZ-MIESZKANIE-D.jpg\" alt=\"\"  srcset=\"https:\/\/www.24zabrze.pl\/wiadomosci\/wp-content\/uploads\/2026\/02\/20260415-Ogrody-Andersa-WYBIERZ-MIESZKANIE-D.jpg 750w, https:\/\/www.24zabrze.pl\/wiadomosci\/wp-content\/uploads\/2026\/02\/20260415-Ogrody-Andersa-WYBIERZ-MIESZKANIE-D-410x109.jpg 410w\" sizes=\"(max-width: 750px) 100vw, 750px\" class=\"no-lazyload\" width=\"750\" height=\"200\"  style=\"display: inline-block; max-width: 100%; height: auto;\" \/><\/a><\/div><\/div>\n<p>&#8211; Dla efektywnej realizacji zada\u0144 zwi\u0105zanych z ochron\u0105 przyrody niezb\u0119dne jest posiadanie precyzyjnych informacji o stanie \u015brodowiska naturalnego. Dlatego projekt ma tak istotne znaczenie dla kolejnych dzia\u0142a\u0144 proekologicznych &#8211; podkre\u015bla <strong>Ma\u0142gorzata Ma\u0144ka-Szulik<\/strong>, prezydent Zabrza. (WKS)<\/p>\n","protected":false},"excerpt":{"rendered":"<p>Zabrza\u0144scy urz\u0119dnicy pozyskali z Wojew\u00f3dzkiego Funduszu Ochrony \u015arodowiska i Gospodarki Wodnej w Katowicach dofinansowanie dla przygotowania ekspertyzy do projektu poprawy stanu ekologicznego oraz ochrony w\u00f3d powierzchniowych. Projekt dotyczy rekultywacji rzeki Bytomki. Jego celem jest okre\u015blenie stanu wody pod wzgl\u0119dem wska\u017anik\u00f3w istotnych dla rewitalizacji, a tak\u017ce wykonanie bada\u0144 technologicznych maj\u0105cych ustali\u0107 mo\u017cliwo\u015b\u0107 wdro\u017cenia przedsi\u0119wzi\u0119\u0107 zmierzaj\u0105cych do [&hellip;]<\/p>\n","protected":false},"author":4,"featured_media":79818,"comment_status":"closed","ping_status":"closed","sticky":false,"template":"","format":"standard","meta":{"_monsterinsights_skip_tracking":false,"_monsterinsights_sitenote_active":false,"_monsterinsights_sitenote_note":"","_monsterinsights_sitenote_category":0,"footnotes":"","_links_to":"","_links_to_target":""},"categories":[8,1],"tags":[],"class_list":["post-79816","post","type-post","status-publish","format-standard","has-post-thumbnail","hentry","category-referendum","category-wszystko"],"_links":{"self":[{"href":"https:\/\/www.24zabrze.pl\/wiadomosci\/wp-json\/wp\/v2\/posts\/79816","targetHints":{"allow":["GET"]}}],"collection":[{"href":"https:\/\/www.24zabrze.pl\/wiadomosci\/wp-json\/wp\/v2\/posts"}],"about":[{"href":"https:\/\/www.24zabrze.pl\/wiadomosci\/wp-json\/wp\/v2\/types\/post"}],"author":[{"embeddable":true,"href":"https:\/\/www.24zabrze.pl\/wiadomosci\/wp-json\/wp\/v2\/users\/4"}],"replies":[{"embeddable":true,"href":"https:\/\/www.24zabrze.pl\/wiadomosci\/wp-json\/wp\/v2\/comments?post=79816"}],"version-history":[{"count":3,"href":"https:\/\/www.24zabrze.pl\/wiadomosci\/wp-json\/wp\/v2\/posts\/79816\/revisions"}],"predecessor-version":[{"id":79820,"href":"https:\/\/www.24zabrze.pl\/wiadomosci\/wp-json\/wp\/v2\/posts\/79816\/revisions\/79820"}],"wp:featuredmedia":[{"embeddable":true,"href":"https:\/\/www.24zabrze.pl\/wiadomosci\/wp-json\/wp\/v2\/media\/79818"}],"wp:attachment":[{"href":"https:\/\/www.24zabrze.pl\/wiadomosci\/wp-json\/wp\/v2\/media?parent=79816"}],"wp:term":[{"taxonomy":"category","embeddable":true,"href":"https:\/\/www.24zabrze.pl\/wiadomosci\/wp-json\/wp\/v2\/categories?post=79816"},{"taxonomy":"post_tag","embeddable":true,"href":"https:\/\/www.24zabrze.pl\/wiadomosci\/wp-json\/wp\/v2\/tags?post=79816"}],"curies":[{"name":"wp","href":"https:\/\/api.w.org\/{rel}","templated":true}]}}