{"id":79689,"date":"2017-06-07T13:29:51","date_gmt":"2017-06-07T11:29:51","guid":{"rendered":"http:\/\/www.24zabrze.pl\/wiadomosci\/?p=79689"},"modified":"2017-06-11T13:38:33","modified_gmt":"2017-06-11T11:38:33","slug":"w-styczniu-z-sukcesem-rzucilem-palenie-prezydent-andrzej-duda-w-zabrzu","status":"publish","type":"post","link":"https:\/\/www.24zabrze.pl\/wiadomosci\/w-styczniu-z-sukcesem-rzucilem-palenie-prezydent-andrzej-duda-w-zabrzu\/","title":{"rendered":"&#8220;(&#8230;) W styczniu z sukcesem rzuci\u0142em palenie&#8221;. Prezydent Andrzej Duda w Zabrzu"},"content":{"rendered":"<div class=\"zabrz-a6-z-nad-leadem-artykulow zabrz-entity-placement\" id=\"zabrz-3227143618\"><div class=\"zabrz-adlabel\"><span style=\"font-size: 9px\">REKLAMA<\/span><\/div><div id=\"zabrz-3421587538\" style=\"margin-bottom: 30px;margin-left: auto;margin-right: auto;text-align: center;\"><a data-no-instant=\"1\" href=\"https:\/\/dom100.eu\/\" rel=\"noopener\" class=\"a2t-link\" target=\"_blank\" aria-label=\"20260415 DOM100 D\"><img loading=\"lazy\" decoding=\"async\" src=\"https:\/\/www.24zabrze.pl\/wiadomosci\/wp-content\/uploads\/2026\/02\/20260415-DOM100-D.jpg\" alt=\"\"  srcset=\"https:\/\/www.24zabrze.pl\/wiadomosci\/wp-content\/uploads\/2026\/02\/20260415-DOM100-D.jpg 750w, https:\/\/www.24zabrze.pl\/wiadomosci\/wp-content\/uploads\/2026\/02\/20260415-DOM100-D-410x109.jpg 410w\" sizes=\"(max-width: 750px) 100vw, 750px\" class=\"no-lazyload\" width=\"750\" height=\"200\"  style=\"display: inline-block; max-width: 100%; height: auto;\" \/><\/a><\/div><\/div><h4>Prezydent Rzeczypospolitej Polskiej Andrzej Duda ju\u017c drugi raz w trakcie swojej kadencji odwiedzi\u0142 Zabrze. Tym razem g\u0142\u00f3wnym powodem wizyty w naszym mie\u015bcie by\u0142 jubileusz 30-lecia inwazyjnego leczenia zawa\u0142u serca obchodzony w ramach XXIV Mi\u0119dzynarodowej Konferencji Kardiologicznej. <\/h4>\n<p>W \u015al\u0105skim Centrum Chor\u00f3b Serca prezydenta RP Andrzeja Dud\u0119 przywitali m.in.: wojewoda \u015bl\u0105ski <strong>Jaros\u0142aw Wieczorek<\/strong>, prezydent Zabrza <strong>Ma\u0142gorzata Ma\u0144ka-Szulik<\/strong>, <strong>prof. Marian Zembala<\/strong> oraz <strong>prof. Mariusz G\u0105sior<\/strong>.<\/p><div class=\"zabrz-a3-z-w-tresci-artykulow zabrz-entity-placement\" id=\"zabrz-1970488399\"><div class=\"zabrz-adlabel\"><span style=\"font-size: 9px\">REKLAMA<\/span><\/div><div id=\"zabrz-4007453458\" style=\"margin-bottom: 40px;margin-left: auto;margin-right: auto;text-align: center;\"><a data-no-instant=\"1\" href=\"https:\/\/ogrodyandersa.pl\/\" rel=\"noopener\" class=\"a2t-link\" target=\"_blank\" aria-label=\"20260415 Ogrody Andersa WYBIERZ MIESZKANIE D\"><img loading=\"lazy\" decoding=\"async\" src=\"https:\/\/www.24zabrze.pl\/wiadomosci\/wp-content\/uploads\/2026\/02\/20260415-Ogrody-Andersa-WYBIERZ-MIESZKANIE-D.jpg\" alt=\"\"  srcset=\"https:\/\/www.24zabrze.pl\/wiadomosci\/wp-content\/uploads\/2026\/02\/20260415-Ogrody-Andersa-WYBIERZ-MIESZKANIE-D.jpg 750w, https:\/\/www.24zabrze.pl\/wiadomosci\/wp-content\/uploads\/2026\/02\/20260415-Ogrody-Andersa-WYBIERZ-MIESZKANIE-D-410x109.jpg 410w\" sizes=\"(max-width: 750px) 100vw, 750px\" class=\"no-lazyload\" width=\"750\" height=\"200\"  style=\"display: inline-block; max-width: 100%; height: auto;\" \/><\/a><\/div><\/div>\n<blockquote><p>&#8211; Jestem pa\u0144stwu ogromnie wdzi\u0119czny za to, \u017ce wyprowadzili\u015bcie polsk\u0105 kardiologi\u0119 na absolutnie zachodnioeuropejski poziom<\/p><\/blockquote>\n<p> \u2013 podkre\u015bla\u0142 prezydent RP podczas spotkania z kardiologami. &#8211; Jestem tutaj, jako Prezydent Rzeczypospolitej Polskiej, \u017ceby powiedzie\u0107 pa\u0144stwu \u201edzi\u0119kuj\u0119\u201d. Dzi\u0119kuj\u0119 w imieniu Rzeczypospolitej, dzi\u0119kuj\u0119 w imieniu naszych rodak\u00f3w, bo ta wielka historia polskiej kardiologii ratuj\u0105cej \u017cycie musi robi\u0107 wra\u017cenie.<\/p>\n<p>Zaznaczy\u0142, \u017ce potrzebne s\u0105 zmiany, kt\u00f3re umo\u017cliwi\u0105 nadrobienie dystansu do Europy w innych dziedzinach. Zapewni\u0142, \u017ce b\u0119dzie wspiera\u0142 dzia\u0142ania na rzecz poprawy systemu ochrony zdrowia i wspiera\u0142 akcje promuj\u0105ce zdrowy styl \u017cycia. O\u015bwiadczy\u0142, \u017ce sam od stycznia nie pali papieros\u00f3w.<\/p>\n<blockquote><p>&#8211; U\u015bmiecham si\u0119 pod nosem, bo ja prosz\u0119 pa\u0144stwa jeszcze kilka miesi\u0119cy temu by\u0142em palaczem, ale w\u0142a\u015bnie dzia\u0142alno\u015b\u0107 niekt\u00f3rych spo\u015br\u00f3d pa\u0144stwa doprowadzi\u0142a do tego, \u017ce w styczniu z sukcesem palenie rzuci\u0142em<\/p><\/blockquote>\n<p> &#8211; o\u015bwiadczy\u0142 prezydent. Doda\u0142, \u017ce rzucenie palenia uda\u0142o si\u0119 m.in. dzi\u0119ki profesorowi Grzegorzowi Gierelakowi, kt\u00f3ry dba o jego zdrowie.<\/p>\n<p>Zabrza\u0144ski o\u015brodek \u015bwi\u0119tuje w\u0142a\u015bnie jubileusz 30-lecia inwazyjnego modelu leczenia zawa\u0142u serca. Wprowadzenie w 1987 r. w Zabrzu &#8211; jednym z pierwszych o\u015brodk\u00f3w w Europie &#8211; tego nowego sposobu leczenia by\u0142o prze\u0142omem i przyczyni\u0142o si\u0119 do zasadniczego zmniejszenia \u015bmiertelno\u015bci i inwalidztwa Polak\u00f3w. Inwazyjny model leczenia zawa\u0142u serca opiera si\u0119 na dobrej organizacji systemu i specjalistach &#8211; chory ma jak najszybciej trafi\u0107 do o\u015brodka kardiologii inwazyjnej, gdzie przechodzi zabieg z wykorzystaniem cewnika naczyniowego. Lekarze udro\u017cniaj\u0105 za jego pomoc\u0105 zamkni\u0119te z powodu mia\u017cd\u017cycy naczynia, wprowadzaj\u0105 te\u017c stenty, wzmacniaj\u0105ce naczynia w miejscu zw\u0119\u017ce\u0144, czasem r\u00f3wnie\u017c uwalniaj\u0105ce leki. Wypracowany w Zabrzu model leczenia dzi\u0119ki znakomitym wynikom upowszechni\u0142 si\u0119 p\u00f3\u017aniej w ca\u0142ym kraju.<\/p>\n<p>Jak podkre\u015blaj\u0105 zabrza\u0144scy specjali\u015bci, dalszy post\u0119p w ratowaniu chorych z zawa\u0142em serca powinien polega\u0107 na skr\u00f3ceniu czasu od wyst\u0105pienia pierwszych objaw\u00f3w b\u00f3lu zawa\u0142owego do zastosowania leczenia. Pomimo tego, \u017ce czas ten uleg\u0142 skr\u00f3ceniu w ostatniej dekadzie, to nadal pozostaje on zbyt d\u0142ugi. St\u0105d pomys\u0142 przeprowadzenia og\u00f3lnopolskiej kampanii &#8220;Zawa\u0142 serca &#8211; czas to \u017cycie&#8221;, kt\u00f3r\u0105 swoim honorowym patronatem obj\u0119\u0142a ma\u0142\u017conka prezydenta RP Agata Kornhauser-Duda.<\/p>\n<p>Poprzednio Andrzej Duda go\u015bci\u0142 w Zabrzu w listopadzie ubieg\u0142ego roku, kiedy to z\u0142o\u017cy\u0142 kwiaty pod pomnikiem powsta\u0144c\u00f3w \u015bl\u0105skich, a tak\u017ce spotka\u0142 si\u0119 z mieszka\u0144cami w hali Miejskiego O\u015brodka Sportu i Rekreacji. (WKS)<\/p>\n","protected":false},"excerpt":{"rendered":"<p>Prezydent Rzeczypospolitej Polskiej Andrzej Duda ju\u017c drugi raz w trakcie swojej kadencji odwiedzi\u0142 Zabrze. Tym razem g\u0142\u00f3wnym powodem wizyty w naszym mie\u015bcie by\u0142 jubileusz 30-lecia inwazyjnego leczenia zawa\u0142u serca obchodzony w ramach XXIV Mi\u0119dzynarodowej Konferencji Kardiologicznej. W \u015al\u0105skim Centrum Chor\u00f3b Serca prezydenta RP Andrzeja Dud\u0119 przywitali m.in.: wojewoda \u015bl\u0105ski Jaros\u0142aw Wieczorek, prezydent Zabrza Ma\u0142gorzata Ma\u0144ka-Szulik, [&hellip;]<\/p>\n","protected":false},"author":4,"featured_media":79693,"comment_status":"closed","ping_status":"closed","sticky":false,"template":"","format":"standard","meta":{"_monsterinsights_skip_tracking":false,"_monsterinsights_sitenote_active":false,"_monsterinsights_sitenote_note":"","_monsterinsights_sitenote_category":0,"footnotes":"","_links_to":"","_links_to_target":""},"categories":[8,9,1],"tags":[],"class_list":["post-79689","post","type-post","status-publish","format-standard","has-post-thumbnail","hentry","category-referendum","category-stronaglowna","category-wszystko"],"_links":{"self":[{"href":"https:\/\/www.24zabrze.pl\/wiadomosci\/wp-json\/wp\/v2\/posts\/79689","targetHints":{"allow":["GET"]}}],"collection":[{"href":"https:\/\/www.24zabrze.pl\/wiadomosci\/wp-json\/wp\/v2\/posts"}],"about":[{"href":"https:\/\/www.24zabrze.pl\/wiadomosci\/wp-json\/wp\/v2\/types\/post"}],"author":[{"embeddable":true,"href":"https:\/\/www.24zabrze.pl\/wiadomosci\/wp-json\/wp\/v2\/users\/4"}],"replies":[{"embeddable":true,"href":"https:\/\/www.24zabrze.pl\/wiadomosci\/wp-json\/wp\/v2\/comments?post=79689"}],"version-history":[{"count":4,"href":"https:\/\/www.24zabrze.pl\/wiadomosci\/wp-json\/wp\/v2\/posts\/79689\/revisions"}],"predecessor-version":[{"id":79694,"href":"https:\/\/www.24zabrze.pl\/wiadomosci\/wp-json\/wp\/v2\/posts\/79689\/revisions\/79694"}],"wp:featuredmedia":[{"embeddable":true,"href":"https:\/\/www.24zabrze.pl\/wiadomosci\/wp-json\/wp\/v2\/media\/79693"}],"wp:attachment":[{"href":"https:\/\/www.24zabrze.pl\/wiadomosci\/wp-json\/wp\/v2\/media?parent=79689"}],"wp:term":[{"taxonomy":"category","embeddable":true,"href":"https:\/\/www.24zabrze.pl\/wiadomosci\/wp-json\/wp\/v2\/categories?post=79689"},{"taxonomy":"post_tag","embeddable":true,"href":"https:\/\/www.24zabrze.pl\/wiadomosci\/wp-json\/wp\/v2\/tags?post=79689"}],"curies":[{"name":"wp","href":"https:\/\/api.w.org\/{rel}","templated":true}]}}